{"id":382296,"date":"2025-08-29T16:50:15","date_gmt":"2025-08-29T16:50:15","guid":{"rendered":"https:\/\/www.europesays.com\/de\/382296\/"},"modified":"2025-08-29T16:50:15","modified_gmt":"2025-08-29T16:50:15","slug":"ein-schuetzenzug-als-geschenk-fuers-koenigspaar-2025-in-glehn","status":"publish","type":"post","link":"https:\/\/www.europesays.com\/de\/382296\/","title":{"rendered":"Ein Sch\u00fctzenzug als Geschenk f\u00fcrs K\u00f6nigspaar 2025 in Glehn"},"content":{"rendered":"<p class=\"text_ohne_einzug richtext text-em-55 !leading-serif mx-6 desktop:mx-0\"> Die Glehner Sch\u00fctzen sind ein stolzer Verein. In diesem Jahr sind sie aber noch ein wenig stolzer. Hans-Dieter Breuer, zweiter Schatzmeister des Sch\u00fctzen- und Heimatvereins Glehn, nennt den Grund: \u201eWir haben drei neue Sch\u00fctzenz\u00fcge. Das ist alles andere als eine Selbstverst\u00e4ndlichkeit.\u201c W\u00e4hrend manche Vereine r\u00fcckl\u00e4ufige Zahlen h\u00e4tten, \u201esteigen sie bei uns\u201c, sagt er.<\/p>\n","protected":false},"excerpt":{"rendered":"Die Glehner Sch\u00fctzen sind ein stolzer Verein. In diesem Jahr sind sie aber noch ein wenig stolzer. Hans-Dieter&hellip;\n","protected":false},"author":2,"featured_media":382297,"comment_status":"","ping_status":"","sticky":false,"template":"","format":"standard","meta":{"footnotes":"","_share_on_mastodon":"0"},"categories":[1849],"tags":[3364,29,548,663,3934,30,36081,13,4455,14,15,1209,12],"class_list":["post-382296","post","type-post","status-publish","format-standard","has-post-thumbnail","category-moenchengladbach","tag-de","tag-deutschland","tag-eu","tag-europa","tag-europe","tag-germany","tag-glehn","tag-headlines","tag-moenchengladbach","tag-nachrichten","tag-news","tag-nordrhein-westfalen","tag-schlagzeilen"],"share_on_mastodon":{"url":"https:\/\/pubeurope.com\/@de\/115113087713031616","error":""},"_links":{"self":[{"href":"https:\/\/www.europesays.com\/de\/wp-json\/wp\/v2\/posts\/382296","targetHints":{"allow":["GET"]}}],"collection":[{"href":"https:\/\/www.europesays.com\/de\/wp-json\/wp\/v2\/posts"}],"about":[{"href":"https:\/\/www.europesays.com\/de\/wp-json\/wp\/v2\/types\/post"}],"author":[{"embeddable":true,"href":"https:\/\/www.europesays.com\/de\/wp-json\/wp\/v2\/users\/2"}],"replies":[{"embeddable":true,"href":"https:\/\/www.europesays.com\/de\/wp-json\/wp\/v2\/comments?post=382296"}],"version-history":[{"count":0,"href":"https:\/\/www.europesays.com\/de\/wp-json\/wp\/v2\/posts\/382296\/revisions"}],"wp:featuredmedia":[{"embeddable":true,"href":"https:\/\/www.europesays.com\/de\/wp-json\/wp\/v2\/media\/382297"}],"wp:attachment":[{"href":"https:\/\/www.europesays.com\/de\/wp-json\/wp\/v2\/media?parent=382296"}],"wp:term":[{"taxonomy":"category","embeddable":true,"href":"https:\/\/www.europesays.com\/de\/wp-json\/wp\/v2\/categories?post=382296"},{"taxonomy":"post_tag","embeddable":true,"href":"https:\/\/www.europesays.com\/de\/wp-json\/wp\/v2\/tags?post=382296"}],"curies":[{"name":"wp","href":"https:\/\/api.w.org\/{rel}","templated":true}]}}