{"id":382326,"date":"2025-08-29T17:06:13","date_gmt":"2025-08-29T17:06:13","guid":{"rendered":"https:\/\/www.europesays.com\/de\/382326\/"},"modified":"2025-08-29T17:06:13","modified_gmt":"2025-08-29T17:06:13","slug":"moskau-eroberungen-in-der-ukraine-gewinnen-an-tempo","status":"publish","type":"post","link":"https:\/\/www.europesays.com\/de\/382326\/","title":{"rendered":"Moskau: Eroberungen in der Ukraine gewinnen an Tempo"},"content":{"rendered":"<p>Russland schlie\u00dft ein Treffen von Pr\u00e4sident Wladimir Putin mit seinem ukrainischen Kollegen Wolodymyr Selenskyj f\u00fcr eine friedliche L\u00f6sung des Ukraine-Konflikts nach Kremlangaben weiterhin nicht aus. &#8222;Putin (&#8230;) ist jedoch der Ansicht, dass jedes Treffen auf h\u00f6chster Ebene gut vorbereitet sein muss, damit die Ergebnisse, die zuvor auf Expertenebene erzielt wurden, endg\u00fcltig festgelegt werden k\u00f6nnen&#8220;, sagt Kremlsprecher Dmitri Peskow russischen Nachrichtenagenturen zufolge. Bisher sei es aber nicht so, dass die Arbeit auf Expertenebene &#8222;brodelt&#8220;.<\/p>\n<p>Peskow reagiert damit auf \u00c4u\u00dferungen von Kanzler Friedrich Merz (CDU), der am Donnerstag erkl\u00e4rt hatte, dass er ein solches Treffen derzeit nicht erwarte. US-Pr\u00e4sident Donald Trump hatte bei einem Treffen mit Selenskyj, Merz und anderen Europ\u00e4ern im Wei\u00dfen Haus am Montag voriger Woche gesagt, dass es eine solche Begegnung binnen zwei Wochen geben k\u00f6nne.<\/p>\n","protected":false},"excerpt":{"rendered":"Russland schlie\u00dft ein Treffen von Pr\u00e4sident Wladimir Putin mit seinem ukrainischen Kollegen Wolodymyr Selenskyj f\u00fcr eine friedliche L\u00f6sung&hellip;\n","protected":false},"author":2,"featured_media":382327,"comment_status":"","ping_status":"","sticky":false,"template":"","format":"standard","meta":{"footnotes":""},"categories":[4012],"tags":[331,332,13,14,15,12,317],"class_list":{"0":"post-382326","1":"post","2":"type-post","3":"status-publish","4":"format-standard","5":"has-post-thumbnail","7":"category-ukraine","8":"tag-aktuelle-nachrichten","9":"tag-aktuelle-news","10":"tag-headlines","11":"tag-nachrichten","12":"tag-news","13":"tag-schlagzeilen","14":"tag-ukraine"},"share_on_mastodon":{"url":"https:\/\/pubeurope.com\/@de\/115113150626398164","error":""},"_links":{"self":[{"href":"https:\/\/www.europesays.com\/de\/wp-json\/wp\/v2\/posts\/382326","targetHints":{"allow":["GET"]}}],"collection":[{"href":"https:\/\/www.europesays.com\/de\/wp-json\/wp\/v2\/posts"}],"about":[{"href":"https:\/\/www.europesays.com\/de\/wp-json\/wp\/v2\/types\/post"}],"author":[{"embeddable":true,"href":"https:\/\/www.europesays.com\/de\/wp-json\/wp\/v2\/users\/2"}],"replies":[{"embeddable":true,"href":"https:\/\/www.europesays.com\/de\/wp-json\/wp\/v2\/comments?post=382326"}],"version-history":[{"count":0,"href":"https:\/\/www.europesays.com\/de\/wp-json\/wp\/v2\/posts\/382326\/revisions"}],"wp:featuredmedia":[{"embeddable":true,"href":"https:\/\/www.europesays.com\/de\/wp-json\/wp\/v2\/media\/382327"}],"wp:attachment":[{"href":"https:\/\/www.europesays.com\/de\/wp-json\/wp\/v2\/media?parent=382326"}],"wp:term":[{"taxonomy":"category","embeddable":true,"href":"https:\/\/www.europesays.com\/de\/wp-json\/wp\/v2\/categories?post=382326"},{"taxonomy":"post_tag","embeddable":true,"href":"https:\/\/www.europesays.com\/de\/wp-json\/wp\/v2\/tags?post=382326"}],"curies":[{"name":"wp","href":"https:\/\/api.w.org\/{rel}","templated":true}]}}