{"id":382351,"date":"2025-08-29T17:20:17","date_gmt":"2025-08-29T17:20:17","guid":{"rendered":"https:\/\/www.europesays.com\/de\/382351\/"},"modified":"2025-08-29T17:20:17","modified_gmt":"2025-08-29T17:20:17","slug":"caspar-jander-wechselt-fuer-millionensumme-nach-southampton","status":"publish","type":"post","link":"https:\/\/www.europesays.com\/de\/382351\/","title":{"rendered":"Caspar Jander wechselt f\u00fcr Millionensumme nach Southampton"},"content":{"rendered":"<p>Abgang nach nur einem Jahr <\/p>\n<p>Club-Profi wechselt f\u00fcr Millionensumme nach England<\/p>\n<p>29.08.2025 &#8211; 18:39 UhrLesedauer: 2 Min.<\/p>\n<p><a href=\"#focus-0\" class=\"transition-colors duration-200 focus-within:text-magenta block text-current relative\" data-sctrack=\"FocusGalleryImage.Reference\"><img fetchpriority=\"high\" data-testid=\"Opener.Image\" style=\"--lqipURL:url('https:\/\/images.t-online.de\/2025\/08\/0AamQxNF8Ld8\/0x208:4000x2250\/fit-in\/150x0\/filters:blur(25)\/caspar-jander-im-trikot-des-1-fc-nuernberg.jpg')\"   loading=\"eager\" src=\"https:\/\/www.europesays.com\/de\/wp-content\/uploads\/2025\/08\/caspar-jander-im-trikot-des-1-fc-nuernberg.jpg\" alt=\"Caspar Jander im Trikot des 1. FC N\u00fcrnberg:\" title=\"Caspar Jander im Trikot des 1. FC N\u00fcrnberg:\" width=\"4000\" height=\"2250\" class=\"bg-[url:var(--lqipURL)] bg-cover bg-center flex h-full w-full max-w-full\" decoding=\"async\"\/><img style=\"--width:32;--height:32\" loading=\"lazy\" src=\"https:\/\/www.t-online.de\/s\/paper\/_next\/static\/media\/zoom-in.f7dae02f.svg\" alt=\"Vergr\u00f6\u00dfern des Bildes\" title=\"Vergr\u00f6\u00dfern des Bildes\" class=\"block h-[calc(var(--height)_\/_16_*_1rem)] w-[calc(var(--width)_\/_16_*_1rem)] max-w-none absolute bottom-8 right-8 rounded-4 bg-snow p-8\" decoding=\"async\"\/><\/a><\/p>\n<p>Caspar Jander im Trikot des 1. FC N\u00fcrnberg: Nach Jens Castrop verliert der Club eine weitere S\u00e4ule im Mittelfeld. (Quelle: IMAGO\/Revierfoto)<\/p>\n<p class=\"font-bold text-18 leading-17\">Der 1. FC N\u00fcrnberg muss den Abgang eines Leistungstr\u00e4gers hinnehmen: Caspar Jander wechselt nach England. Der Transfer bringt dem FCN eine zweistellige Millionensumme ein.<\/p>\n<p class=\"text-18 leading-17\">U21-Nationalspieler Caspar Jander verl\u00e4sst den <a class=\"transition-colors duration-200 cursor-pointer text-inherit no-underline text-salemsfur md:hover:text-magenta md:hover:border-magenta md:focus:text-magenta border-current border-b border-solid break-words\" href=\"https:\/\/www.t-online.de\/themen\/1-fc-nuernberg\/\" data-sctrack=\"BodyAnchor\" target=\"_blank\" rel=\"noopener\">1. FC N\u00fcrnberg<\/a> wenige Tage vor der Schlie\u00dfung des Transferfensters am 1. September und wechselt zum FC Southampton in die zweite englische Liga. Beide Klubs best\u00e4tigten am Freitag den Transfer des 22-j\u00e4hrigen Mittelfeldspielers, der beim Verein aus der Championship einen Vierjahresvertrag erh\u00e4lt.<\/p>\n<p class=\"text-18 leading-17\">Jander zeigt sich begeistert von seinem Wechsel: &#8222;Ich bin wirklich gl\u00fccklich, hier zu sein. Als ich h\u00f6rte, dass Southampton mich haben wollte, war ich sofort begeistert.&#8220; Southamptons deutscher Sportdirektor Johannes Spors erkl\u00e4rte: &#8222;Die Entscheidung, bei Southampton zu unterschreiben, unterstreicht, dass er unsere Vision als Verein und unseren guten Ruf teilt, junge Spieler zu f\u00f6rdern.&#8220;<\/p>\n<p class=\"text-18 leading-17\">Medienberichten vom Donnerstag zufolge einigten sich beide Vereine auf eine Abl\u00f6sesumme von zw\u00f6lf Millionen Euro plus m\u00f6gliche Bonuszahlungen. Jander wird damit zum zweitteuersten Abgang der Club-Geschichte nach St\u00fcrmer Stefanos Tzimas. Den Griechen hatte der <a class=\"transition-colors duration-200 cursor-pointer text-inherit no-underline text-salemsfur md:hover:text-magenta md:hover:border-magenta md:focus:text-magenta border-current border-b border-solid break-words\" href=\"https:\/\/www.t-online.de\/themen\/1-fc-nuernberg\/\" data-sctrack=\"BodyAnchor\" target=\"_blank\" rel=\"noopener\">FCN<\/a> im Winter via Kaufoption f\u00fcr 18 Millionen Euro von PAOK Saloniki fest verpflichtet und anschlie\u00dfend f\u00fcr knapp 25 Millionen Euro an den englischen Klub Brighton Hove &amp; Albion weiterverkauft.<\/p>\n<p class=\"text-18 leading-17\">N\u00fcrnbergs Sport-Vorstand Joti Chatzialexiou sagte zum Abgang von Jander: &#8222;Wir wissen, dass diese Entscheidung, die uns grunds\u00e4tzlich nicht leichtgefallen ist, gerade in der aktuellen sportlichen Situation kontrovers diskutiert wird.&#8220; Bei allen Szenarien m\u00fcsse der 1. <a class=\"transition-colors duration-200 cursor-pointer text-inherit no-underline text-salemsfur md:hover:text-magenta md:hover:border-magenta md:focus:text-magenta border-current border-b border-solid break-words\" href=\"https:\/\/www.t-online.de\/themen\/1-fc-nuernberg\/\" data-sctrack=\"BodyAnchor\" target=\"_blank\" rel=\"noopener\">FC N\u00fcrnberg<\/a> aber &#8222;immer auch die wirtschaftlichen Aspekte beachten&#8220;.<\/p>\n<p class=\"text-18 leading-17\">Jander war erst im Sommer vergangenen Jahres vom MSV <a class=\"transition-colors duration-200 cursor-pointer text-inherit no-underline text-salemsfur md:hover:text-magenta md:hover:border-magenta md:focus:text-magenta border-current border-b border-solid break-words\" href=\"https:\/\/www.t-online.de\/themen\/duisburg\/\" data-sctrack=\"BodyAnchor\" target=\"_blank\" rel=\"noopener\">Duisburg<\/a> nach <a class=\"transition-colors duration-200 cursor-pointer text-inherit no-underline text-salemsfur md:hover:text-magenta md:hover:border-magenta md:focus:text-magenta border-current border-b border-solid break-words\" href=\"https:\/\/www.t-online.de\/region\/nuernberg\/\" data-sctrack=\"BodyAnchor\" target=\"_blank\" rel=\"noopener\">N\u00fcrnberg<\/a> gewechselt. In seiner ersten Spielzeit f\u00fcr den FCN verpasste er nur zwei Pflichtspiele wegen Sperren. Zum Start in die aktuelle Saison fehlte er mit Knieproblemen, stand zuletzt jedoch bei der 1:2-Niederlage gegen <a class=\"transition-colors duration-200 cursor-pointer text-inherit no-underline text-salemsfur md:hover:text-magenta md:hover:border-magenta md:focus:text-magenta border-current border-b border-solid break-words\" href=\"https:\/\/www.t-online.de\/themen\/sc-preussen-06-muenster\/\" data-sctrack=\"BodyAnchor\" target=\"_blank\" rel=\"noopener\">Preu\u00dfen M\u00fcnster<\/a> wieder 90 Minuten auf dem Platz. Nach Jens Castrop, der zu <a class=\"transition-colors duration-200 cursor-pointer text-inherit no-underline text-salemsfur md:hover:text-magenta md:hover:border-magenta md:focus:text-magenta border-current border-b border-solid break-words\" href=\"https:\/\/www.t-online.de\/themen\/borussia-moenchengladbach\/\" data-sctrack=\"BodyAnchor\" target=\"_blank\" rel=\"noopener\">Borussia M\u00f6nchengladbach<\/a> wechselte, verliert N\u00fcrnberg damit einen weiteren Mittelfeldspieler.<\/p>\n","protected":false},"excerpt":{"rendered":"Abgang nach nur einem Jahr Club-Profi wechselt f\u00fcr Millionensumme nach England 29.08.2025 &#8211; 18:39 UhrLesedauer: 2 Min. Caspar&hellip;\n","protected":false},"author":2,"featured_media":382352,"comment_status":"","ping_status":"","sticky":false,"template":"","format":"standard","meta":{"footnotes":""},"categories":[1837],"tags":[783,722,17161,772,78259,3364,29,3058,15959,30,15978,13585,3783,72778],"class_list":{"0":"post-382351","1":"post","2":"type-post","3":"status-publish","4":"format-standard","5":"has-post-thumbnail","7":"category-nuernberg","8":"tag-1-fc-nuernberg","9":"tag-722","10":"tag-17161","11":"tag-bayern","12":"tag-caspar-jander","13":"tag-de","14":"tag-deutschland","15":"tag-england","16":"tag-fc-southampton","17":"tag-germany","18":"tag-johannes-spors","19":"tag-millionensumme","20":"tag-nuernberg","21":"tag-southampton"},"share_on_mastodon":{"url":"https:\/\/pubeurope.com\/@de\/115113206221322505","error":""},"_links":{"self":[{"href":"https:\/\/www.europesays.com\/de\/wp-json\/wp\/v2\/posts\/382351","targetHints":{"allow":["GET"]}}],"collection":[{"href":"https:\/\/www.europesays.com\/de\/wp-json\/wp\/v2\/posts"}],"about":[{"href":"https:\/\/www.europesays.com\/de\/wp-json\/wp\/v2\/types\/post"}],"author":[{"embeddable":true,"href":"https:\/\/www.europesays.com\/de\/wp-json\/wp\/v2\/users\/2"}],"replies":[{"embeddable":true,"href":"https:\/\/www.europesays.com\/de\/wp-json\/wp\/v2\/comments?post=382351"}],"version-history":[{"count":0,"href":"https:\/\/www.europesays.com\/de\/wp-json\/wp\/v2\/posts\/382351\/revisions"}],"wp:featuredmedia":[{"embeddable":true,"href":"https:\/\/www.europesays.com\/de\/wp-json\/wp\/v2\/media\/382352"}],"wp:attachment":[{"href":"https:\/\/www.europesays.com\/de\/wp-json\/wp\/v2\/media?parent=382351"}],"wp:term":[{"taxonomy":"category","embeddable":true,"href":"https:\/\/www.europesays.com\/de\/wp-json\/wp\/v2\/categories?post=382351"},{"taxonomy":"post_tag","embeddable":true,"href":"https:\/\/www.europesays.com\/de\/wp-json\/wp\/v2\/tags?post=382351"}],"curies":[{"name":"wp","href":"https:\/\/api.w.org\/{rel}","templated":true}]}}