{"id":382394,"date":"2025-08-29T17:42:12","date_gmt":"2025-08-29T17:42:12","guid":{"rendered":"https:\/\/www.europesays.com\/de\/382394\/"},"modified":"2025-08-29T17:42:12","modified_gmt":"2025-08-29T17:42:12","slug":"flugzeug-kreist-ueber-airport-in-muenchen","status":"publish","type":"post","link":"https:\/\/www.europesays.com\/de\/382394\/","title":{"rendered":"Flugzeug kreist \u00fcber Airport in M\u00fcnchen"},"content":{"rendered":"<p>M\u00fcnchner Airport <\/p>\n<p>Unerwarteter L\u00e4rm: Flugsicherung testet System mit Spezialflugzeug<\/p>\n<p>Aktualisiert am 29.08.2025 &#8211; 19:27 UhrLesedauer: 1 Min.<\/p>\n<p><a href=\"#focus-0\" class=\"transition-colors duration-200 focus-within:text-magenta block text-current relative\" data-sctrack=\"FocusGalleryImage.Reference\"><img fetchpriority=\"high\" data-testid=\"Opener.Image\" style=\"--lqipURL:url('https:\/\/images.t-online.de\/2025\/08\/6cAIAcnuf6zE\/307x586:3134x1763\/fit-in\/150x0\/filters:blur(25)\/image.jpg')\"   loading=\"eager\" src=\"https:\/\/www.europesays.com\/de\/wp-content\/uploads\/2025\/08\/1756489331_101_image.jpg\" alt=\"imago images 0307928253\" title=\"imago images 0307928253\" width=\"3134\" height=\"1763\" class=\"bg-[url:var(--lqipURL)] bg-cover bg-center flex h-full w-full max-w-full\" decoding=\"async\"\/><img style=\"--width:32;--height:32\" loading=\"lazy\" src=\"https:\/\/muenchen.t-online.de\/s\/paper\/_next\/static\/media\/zoom-in.f7dae02f.svg\" alt=\"Vergr\u00f6\u00dfern des Bildes\" title=\"Vergr\u00f6\u00dfern des Bildes\" class=\"block h-[calc(var(--height)_\/_16_*_1rem)] w-[calc(var(--width)_\/_16_*_1rem)] max-w-none absolute bottom-8 right-8 rounded-4 bg-snow p-8\" decoding=\"async\"\/><\/a><\/p>\n<p>Ein Flugzeug n\u00e4hert sich nachts dem M\u00fcnchner Flughafen (Archivbild): Trotz Nachtflugverbot werden zwischen dem 1. und 3. September Messfl\u00fcge durchgef\u00fchrt. (Quelle: IMAGO\/Bernd Feil\/M.i.S.\/imago-images-bilder)<\/p>\n<p class=\"font-bold text-18 leading-17\">Trotz Nachflugverbot kreist in der kommenden Woche nacht ein Flugzeug am M\u00fcnchner Airport. Das kann zu n\u00e4chtlichem L\u00e4rm f\u00fchren \u2013 aus gutem Grund.<\/p>\n<p class=\"text-18 leading-17\">Am Flughafen M\u00fcnchen werden vom 1. bis 3. September n\u00e4chtliche Messfl\u00fcge durchgef\u00fchrt. Betroffen ist die S\u00fcdbahn, die von Osten angeflogen wird. Ziel der Aktion ist, nach Angaben der Deutschen Flugsicherung, die \u00dcberpr\u00fcfung des Instrumentenlandesystems (ILS), das Piloten beim Landeanflug unterst\u00fctzt.<\/p>\n<p class=\"text-18 leading-17\">Bei der Messung kommt ein Propellerflugzeug vom Typ Beechcraft Super King Air 350 zum Einsatz. Geflogen wird ausschlie\u00dflich nachts. Eine Messung w\u00e4hrend des laufenden Flugbetriebs war bereits bei vergangenen Messungen wegen der hohen Anflugdichte ausgeschlossen worden.<\/p>\n<p class=\"text-18 leading-17\">Die DFS teilte weiter mit: Sollte das Wetter nicht mitspielen oder technische Probleme auftreten, w\u00fcrden die Fl\u00fcge verl\u00e4ngert werden, bis alle n\u00f6tigen Daten vorl\u00e4gen.<\/p>\n<p class=\"text-18 leading-17\">Das ILS sendet Signale vom Boden aus, die Kurs und Gleitwinkel f\u00fcr den Anflug vorgeben. Diese Informationen werden im Cockpit angezeigt und helfen den Piloten bei der Navigation \u2013 vor allem bei schlechter Sicht.<\/p>\n<p class=\"text-18 leading-17\">Nur regelm\u00e4\u00dfige und pr\u00e4zise Vermessungen stellen sicher, dass das System korrekt funktioniert. Die DFS betont, dass diese Ma\u00dfnahme f\u00fcr einen sicheren und reibungslosen Flugbetrieb notwendig sei.<\/p>\n<p class=\"text-18 leading-17\">Die DFS bittet daher die Bev\u00f6lkerung rund um den Flughafen M\u00fcnchen um Verst\u00e4ndnis f\u00fcr m\u00f6glichen Flugl\u00e4rm in der Nacht.<\/p>\n","protected":false},"excerpt":{"rendered":"M\u00fcnchner Airport Unerwarteter L\u00e4rm: Flugsicherung testet System mit Spezialflugzeug Aktualisiert am 29.08.2025 &#8211; 19:27 UhrLesedauer: 1 Min. Ein&hellip;\n","protected":false},"author":2,"featured_media":382395,"comment_status":"","ping_status":"","sticky":false,"template":"","format":"standard","meta":{"footnotes":""},"categories":[1827],"tags":[722,772,29,33655,10647,48163,30,6659,103319,1268,103317,43874,103318],"class_list":{"0":"post-382394","1":"post","2":"type-post","3":"status-publish","4":"format-standard","5":"has-post-thumbnail","7":"category-muenchen","8":"tag-722","9":"tag-bayern","10":"tag-deutschland","11":"tag-dfs","12":"tag-flughafen-muenchen","13":"tag-flugsicherung","14":"tag-germany","15":"tag-laerm","16":"tag-messflug","17":"tag-muenchen","18":"tag-nachflugverbot","19":"tag-nachtflugverbot","20":"tag-spezialflugzeug"},"share_on_mastodon":{"url":"https:\/\/pubeurope.com\/@de\/115113292720976792","error":""},"_links":{"self":[{"href":"https:\/\/www.europesays.com\/de\/wp-json\/wp\/v2\/posts\/382394","targetHints":{"allow":["GET"]}}],"collection":[{"href":"https:\/\/www.europesays.com\/de\/wp-json\/wp\/v2\/posts"}],"about":[{"href":"https:\/\/www.europesays.com\/de\/wp-json\/wp\/v2\/types\/post"}],"author":[{"embeddable":true,"href":"https:\/\/www.europesays.com\/de\/wp-json\/wp\/v2\/users\/2"}],"replies":[{"embeddable":true,"href":"https:\/\/www.europesays.com\/de\/wp-json\/wp\/v2\/comments?post=382394"}],"version-history":[{"count":0,"href":"https:\/\/www.europesays.com\/de\/wp-json\/wp\/v2\/posts\/382394\/revisions"}],"wp:featuredmedia":[{"embeddable":true,"href":"https:\/\/www.europesays.com\/de\/wp-json\/wp\/v2\/media\/382395"}],"wp:attachment":[{"href":"https:\/\/www.europesays.com\/de\/wp-json\/wp\/v2\/media?parent=382394"}],"wp:term":[{"taxonomy":"category","embeddable":true,"href":"https:\/\/www.europesays.com\/de\/wp-json\/wp\/v2\/categories?post=382394"},{"taxonomy":"post_tag","embeddable":true,"href":"https:\/\/www.europesays.com\/de\/wp-json\/wp\/v2\/tags?post=382394"}],"curies":[{"name":"wp","href":"https:\/\/api.w.org\/{rel}","templated":true}]}}