{"id":382414,"date":"2025-08-29T17:52:47","date_gmt":"2025-08-29T17:52:47","guid":{"rendered":"https:\/\/www.europesays.com\/de\/382414\/"},"modified":"2025-08-29T17:52:47","modified_gmt":"2025-08-29T17:52:47","slug":"hermann-nitsch-im-kunstraum-pohlhammer","status":"publish","type":"post","link":"https:\/\/www.europesays.com\/de\/382414\/","title":{"rendered":"Hermann Nitsch im Kunstraum Pohlhammer"},"content":{"rendered":"\n<p class=\"ArtikelText Grundtext_Ort\">Er war ein ebenso eigensinniger wie streitbarer K\u00fcnstler: Hermann Nitsch,1938 in Wien geborener, vor drei Jahren verstorbener Mitbegr\u00fcnder des Wiener Aktionismus. Die Steyrer Galeristin Elfriede Pohlhammer kannte ihn pers\u00f6nlich. Sie zeigt bis 13. September jeweils donnerstags von 10 bis 15 Uhr sowie an Freitagen und Samstagen von 10 bis 17.45 Uhr in ihrem Kunstraum am Stadtplatz 29 ausgew\u00e4hlte Werke des weltber\u00fchmten Aktionsk\u00fcnstlers. Nitsch lotete die Grenzen der Kunst aus und polarisierte mit seinen Sch\u00fcttbildern und Orgien-Mysterien-Spielen unter Verwendung von Tierblut und Kadavern wie kaum ein Zweiter. Er war der aufr\u00fcttelnde Provokateur der erzkonservativen Nachkriegsgesellschaft \u00d6sterreichs.<\/p>\n<p>ePaper<\/p>\n<p>    <a href=\"https:\/\/www.nachrichten.at\/nachrichten\/epaper\/epa1419,42959\" target=\"_blank\" rel=\"nofollow noopener\">        <img decoding=\"async\" loading=\"lazy\" src=\"https:\/\/www.europesays.com\/de\/wp-content\/uploads\/2025\/08\/3378100_seite-1_mediadaten_1EIb9V_yJtOK4.jpg\" alt=\"Seite 1\" width=\"120\" height=\"182\"\/><br \/>\n      <\/a><\/p>\n<p>\t\t\tJetzt ePaper lesen!<\/p>\n<p class=\"d-flex align-items-end text-teaser mb-20\">\n\t\t\t\tLesen Sie die tagesaktuelle ePaper-Ausgabe der O\u00d6Nachrichten &#8211; jetzt gleich digital durchbl\u00e4ttern!\n    \t\t<\/p>\n<p>            <a href=\"https:\/\/www.nachrichten.at\/nachrichten\/epaper\/epa1419,42959\" target=\"_blank\" class=\"btn btn-sm btn-blue\" rel=\"nofollow noopener\"><br \/>\n        \t\tzum Epaper<br \/>\n        \t<\/a>   <\/p>\n<p>    <img decoding=\"async\" src=\"https:\/\/www.europesays.com\/de\/wp-content\/uploads\/2025\/04\/loader_small_grey.gif\" alt=\"L\u00e4dt\" title=\"L\u00e4dt\"\/><\/p>\n<p>    <a href=\"https:\/\/www.nachrichten.at\/oberoesterreich\/steyr\/javascript:\" data-fcms-action=\"addTopic\" class=\"artDetailSchlagwort__materialLink\" aria-label=\"Schlagwort zu Ihren Themen hinzuf\u00fcgen\" rel=\"nofollow noopener\" target=\"_blank\"><\/p>\n<p>    <\/a><\/p>\n<p class=\"artDetailSchlagwort__meineThemenTooltip\">\n      info Mit dem Klick auf das Icon f\u00fcgen Sie das Schlagwort zu Ihren Themen hinzu.\n    <\/p>\n<p>    <a href=\"https:\/\/www.nachrichten.at\/themen\/\" class=\"artDetailSchlagwort__materialLink\" aria-label=\"Ihre Themen Seite aufrufen\" rel=\"nofollow noopener\" target=\"_blank\"><\/p>\n<p>    <\/a><\/p>\n<p class=\"artDetailSchlagwort__meineThemenTooltip\">\n      info<br \/>\n      Mit dem Klick auf das Icon \u00f6ffnen Sie Ihre &#8222;meine Themen&#8220; Seite. Sie haben  von 15 Schlagworten gespeichert und m\u00fcssten Schlagworte entfernen.<\/p>\n<p>    <a href=\"https:\/\/www.nachrichten.at\/oberoesterreich\/steyr\/javascript:\" data-fcms-action=\"removeTopic\" class=\"artDetailSchlagwort__materialLink\" aria-label=\"Schlagwort aus Ihren Themen entfernen\" rel=\"nofollow noopener\" target=\"_blank\"><\/p>\n<p>    <\/a><\/p>\n<p class=\"artDetailSchlagwort__meineThemenTooltip\">\n      info Mit dem Klick auf das Icon entfernen Sie das Schlagwort aus Ihren Themen.\n    <\/p>\n<p>        <a href=\"https:\/\/www.nachrichten.at\/oberoesterreich\/steyr\/javascript:\" data-fcms-action=\"\" onclick=\"if (confirm(&#039;Um Themen, Personen, Orte und Autoren in Ihrer Merkliste speichern zu k\u00f6nnen, ben\u00f6tigen wir zuerst Ihre Zustimmung. Sie k\u00f6nnen Ihr Einverst\u00e4ndnis zur Datenspeicherung jederzeit in der Merkliste widerrufen.&#039;)) { this.setAttribute(&#039;data-fcms-action&#039;, &#039;confirm&#039;); }\" class=\"artDetailSchlagwort__materialLink\" aria-label=\"Thema zu Ihren Themen hinzuf\u00fcgen\" rel=\"nofollow noopener\" target=\"_blank\"><br \/>\n    <\/a><\/p>\n<p class=\"artDetailSchlagwort__meineThemenTooltip\">\n      F\u00fcgen Sie das Thema zu Ihren Themen hinzu.\n    <\/p>\n","protected":false},"excerpt":{"rendered":"Er war ein ebenso eigensinniger wie streitbarer K\u00fcnstler: Hermann Nitsch,1938 in Wien geborener, vor drei Jahren verstorbener Mitbegr\u00fcnder&hellip;\n","protected":false},"author":2,"featured_media":382415,"comment_status":"","ping_status":"","sticky":false,"template":"","format":"standard","meta":{"footnotes":""},"categories":[1775],"tags":[1793,29,214,30,1794,215],"class_list":{"0":"post-382414","1":"post","2":"type-post","3":"status-publish","4":"format-standard","5":"has-post-thumbnail","7":"category-kunst-und-design","8":"tag-art-and-design","9":"tag-deutschland","10":"tag-entertainment","11":"tag-germany","12":"tag-kunst-und-design","13":"tag-unterhaltung"},"share_on_mastodon":{"url":"https:\/\/pubeurope.com\/@de\/115113332013102789","error":""},"_links":{"self":[{"href":"https:\/\/www.europesays.com\/de\/wp-json\/wp\/v2\/posts\/382414","targetHints":{"allow":["GET"]}}],"collection":[{"href":"https:\/\/www.europesays.com\/de\/wp-json\/wp\/v2\/posts"}],"about":[{"href":"https:\/\/www.europesays.com\/de\/wp-json\/wp\/v2\/types\/post"}],"author":[{"embeddable":true,"href":"https:\/\/www.europesays.com\/de\/wp-json\/wp\/v2\/users\/2"}],"replies":[{"embeddable":true,"href":"https:\/\/www.europesays.com\/de\/wp-json\/wp\/v2\/comments?post=382414"}],"version-history":[{"count":0,"href":"https:\/\/www.europesays.com\/de\/wp-json\/wp\/v2\/posts\/382414\/revisions"}],"wp:featuredmedia":[{"embeddable":true,"href":"https:\/\/www.europesays.com\/de\/wp-json\/wp\/v2\/media\/382415"}],"wp:attachment":[{"href":"https:\/\/www.europesays.com\/de\/wp-json\/wp\/v2\/media?parent=382414"}],"wp:term":[{"taxonomy":"category","embeddable":true,"href":"https:\/\/www.europesays.com\/de\/wp-json\/wp\/v2\/categories?post=382414"},{"taxonomy":"post_tag","embeddable":true,"href":"https:\/\/www.europesays.com\/de\/wp-json\/wp\/v2\/tags?post=382414"}],"curies":[{"name":"wp","href":"https:\/\/api.w.org\/{rel}","templated":true}]}}