{"id":382418,"date":"2025-08-29T17:54:15","date_gmt":"2025-08-29T17:54:15","guid":{"rendered":"https:\/\/www.europesays.com\/de\/382418\/"},"modified":"2025-08-29T17:54:15","modified_gmt":"2025-08-29T17:54:15","slug":"gzsz-vorschau-heute-emily-und-tobias-wagen-das-liebes-comeback-unterhaltung","status":"publish","type":"post","link":"https:\/\/www.europesays.com\/de\/382418\/","title":{"rendered":"GZSZ Vorschau heute: Emily und Tobias wagen DAS Liebes-Comeback | Unterhaltung"},"content":{"rendered":"<p><b>Liebe, Drama und gro\u00dfe Gef\u00fchle: \u201eGute Zeiten, schlechte Zeiten\u201c sorgt t\u00e4glich f\u00fcr Gespr\u00e4chsstoff und jede Menge Spannung.<\/b><\/p>\n<p>Doch was passiert in der neuen Folge? Wer findet sein Gl\u00fcck, bei wem herrscht Liebeschaos und welche Geheimnisse kommen heute ans Licht?<\/p>\n<p>Worum geht es heute bei GZSZ?<\/p>\n<p>Hier ist die <a href=\"https:\/\/www.bild.de\/themen\/specials\/tv-programm-und-vorschau-aktuelle-news-infos-Rmd0rNOS7Nc7tW2AtfVM\" class=\"text-link\" target=\"_blank\" rel=\"noopener\">Vorschau<\/a> zur neuen <a href=\"https:\/\/www.bild.de\/unterhaltung\/film\/gute-zeiten-schlechte-zeiten\/gzsz-alle-infos-76683020.bild.html\" class=\"text-link\" target=\"_blank\" rel=\"noopener\">GZSZ<\/a>-Folge 8346 am Freitag, dem 29. August 2025, im TV:<\/p>\n<p>Emily (Anne Menden, 39) und Tobias (Jan Kittmann, 42) n\u00e4hern sich nach schwierigen Wochen wieder an. Schritt f\u00fcr Schritt finden sie wieder Vertrauen zueinander: Sie m\u00f6chten einen Neuanfang wagen.<\/p>\n<p><img decoding=\"async\" width=\"992\" height=\"558\" alt=\"Maren (Eva Mona Rodekirchen, 49) macht sich Sorgen um Lillys Herz\" src=\"https:\/\/www.europesays.com\/de\/wp-content\/uploads\/2025\/08\/7bccbcb4513b097d4a7834d73ab51f3a,e174f06e\"   class=\"landscape\" loading=\"lazy\"\/><\/p>\n<p class=\"fig__caption__text\">Matilda (Katharina Fecher, 35) ist die neue Chefin der Gerner Financial Group<\/p>\n<p>Foto: Foto: RTL \/ Rolf Baumgartner<\/p>\n<p>W\u00e4hrenddessen setzt Matilda (Katharina Fecher, 36) bei einem wichtigen Bankprojekt auf fragw\u00fcrdige Methoden. Mit einer Notl\u00fcge will sie den Kunden von der Seriosit\u00e4t der Gerner Financial Group \u00fcberzeugen \u2013 sehr zum Missfallen von Julian (Onno Bu\u00df, 30) und Johanna (Charlott Reschke, 20).<\/p>\n<p>Auch Yvonne (Gisa Zach, 51) ringt mit widerspr\u00fcchlichen Gef\u00fchlen. Eigentlich sieht sie in Michi (Lars Pape, 54) nur ihren besten Freund, doch seit seinem Liebesgest\u00e4ndnis sp\u00fcrt sie, dass er ihr nicht so gleichg\u00fcltig ist, wie sie glaubt. Wie sich die Ereignisse weiterentwickeln, sehen Sie heute in der aktuellen Folge von GZSZ am 29. August 2025 im Free-TV.<\/p>\n<p>Wo und wann l\u00e4uft GZSZ?<\/p>\n<p>Neue Folgen von \u201eGute Zeiten, schlechte Zeiten\u201c (GZSZ) erscheinen montags bis freitags bereits 7 Tage vorab auf <a href=\"https:\/\/my.plus.rtl.de\/buchen\/initial?ref=CTA-BUCHEN-MENU&amp;utm_source=awin&amp;utm_medium=cpo&amp;utm_campaign=TVN00001_Affiliate&amp;utm_term=508711&amp;utm_content=statics.teams.cdn.office.net&amp;awc=16040_1723632692_f28796a5c3f66306bcbcc20f14e47abd\" target=\"_blank\" rel=\"noopener\" class=\"text-link--external text-link\">RTL+<\/a> (ANZEIGE) und eine Woche sp\u00e4ter im Free-TV.<\/p>\n","protected":false},"excerpt":{"rendered":"Liebe, Drama und gro\u00dfe Gef\u00fchle: \u201eGute Zeiten, schlechte Zeiten\u201c sorgt t\u00e4glich f\u00fcr Gespr\u00e4chsstoff und jede Menge Spannung. Doch&hellip;\n","protected":false},"author":2,"featured_media":382419,"comment_status":"","ping_status":"","sticky":false,"template":"","format":"standard","meta":{"footnotes":""},"categories":[1773],"tags":[2305,29,214,2287,30,1807,640,2286,471,1780,45,2304,215],"class_list":{"0":"post-382418","1":"post","2":"type-post","3":"status-publish","4":"format-standard","5":"has-post-thumbnail","7":"category-serien","8":"tag-daily-soap","9":"tag-deutschland","10":"tag-entertainment","11":"tag-g-standard","12":"tag-germany","13":"tag-gute-zeiten-schlechte-zeiten","14":"tag-rtl","15":"tag-seo-nicht-benutzen","16":"tag-serien","17":"tag-series","18":"tag-texttospeech","19":"tag-tv-formate","20":"tag-unterhaltung"},"share_on_mastodon":{"url":"https:\/\/pubeurope.com\/@de\/115113339599867799","error":""},"_links":{"self":[{"href":"https:\/\/www.europesays.com\/de\/wp-json\/wp\/v2\/posts\/382418","targetHints":{"allow":["GET"]}}],"collection":[{"href":"https:\/\/www.europesays.com\/de\/wp-json\/wp\/v2\/posts"}],"about":[{"href":"https:\/\/www.europesays.com\/de\/wp-json\/wp\/v2\/types\/post"}],"author":[{"embeddable":true,"href":"https:\/\/www.europesays.com\/de\/wp-json\/wp\/v2\/users\/2"}],"replies":[{"embeddable":true,"href":"https:\/\/www.europesays.com\/de\/wp-json\/wp\/v2\/comments?post=382418"}],"version-history":[{"count":0,"href":"https:\/\/www.europesays.com\/de\/wp-json\/wp\/v2\/posts\/382418\/revisions"}],"wp:featuredmedia":[{"embeddable":true,"href":"https:\/\/www.europesays.com\/de\/wp-json\/wp\/v2\/media\/382419"}],"wp:attachment":[{"href":"https:\/\/www.europesays.com\/de\/wp-json\/wp\/v2\/media?parent=382418"}],"wp:term":[{"taxonomy":"category","embeddable":true,"href":"https:\/\/www.europesays.com\/de\/wp-json\/wp\/v2\/categories?post=382418"},{"taxonomy":"post_tag","embeddable":true,"href":"https:\/\/www.europesays.com\/de\/wp-json\/wp\/v2\/tags?post=382418"}],"curies":[{"name":"wp","href":"https:\/\/api.w.org\/{rel}","templated":true}]}}