{"id":382542,"date":"2025-08-29T19:00:20","date_gmt":"2025-08-29T19:00:20","guid":{"rendered":"https:\/\/www.europesays.com\/de\/382542\/"},"modified":"2025-08-29T19:00:20","modified_gmt":"2025-08-29T19:00:20","slug":"kommunalwahl-2025-so-wuerde-koeln-aktuell-waehlen","status":"publish","type":"post","link":"https:\/\/www.europesays.com\/de\/382542\/","title":{"rendered":"Kommunalwahl 2025:\u00a0So w\u00fcrde K\u00f6ln aktuell w\u00e4hlen"},"content":{"rendered":"<p class=\"dm-paragraph my-8 dm-article-content-width\" index=\"0\" should-collapse-on-mobile=\"true\" has-padding=\"\" data-v-586984a4=\"\">Kurz vor der <a href=\"https:\/\/www.ksta.de\/koeln\/kommunalwahl-2025-das-sind-die-koelner-ob-kandidaten-1093640\" rel=\"nofollow noopener\" target=\"_blank\">Kommunalwahl am 14. September<\/a> stellt sich die politische Lage in <a href=\"https:\/\/www.ksta.de\/koeln\" rel=\"nofollow noopener\" target=\"_blank\">K\u00f6ln<\/a> als v\u00f6llig offen dar. Im \u201eK\u00f6ln-Radar\u201c, einer repr\u00e4sentativen Umfrage des Instituts Forsa im Auftrag des \u201eK\u00f6lner Stadt-Anzeiger\u201c und des EXPRESS, zeichnet sich weder ein Favorit f\u00fcr die Nachfolge von Oberb\u00fcrgermeisterin <a href=\"https:\/\/www.ksta.de\/themen\/henriette-reker\" rel=\"nofollow noopener\" target=\"_blank\">Henriette Reker<\/a> (parteilos) noch ein eindeutiger Gewinner unter den zw\u00f6lf Parteien ab, die zur Neuwahl des Stadtrats antreten.<\/p>\n<p class=\"dm-paragraph my-8 dm-article-content-width\" index=\"1\" should-collapse-on-mobile=\"true\" has-padding=\"\" data-v-586984a4=\"\">W\u00fcrde bereits an diesem Sonntag gew\u00e4hlt, k\u00e4me es bei den OB-Kandidaten zu einem Kopf-an-Kopf-Rennen der Bewerberin und der Bewerber von Gr\u00fcnen, Sozial- und Christdemokraten. Am besten schneidet derzeit <b>Torsten Burmester<\/b> (SPD) mit 15 Prozent der Stimmen ab. Auf insgesamt niedrigem Niveau konnte er seinen W\u00e4hleranteil im Vergleich zu einer Umfrage von Ende Juni (10 Prozent) um 50 Prozent steigern.<\/p>\n<p><img decoding=\"async\" width=\"3000\" height=\"1453\" alt=\"Forsa-Umfrage zur Kommunalwahl in K\u00f6ln 2025\" loading=\"lazy\" onerror=\"this.setAttribute('data-error', 1)\" class=\"current-image dm-figure__image dm-figure__image--undefined undefined\" data-nuxt-pic=\"\" src=\"https:\/\/www.europesays.com\/de\/wp-content\/uploads\/2025\/08\/5a102525-54d0-4c8a-92fc-ae871c5b2633.jpeg\"  \/><\/p>\n<p class=\"dm-figure__subline\" data-v-72e429ff=\"\">Forsa-Umfrage zur Kommunalwahl in K\u00f6ln 2025<\/p>\n<p class=\"dm-figure__copyright\" data-v-72e429ff=\"\">Copyright: KSTA<\/p>\n<p class=\"dm-paragraph my-8 dm-article-content-width\" index=\"3\" should-collapse-on-mobile=\"true\" has-padding=\"\" data-v-586984a4=\"\">Die Gr\u00fcnen-Bewerberin <b>Berivan Aymaz<\/b> legte um ein Drittel zu und erreicht nach 10 Prozent im Juni jetzt 13 Prozent. Der Zuspruch zu CDU-Kandidat <b>Markus Greiteman<\/b>n ist mit 11 Prozent unver\u00e4ndert. Die \u00fcbrigen Stimmen verteilen sich auf die weiteren zehn Kandidaten der Parteien bzw. Einzelbewerber. W\u00e4hrend im Juni noch 41 Prozent der Befragten angaben, f\u00fcr keinen der verf\u00fcgbaren Kandidaten zu stimmen, sind es jetzt nur noch 29 Prozent.<\/p>\n<p class=\"dm-paragraph my-8 dm-article-content-width\" index=\"5\" should-collapse-on-mobile=\"true\" has-padding=\"\" data-v-586984a4=\"\">Beim Kr\u00e4fteverh\u00e4ltnis der Parteien haben sich gegen\u00fcber der Umfrage vom Juni einige Verschiebungen ergeben. Die Gr\u00fcnen verlieren einen Prozentpunkt, behaupten aber mit 23 Prozent auf Stadtebene ihre f\u00fchrende Position in der Rangliste der Parteien. Mit einem Zwei-Punkte-Plus von 18 auf 20 Prozent l\u00f6st die SPD auf Platz die CDU ab, die drei Prozentpunkte verliert und jetzt bei 17 Prozent liegt.<\/p>\n<p><a href=\"https:\/\/www.ksta.de\/koeln\/der-koeln-check-so-wuerden-die-koelner-aktuell-waehlen-1062543\" class=\"dm-imagefeat__imagecontainer dm-imagefeat relative\" aria-label=\"\" tabindex=\"-1\" data-v-d81621e6=\"\" rel=\"nofollow noopener\" target=\"_blank\"><img decoding=\"async\" width=\"4000\" height=\"2667\" alt=\"Die K\u00f6lner Oberb\u00fcrgermeisterin Henriette Reker\" loading=\"lazy\" onerror=\"this.setAttribute('data-error', 1)\" class=\"dm-imagefeat__image w-full aspect-square sm:aspect-auto aspect-video\" style=\"aspect-ratio:1;\" data-nuxt-pic=\"\" src=\"https:\/\/www.europesays.com\/de\/wp-content\/uploads\/2025\/08\/540b33b8-0fef-4d12-b3cc-9ec45119bf1d.jpeg\"  \/><\/a><\/p>\n<p class=\"dm-paragraph my-8 dm-article-content-width\" index=\"7\" should-collapse-on-mobile=\"true\" has-padding=\"\" data-v-586984a4=\"\">An vierter Stelle liegt jetzt mit zw\u00f6lf Prozent (plus 2 Punkte) die AfD. Sie tauscht ihren Platz mit der Linkspartei, deren Stimmanteil von 11 auf 10 Prozent zur\u00fcckgeht. Die FDP verbessert sich um einen Punkt auf 4 Prozent. Die sonstigen Parteien, unter ihnen die im Rat vertretenen Parteien \u201eVolt\u201c und \u201eDie Partei\u201c sowie die Gruppe \u201eGut &amp; Klimafreunde\u201c, kommen zusammen auf 14 Prozent.<\/p>\n<p><img decoding=\"async\" width=\"3000\" height=\"1611\" alt=\"Forsa-Umfrage zur Kommunalwahl in K\u00f6ln 2025\" loading=\"lazy\" onerror=\"this.setAttribute('data-error', 1)\" class=\"current-image dm-figure__image dm-figure__image--undefined undefined\" data-nuxt-pic=\"\" src=\"https:\/\/www.europesays.com\/de\/wp-content\/uploads\/2025\/08\/657fdca5-6d96-46a2-b9b6-4229642c3c28.jpeg\"  \/><\/p>\n<p class=\"dm-figure__subline\" data-v-72e429ff=\"\">Forsa-Umfrage zur Kommunalwahl in K\u00f6ln 2025<\/p>\n<p class=\"dm-figure__copyright\" data-v-72e429ff=\"\">Copyright: KStA<\/p>\n<p class=\"dm-paragraph my-8 dm-article-content-width\" index=\"10\" should-collapse-on-mobile=\"true\" has-padding=\"\" data-v-586984a4=\"\">Bei solchen Ergebnissen zeichnet sich f\u00fcr die Zeit nach der Wahl ein schwieriger Prozess zur Bildung einer tragf\u00e4higen Ratsmehrheit ab. Jede denkbare Zweierkombination von Gr\u00fcnen, SPD und CDU w\u00e4re auf die Unterst\u00fctzung von einer oder mehreren der kleinen Parteien angewiesen. Das gegenw\u00e4rtige B\u00fcndnis von Gr\u00fcnen, CDU und Volt war aus der Kommunalwahl vor f\u00fcnf Jahren mit einem Stimmanteil von zusammen 55 Prozent hervorgegangen.<\/p>\n<p>Umfrage-Ergebnisse geben politische Stimmung in K\u00f6ln wenige Wochen vor dem Wahltermin wieder<\/p>\n<p class=\"dm-paragraph my-8 dm-article-content-width\" index=\"12\" should-collapse-on-mobile=\"true\" has-padding=\"\" data-v-586984a4=\"\">Forsa-Chef Manfred G\u00fcllner unterstrich, dass diese Zahlen \u201ekeinesfalls\u201c schon als sichere Stimmen interpretiert werden d\u00fcrften. Die Umfrage-Ergebnisse g\u00e4ben nur die politische Stimmung wenige Wochen vor dem Wahltermin wieder. Wie auch die Verschiebungen bei den Werten zwischen Juni und August zeigten, dauerten die Meinungsbildungs- und Entscheidungsprozesse der K\u00f6lner W\u00e4hlerinnen und W\u00e4hler noch an. G\u00fcllner wies zudem auf den nach wie vor hohen Anteil von Unentschlossenen hin sowie auf eine erfahrungsgem\u00e4\u00df niedrige Wahlbeteiligung. Es sei deshalb davon auszugehen, dass fast die H\u00e4lfte der Wahlberechtigten zur \u201ePartei der Nichtw\u00e4hler\u201c geh\u00f6ren k\u00f6nnte, so G\u00fcllner.<\/p>\n<p class=\"dm-paragraph my-8 dm-article-content-width\" index=\"14\" should-collapse-on-mobile=\"true\" has-padding=\"\" data-v-586984a4=\"\">Fast verdoppelt hat sich in der Schlussphase des Wahlkampfs die Bekanntheit des Termins. War dieser Ende Juni nur 47 Prozent der Wahlberechtigten gel\u00e4ufig, gaben dies jetzt 85 Prozent an. Bei den Anh\u00e4ngern der Parteien lag der Wert sogar durchweg \u00fcber 90 Prozent \u2013 mit Ausnahme der Gr\u00fcnen-Klientel (89 Prozent). Fast um die H\u00e4lfte niedriger ist der Bekanntheitsgrad des Termins am 14. September bei den Nichtw\u00e4hlern (55 Prozent).<\/p>\n<p><img decoding=\"async\" width=\"3000\" height=\"1611\" loading=\"lazy\" onerror=\"this.setAttribute('data-error', 1)\" class=\"current-image dm-figure__image dm-figure__image--undefined undefined\" data-nuxt-pic=\"\" src=\"https:\/\/www.europesays.com\/de\/wp-content\/uploads\/2025\/08\/83d30c3e-679c-4b96-9cd6-49a67d774276.jpeg\"  \/><\/p>\n<p class=\"dm-figure__subline\" data-v-72e429ff=\"\">Forsa-Umfrage zur Kommunalwahl in K\u00f6ln 2025<\/p>\n<p class=\"dm-figure__copyright\" data-v-72e429ff=\"\">Copyright: KStA<\/p>\n<p class=\"dm-paragraph my-8 dm-article-content-width\" index=\"16\" should-collapse-on-mobile=\"true\" has-padding=\"\" data-v-586984a4=\"\">Am selben Tag finden in K\u00f6ln auch die Wahlen zu den Bezirksvertretungen statt. Die oder der k\u00fcnftige OB wird nach dem NRW-Kommunalwahlrecht in einer Stichwahl zwischen den beiden erstplatzierten Kandidaten ermittelt, wenn im ersten Wahlgang keiner die absolute Mehrheit der Stimmen erreicht. Der Termin f\u00fcr die Stichwahl ist Sonntag, der 28. September. Die amtierende Oberb\u00fcrgermeisterin Reker ist nach zehn Jahren im Amt nicht wieder angetreten.<\/p>\n<p class=\"dm-paragraph my-8 dm-article-content-width\" index=\"18\" should-collapse-on-mobile=\"true\" has-padding=\"\" data-v-586984a4=\"\">F\u00fcr den \u201eK\u00f6ln-Radar\u201c hat Forsa dieselben Wahlberechtigten wie f\u00fcr den am 12. Juli ver\u00f6ffentlichten K\u00f6ln-Check befragt. 940 von 1002 Personen, die seinerzeit vom 25. Juni bis zum 3. Juli befragt wurden, konnten in der Zeit vom 21. bis 26. August auch an der repr\u00e4sentativen Wiederholungsumfrage teilnehmen. Der \u201eK\u00f6ln-Radar\u201c l\u00e4sst  somit einen unmittelbaren Vergleich zu, wie sich die Einstellungen  in der Zwischenzeit ver\u00e4ndert haben.<\/p>\n<p><img decoding=\"async\" width=\"3000\" height=\"1611\" alt=\"Forsa-Umfrage zur Kommunalwahl in K\u00f6ln 2025\" loading=\"lazy\" onerror=\"this.setAttribute('data-error', 1)\" class=\"current-image dm-figure__image dm-figure__image--undefined undefined\" data-nuxt-pic=\"\" src=\"https:\/\/www.europesays.com\/de\/wp-content\/uploads\/2025\/08\/56fc4d24-0e58-4c6e-9fa7-da395b5e6e7b.jpeg\"  \/><\/p>\n<p class=\"dm-figure__subline\" data-v-72e429ff=\"\">Forsa-Umfrage zur Kommunalwahl in K\u00f6ln 2025<\/p>\n<p class=\"dm-figure__copyright\" data-v-72e429ff=\"\">Copyright: KStA<\/p>\n<p class=\"dm-paragraph my-8 dm-article-content-width\" index=\"20\" should-collapse-on-mobile=\"true\" has-padding=\"\" data-v-586984a4=\"\">Die Ergebnisse sind bei einer Fehlertoleranz von plus\/minus 2,5 Prozentpunkten auf alle K\u00f6lner Wahlberechtigten \u00fcbertragbar.<\/p>\n","protected":false},"excerpt":{"rendered":"Kurz vor der Kommunalwahl am 14. September stellt sich die politische Lage in K\u00f6ln als v\u00f6llig offen dar.&hellip;\n","protected":false},"author":2,"featured_media":382543,"comment_status":"","ping_status":"","sticky":false,"template":"","format":"standard","meta":{"footnotes":""},"categories":[1828],"tags":[29,30,1420,1209],"class_list":{"0":"post-382542","1":"post","2":"type-post","3":"status-publish","4":"format-standard","5":"has-post-thumbnail","7":"category-koeln","8":"tag-deutschland","9":"tag-germany","10":"tag-koeln","11":"tag-nordrhein-westfalen"},"share_on_mastodon":{"url":"https:\/\/pubeurope.com\/@de\/115113599095804218","error":""},"_links":{"self":[{"href":"https:\/\/www.europesays.com\/de\/wp-json\/wp\/v2\/posts\/382542","targetHints":{"allow":["GET"]}}],"collection":[{"href":"https:\/\/www.europesays.com\/de\/wp-json\/wp\/v2\/posts"}],"about":[{"href":"https:\/\/www.europesays.com\/de\/wp-json\/wp\/v2\/types\/post"}],"author":[{"embeddable":true,"href":"https:\/\/www.europesays.com\/de\/wp-json\/wp\/v2\/users\/2"}],"replies":[{"embeddable":true,"href":"https:\/\/www.europesays.com\/de\/wp-json\/wp\/v2\/comments?post=382542"}],"version-history":[{"count":0,"href":"https:\/\/www.europesays.com\/de\/wp-json\/wp\/v2\/posts\/382542\/revisions"}],"wp:featuredmedia":[{"embeddable":true,"href":"https:\/\/www.europesays.com\/de\/wp-json\/wp\/v2\/media\/382543"}],"wp:attachment":[{"href":"https:\/\/www.europesays.com\/de\/wp-json\/wp\/v2\/media?parent=382542"}],"wp:term":[{"taxonomy":"category","embeddable":true,"href":"https:\/\/www.europesays.com\/de\/wp-json\/wp\/v2\/categories?post=382542"},{"taxonomy":"post_tag","embeddable":true,"href":"https:\/\/www.europesays.com\/de\/wp-json\/wp\/v2\/tags?post=382542"}],"curies":[{"name":"wp","href":"https:\/\/api.w.org\/{rel}","templated":true}]}}