{"id":382588,"date":"2025-08-29T19:26:16","date_gmt":"2025-08-29T19:26:16","guid":{"rendered":"https:\/\/www.europesays.com\/de\/382588\/"},"modified":"2025-08-29T19:26:16","modified_gmt":"2025-08-29T19:26:16","slug":"2-liga-elversbergs-younes-ebnoutalib-schiesst-hertha-bsc-in-die-krise","status":"publish","type":"post","link":"https:\/\/www.europesays.com\/de\/382588\/","title":{"rendered":"2. Liga: Elversbergs Younes Ebnoutalib schie\u00dft Hertha BSC in die Krise"},"content":{"rendered":"<p class=\"metatextline\">Stand: 29.08.2025 20:25 Uhr<\/p>\n<p class=\"textabsatz columns twelve  m-ten  m-offset-one l-eight l-offset-two\">\n        <strong>Die SV Elversberg l\u00e4sst die &#8222;Alte Dame&#8220; ganz alt aussehen: Der Doppelpack von Younes Ebnoutalib beim 2:0 (1:0)-Ausw\u00e4rtserfolg der Saarl\u00e4nder sorgt daf\u00fcr, dass Hertha BSC nach vier Spielen in der 2. Liga sieglos bleibt.<\/strong>\n    <\/p>\n<p>                                        <a class=\"authorline__link\" href=\"https:\/\/www.sportschau.de\/sendung\/reporter\/sebastian-hochrainer,autor-sebastian-hochrainer-100.html\" target=\"_blank\" rel=\"noopener\"><br \/>\n                                            <img decoding=\"async\" class=\"authorline__img\" alt=\"Sebastian Hochrainer\" src=\"https:\/\/www.europesays.com\/de\/wp-content\/uploads\/2025\/08\/1755378792_323_sebastian-hochrainer-100.jpg\"\/><br \/>\n                                        <\/a><\/p>\n<p class=\"textabsatz m-ten m-offset-one l-eight l-offset-two columns twelve\">\nBerlins Trainer Stefan Leitl hatte im Vorfeld eine unmissverst\u00e4ndliche Forderung an sein Team: &#8222;Wir m\u00fcssen das Spiel gegen Elversberg gewinnen &#8211; egal wie.&#8220; Doch so einfach dieser Auftrag klingt, so sehr erschwerte das, was schon in den ersten Minuten passierte, die Sache enorm. Denn schon in der f\u00fcnften Minute gingen die G\u00e4ste in F\u00fchrung.<\/p>\n<ul class=\"buttongroup buttongroup--copytext\">\n<li class=\"buttongroup__item\">\n<p>    <a class=\"btn btn--text btn--standard-secondary btn--fullwidth\" href=\"https:\/\/www.sportschau.de\/live-und-ergebnisse\/fussball\/deutschland-2-bundesliga\/se94781\/2025-2026\/ro262550\/spieltag\/md4\/spiele-und-ergebnisse\" target=\"_blank\" rel=\"noopener\"><br \/>\n        4. Spieltag<br \/>\n        Pfeil rechts<\/p>\n<p>    <\/a>\n<\/li>\n<li class=\"buttongroup__item\">\n<p>    <a class=\"btn btn--text btn--standard-secondary btn--fullwidth\" href=\"https:\/\/www.sportschau.de\/live-und-ergebnisse\/fussball\/deutschland-2-bundesliga\/ma11200154\/hertha-bsc_sv-07-elversberg\/liveticker\" target=\"_blank\" rel=\"noopener\"><br \/>\n        Live-Ticker zum Nachlesen<br \/>\n        Pfeil rechts<\/p>\n<p>    <\/a>\n<\/li>\n<\/ul>\n<p>    Dardai und Ernst machen bei Ebnoutalib-Tor keine gute Figur<\/p>\n<p class=\"textabsatz m-ten m-offset-one l-eight l-offset-two columns twelve\">\nEin Kl\u00e4rungsversuch von Marton Dardai verungl\u00fcckte, Ebnoutalib kam im Strafraum an den Ball, tanzte den Ungar aus und erwischte dann auch noch Torh\u00fcter Tjark Ernst aus spitzem Winkel im kurzen Eck. Es war eine Berliner Fehlerkette, die auch sinnbildlich f\u00fcr den bisherigen Saisonstart (zwei Punkte aus drei Spielen) war.<\/p>\n<p class=\"textabsatz m-ten m-offset-one l-eight l-offset-two columns twelve\">\nWas Leitl in diesen Minuten auch besch\u00e4ftigt haben d\u00fcrfte, war die torlose Serie seines Teams. In den drei vorigen Pflichtspielen gegen den Karlsruher SC (0:0), im DFB-Pokal bei Preu\u00dfen M\u00fcnster (0:0, 5:3 im Elfmeterschie\u00dfen) und bei Darmstadt 98 (0:0) war Hertha kein Tor aus dem Spiel gelungen. Und nun kassierte der eigentliche Topfavorit auf den Aufstieg auch noch wieder einen Treffer.<\/p>\n<p>    Elversberg dem zweiten Tor deutlich n\u00e4her als Hertha dem Ausgleich<\/p>\n<p class=\"textabsatz m-ten m-offset-one l-eight l-offset-two columns twelve\">\nDoch auch nach diesem Missgeschick machten die Hauptst\u00e4dter keinen guten Eindruck. Die eigenen offensiven Bem\u00fchungen waren tr\u00e4ge und erfolglos, w\u00e4hrend Elversbergs Angriffe oftmals viel mehr Gefahr ausstrahlten. Und der Fast-Aufsteiger der vergangenen Saison (Relegation gegen den 1. FC Heidenheim verloren) war auch ideenreicher. Maximilian Rohr \u00fcbert\u00f6lpete Ernst mit einem Schuss von der Mittellinie, der Ball ging aber knapp am Tor vorbei (22.).<\/p>\n<p class=\"textabsatz m-ten m-offset-one l-eight l-offset-two columns twelve\">\nNoch knapper kam Elversberg dem zweiten Treffer zehn Minuten sp\u00e4ter. Nach einer starken Kombination versuchte es Lasse G\u00fcnther aus halblinker Position im Strafraum und wuchtete den Ball an den Pfosten (32.). Das Ergebnis f\u00fcr Hertha war schmeichelhaft, den einzigen eigenen ernstzunehmenden Abschluss gab es von Maurice Krattenmacher, der aus 14 Metern den Ball aber nicht voll traf, weshalb Niolas Kristof keine Probleme hatte (35.).<\/p>\n<p>    Ebnoutalib belohnt beeindruckende Elversberger<\/p>\n<p class=\"textabsatz m-ten m-offset-one l-eight l-offset-two columns twelve\">\nDass Elversberg die deutlich bessere Mannschaft war, \u00e4nderte sich auch nach der Pause nicht. Nach einem Konter hatte erneut G\u00fcnther die gro\u00dfe Gelegenheit auf das 2:0, diesmal kam der Linksverteidiger aus kurzer Distanz aber nicht an Ernst vorbei (47.). Das \u00fcbernahm dann aber wieder Ebnoutalib, nachdem die SVE die Herthaner Defensive wieder problemlos ausgespielt hatte, vollstreckte der St\u00fcrmer wieder eiskalt (59.).<\/p>\n<p class=\"textabsatz m-ten m-offset-one l-eight l-offset-two columns twelve\">\nSo erschreckend der Auftritt der Berliner wieder war, so herauszuheben ist aber auch erneut die Leistung der Elversberger gewesen. Vor der Saison war der Aderlass riesig, neben Trainer Horst Steffen (Werder Bremen) verlie\u00dfen zahlreiche Topspieler den Verein &#8211; doch der scheint das wieder kompensieren zu k\u00f6nnen. Die Saarl\u00e4nder arbeiteten an ihrem dritten Saisonsieg, hatten auch im Pokal die knifflige Aufgabe beim SSV Ulm (1:0) bew\u00e4ltigt.<\/p>\n<p>    Platzverweis f\u00fcr Gechter macht den Deckel drauf<\/p>\n<p class=\"textabsatz m-ten m-offset-one l-eight l-offset-two columns twelve\">\nHertha n\u00e4herte sich nach dem erneuten R\u00fcckschlag immerhin wieder mit einer Chance von Sebastian Groenning an (64.), wie ein Team, das zum Siegen verdammt war, wirkte die Leitl-Truppe allerdings nach wie vor nicht. Und dann wurde das Unterfangen einer Aufholjagd nicht nur aufgrund der fortschreitenden Zeit und der schwachen \u00d6eistung immer mehr ein Ding der Unm\u00f6glichkeit &#8211; denn Linus Gechter sah nach einem Foulspiel Gelb-Rot (77.).<\/p>\n<p class=\"textabsatz m-ten m-offset-one l-eight l-offset-two columns twelve\">\nIn Unterzahl brachte Hertha dann erst recht nichts Z\u00e4hlbares mehr zustande, stattdessen vergab Jason Ceka die gro\u00dfe Chance auf das 3:0 f\u00fcr die G\u00e4ste (85.). Das \u00e4nderte aber nichts am Ausgang und auch nichts daran, dass Berlin auch im vierten Spiel in Folge ohne Torerfolg blieb.<\/p>\n<p class=\"textabsatz m-ten m-offset-one l-eight l-offset-two columns twelve\">\nNachdem die Fans ihre Mannschaft schon mit Pfiffen in die Halbzeitpause verabschiedet hatten, quittierten sie den schwachen Auftritt entsprechend auch nach dem Schlusspfiff. Nach der L\u00e4nderspielpause wird es am Samstagabend (20.30 Uhr) wieder darum gehen, gewinnen zu m\u00fcssen. Elversberg kann derweil am Tag danach gegen Dynamo Dresden (13.30 Uhr) die Erfolgswelle weiterreiten.<\/p>\n<ul class=\"buttongroup buttongroup--copytext\">\n<li class=\"buttongroup__item\">\n<p>    <a class=\"btn btn--text btn--standard-secondary btn--fullwidth\" href=\"https:\/\/calovo.de\/f\/sportschau\/hertha-bsc\" target=\"_blank\" rel=\"noopener\"><br \/>\n        Hertha BSC f\u00fcr Ihren Kalender<br \/>\n        Pfeil rechts<\/p>\n<p>    <\/a>\n<\/li>\n<li class=\"buttongroup__item\">\n<p>    <a class=\"btn btn--text btn--standard-secondary btn--fullwidth\" href=\"https:\/\/calovo.de\/f\/sportschau\/sv-elversberg\" target=\"_blank\" rel=\"noopener\"><br \/>\n        SV Elversberg f\u00fcr Ihren Kalender<br \/>\n        Pfeil rechts<\/p>\n<p>    <\/a>\n<\/li>\n<\/ul>\n","protected":false},"excerpt":{"rendered":"Stand: 29.08.2025 20:25 Uhr Die SV Elversberg l\u00e4sst die &#8222;Alte Dame&#8220; ganz alt aussehen: Der Doppelpack von Younes&hellip;\n","protected":false},"author":2,"featured_media":382589,"comment_status":"","ping_status":"","sticky":false,"template":"","format":"standard","meta":{"footnotes":""},"categories":[5],"tags":[621,347,13,1088,14,15,12,15837,10,8,9,11],"class_list":{"0":"post-382588","1":"post","2":"type-post","3":"status-publish","4":"format-standard","5":"has-post-thumbnail","7":"category-nachrichten","8":"tag-2-bundesliga","9":"tag-fussball","10":"tag-headlines","11":"tag-hertha-bsc","12":"tag-nachrichten","13":"tag-news","14":"tag-schlagzeilen","15":"tag-sv-07-elversberg","16":"tag-top-news","17":"tag-top-meldungen","18":"tag-topmeldungen","19":"tag-topnews"},"share_on_mastodon":{"url":"https:\/\/pubeurope.com\/@de\/115113701143240354","error":""},"_links":{"self":[{"href":"https:\/\/www.europesays.com\/de\/wp-json\/wp\/v2\/posts\/382588","targetHints":{"allow":["GET"]}}],"collection":[{"href":"https:\/\/www.europesays.com\/de\/wp-json\/wp\/v2\/posts"}],"about":[{"href":"https:\/\/www.europesays.com\/de\/wp-json\/wp\/v2\/types\/post"}],"author":[{"embeddable":true,"href":"https:\/\/www.europesays.com\/de\/wp-json\/wp\/v2\/users\/2"}],"replies":[{"embeddable":true,"href":"https:\/\/www.europesays.com\/de\/wp-json\/wp\/v2\/comments?post=382588"}],"version-history":[{"count":0,"href":"https:\/\/www.europesays.com\/de\/wp-json\/wp\/v2\/posts\/382588\/revisions"}],"wp:featuredmedia":[{"embeddable":true,"href":"https:\/\/www.europesays.com\/de\/wp-json\/wp\/v2\/media\/382589"}],"wp:attachment":[{"href":"https:\/\/www.europesays.com\/de\/wp-json\/wp\/v2\/media?parent=382588"}],"wp:term":[{"taxonomy":"category","embeddable":true,"href":"https:\/\/www.europesays.com\/de\/wp-json\/wp\/v2\/categories?post=382588"},{"taxonomy":"post_tag","embeddable":true,"href":"https:\/\/www.europesays.com\/de\/wp-json\/wp\/v2\/tags?post=382588"}],"curies":[{"name":"wp","href":"https:\/\/api.w.org\/{rel}","templated":true}]}}