{"id":382654,"date":"2025-08-29T20:05:13","date_gmt":"2025-08-29T20:05:13","guid":{"rendered":"https:\/\/www.europesays.com\/de\/382654\/"},"modified":"2025-08-29T20:05:13","modified_gmt":"2025-08-29T20:05:13","slug":"verdacht-der-gefaehrlichen-koerperverletzung-in-dresdner-strassenbahn-gesuchter-20-jaehriger-stellt-sich-nach-oeffentlichkeitsfahndung-selbst-2","status":"publish","type":"post","link":"https:\/\/www.europesays.com\/de\/382654\/","title":{"rendered":"Verdacht der gef\u00e4hrlichen K\u00f6rperverletzung in Dresdner Stra\u00dfenbahn \u2013 gesuchter 20-J\u00e4hriger stellt sich nach \u00d6ffentlichkeitsfahndung selbst"},"content":{"rendered":"<p>Der seit Freitagmorgen mit einer \u00d6ffentlichkeitsfahndung gesuchte 20-J\u00e4hrige hat sich am Nachmittag der Polizei gestellt (siehe \u00d6ffentlichkeitsfahndung Nr. 46\/2025 vom 29. August 2025). Polizisten nahmen den Syrer am Amalie-Dietrich-Platz fest, nachdem er 14:35 Uhr den Notruf gew\u00e4hlt und seinen Standort genannt hatte.<\/p>\n<p>Der 20-J\u00e4hrige muss sich unter anderem wegen gef\u00e4hrlicher K\u00f6rperverletzung verantworten. Ihm wird vorgeworfen, an dem Angriff auf einen 20-j\u00e4hrigen US-Amerikaner am 24. August 2025, 00:25 Uhr in einer Stra\u00dfenbahn der Linie 7 beteiligt gewesen zu sein und diesem mit einem Messer Schnittverletzungen im Gesicht zugef\u00fcgt zu haben.<\/p>\n<p>Er wurde aufgrund eines in dieser Sache bereits bestehenden Haftbefehls festgenommen und soll zeitnah dem zust\u00e4ndigen Ermittlungsrichter am Amtsgericht Dresden vorgef\u00fchrt werden, der \u00fcber den Vollzug der Untersuchungshaft entscheiden wird.<\/p>\n<p>Die Ermittlungen dauern an und werden noch einige Zeit in Anspruch nehmen.<\/p>\n","protected":false},"excerpt":{"rendered":"Der seit Freitagmorgen mit einer \u00d6ffentlichkeitsfahndung gesuchte 20-J\u00e4hrige hat sich am Nachmittag der Polizei gestellt (siehe \u00d6ffentlichkeitsfahndung Nr.&hellip;\n","protected":false},"author":2,"featured_media":63452,"comment_status":"","ping_status":"","sticky":false,"template":"","format":"standard","meta":{"footnotes":""},"categories":[1835],"tags":[3364,29,2386,30,682,11728,121,859],"class_list":{"0":"post-382654","1":"post","2":"type-post","3":"status-publish","4":"format-standard","5":"has-post-thumbnail","7":"category-dresden","8":"tag-de","9":"tag-deutschland","10":"tag-dresden","11":"tag-germany","12":"tag-koerperverletzung","13":"tag-oeffentlichkeitsfahndung","14":"tag-polizei","15":"tag-sachsen"},"share_on_mastodon":{"url":"https:\/\/pubeurope.com\/@de\/115113854495765839","error":""},"_links":{"self":[{"href":"https:\/\/www.europesays.com\/de\/wp-json\/wp\/v2\/posts\/382654","targetHints":{"allow":["GET"]}}],"collection":[{"href":"https:\/\/www.europesays.com\/de\/wp-json\/wp\/v2\/posts"}],"about":[{"href":"https:\/\/www.europesays.com\/de\/wp-json\/wp\/v2\/types\/post"}],"author":[{"embeddable":true,"href":"https:\/\/www.europesays.com\/de\/wp-json\/wp\/v2\/users\/2"}],"replies":[{"embeddable":true,"href":"https:\/\/www.europesays.com\/de\/wp-json\/wp\/v2\/comments?post=382654"}],"version-history":[{"count":0,"href":"https:\/\/www.europesays.com\/de\/wp-json\/wp\/v2\/posts\/382654\/revisions"}],"wp:featuredmedia":[{"embeddable":true,"href":"https:\/\/www.europesays.com\/de\/wp-json\/wp\/v2\/media\/63452"}],"wp:attachment":[{"href":"https:\/\/www.europesays.com\/de\/wp-json\/wp\/v2\/media?parent=382654"}],"wp:term":[{"taxonomy":"category","embeddable":true,"href":"https:\/\/www.europesays.com\/de\/wp-json\/wp\/v2\/categories?post=382654"},{"taxonomy":"post_tag","embeddable":true,"href":"https:\/\/www.europesays.com\/de\/wp-json\/wp\/v2\/tags?post=382654"}],"curies":[{"name":"wp","href":"https:\/\/api.w.org\/{rel}","templated":true}]}}