{"id":382666,"date":"2025-08-29T20:12:17","date_gmt":"2025-08-29T20:12:17","guid":{"rendered":"https:\/\/www.europesays.com\/de\/382666\/"},"modified":"2025-08-29T20:12:17","modified_gmt":"2025-08-29T20:12:17","slug":"borussia-dortmund-holt-silva-neuer-star-kaempft-gleich-gegen-ein-problem","status":"publish","type":"post","link":"https:\/\/www.europesays.com\/de\/382666\/","title":{"rendered":"Borussia Dortmund holt Silva! Neuer Star k\u00e4mpft gleich gegen ein Problem"},"content":{"rendered":"\n<p>Die letzte Woche des Transferfensters entwickelt sich bei Borussia Dortmund zu einem ganz wilden Ritt. Nachdem die Fans nach Jobe Bellingham (und Patrick Drewes) Monate auf weitere Verpflichtungen warten mussten, rappelte es richtig im Karton.<\/p>\n<p>Den Wechseln von Carney Chukwuemeka und Aaron Anselmino folgte am Freitag (29. August) auch noch die Verpflichtung von St\u00fcrmer Fabio Silva (<a href=\"https:\/\/www.derwesten.de\/sport\/fussball\/bvb\/borussia-dortmund-fabio-silva-wechsel-offiziell-id301785431.html\" rel=\"nofollow noopener\" target=\"_blank\">hier bekommst du alle Infos<\/a>). Insbesondere der St\u00fcrmer sieht sich bei Borussia Dortmund aber gleich mit einem Problem konfrontiert: Er wird viele Fans erst auf seine Seite bringen m\u00fcssen!<\/p>\n<p> Borussia Dortmund: Die Anspr\u00fcche sind hoch <\/p>\n<p>Die Anspr\u00fcche auf Seiten der Anh\u00e4nger sind beim BVB enorm. Nach einer holprigen Saison, die man im Endspurt gerade noch retten konnte, wollten viele einen Umbruch in Dortmund sehen. Die Bosse jedoch entschieden sich dagegen. Der Kader wurde, trotz der jetzt erfolgten drei Transfers, nur punktuell verst\u00e4rkt. Das sorgt hier und da schon f\u00fcr Verstimmungen.<\/p>\n<p>+++ <a href=\"https:\/\/www.derwesten.de\/sport\/fussball\/bvb\/borussia-dortmund-bvb-transfers-leverkusen-erblasst-id301781207.html\" rel=\"nofollow noopener\" target=\"_blank\">Dortmund erblasst vor Neid \u2013 mit dieser Power kann der BVB nicht mithalten<\/a> +++<\/p>\n<p>Doch es geht noch weiter. Auch h\u00e4tten es zahlreiche Fans lieber gesehen, wenn andere Positionen Verst\u00e4rkung erfahren h\u00e4tten. Brauchte es wirklich <a href=\"https:\/\/www.derwesten.de\/sport\/fussball\/bvb\/bvb-dortmund-transfer-chukwuemeka-chelsea-id301781387.html\" rel=\"nofollow noopener\" target=\"_blank\">Chukwuemeka<\/a> und Bellingham in einem Transferfenster? Beide sind klare Achter \u2013 eine Position, auf der sich bei Borussia Dortmund eh schon einige Spieler tummeln. Lieber h\u00e4tte man daf\u00fcr einen echten Sechser oder Zehner gesehen, denn hier besteht tats\u00e4chlich Bedarf. <\/p>\n<p>Und am allerwenigsten hatten die Fans wohl an einen neuen St\u00fcrmer gedacht. Mit Serhou Guirassy hat man einen der besten Angreifer der Liga. Ihm standen Karim Adeyemi und Maxi Beier zur Seite. Dass Dortmund jetzt nochmal bis zu 25 Millionen Euro in Silva investiert, sehen einige kritisch.<\/p>\n<p> Silva muss Fans \u00fcberzeugen <\/p>\n<p>Und somit steht der Portugiese gleich mal vor dem Problem, dass sein Transfer kontrovers als kontrovers wahrgenommen wird. \u201eMaximal unn\u00f6tig\u201c, kommentierte ein Fan auf \u201eX\u201c, \u201eEin St\u00fcrmer hat uns ja auch noch gefehlt!\u201c, meinte ein anderer sarkastisch. Auch hie\u00df es: \u201eEs macht keinen Sinn.\u201c<\/p>\n<p>Top-News des Tages:<\/p>\n<p>Zwar betonen auch zahlreiche Kommentare, dass der Spieler nichts f\u00fcr die Entscheidung des Managements kann und dass er eine faire Chance verdient. Doch sollte Silva nicht z\u00fcnden, d\u00fcrften die Diskussionen um ihn und die Abl\u00f6se schnell laut werden. Mehr als alle anderen Zug\u00e4nge l\u00e4uft er Gefahr, schnell als Transfer-Flop gewertet zu werden. Um dem zu entgehen, muss er es bei Borussia Dortmund schnell schaffen, nicht nur im Schatten von Serhou Guirassy zu agieren.<\/p>\n","protected":false},"excerpt":{"rendered":"Die letzte Woche des Transferfensters entwickelt sich bei Borussia Dortmund zu einem ganz wilden Ritt. Nachdem die Fans&hellip;\n","protected":false},"author":2,"featured_media":382667,"comment_status":"","ping_status":"","sticky":false,"template":"","format":"standard","meta":{"footnotes":""},"categories":[1833],"tags":[3364,29,217,30,1209],"class_list":{"0":"post-382666","1":"post","2":"type-post","3":"status-publish","4":"format-standard","5":"has-post-thumbnail","7":"category-dortmund","8":"tag-de","9":"tag-deutschland","10":"tag-dortmund","11":"tag-germany","12":"tag-nordrhein-westfalen"},"share_on_mastodon":{"url":"https:\/\/pubeurope.com\/@de\/115113882067690845","error":""},"_links":{"self":[{"href":"https:\/\/www.europesays.com\/de\/wp-json\/wp\/v2\/posts\/382666","targetHints":{"allow":["GET"]}}],"collection":[{"href":"https:\/\/www.europesays.com\/de\/wp-json\/wp\/v2\/posts"}],"about":[{"href":"https:\/\/www.europesays.com\/de\/wp-json\/wp\/v2\/types\/post"}],"author":[{"embeddable":true,"href":"https:\/\/www.europesays.com\/de\/wp-json\/wp\/v2\/users\/2"}],"replies":[{"embeddable":true,"href":"https:\/\/www.europesays.com\/de\/wp-json\/wp\/v2\/comments?post=382666"}],"version-history":[{"count":0,"href":"https:\/\/www.europesays.com\/de\/wp-json\/wp\/v2\/posts\/382666\/revisions"}],"wp:featuredmedia":[{"embeddable":true,"href":"https:\/\/www.europesays.com\/de\/wp-json\/wp\/v2\/media\/382667"}],"wp:attachment":[{"href":"https:\/\/www.europesays.com\/de\/wp-json\/wp\/v2\/media?parent=382666"}],"wp:term":[{"taxonomy":"category","embeddable":true,"href":"https:\/\/www.europesays.com\/de\/wp-json\/wp\/v2\/categories?post=382666"},{"taxonomy":"post_tag","embeddable":true,"href":"https:\/\/www.europesays.com\/de\/wp-json\/wp\/v2\/tags?post=382666"}],"curies":[{"name":"wp","href":"https:\/\/api.w.org\/{rel}","templated":true}]}}