{"id":382692,"date":"2025-08-29T20:25:19","date_gmt":"2025-08-29T20:25:19","guid":{"rendered":"https:\/\/www.europesays.com\/de\/382692\/"},"modified":"2025-08-29T20:25:19","modified_gmt":"2025-08-29T20:25:19","slug":"koehlbrandbruecke-wochenend-vollsperrung-geht-bis-montagmorgen","status":"publish","type":"post","link":"https:\/\/www.europesays.com\/de\/382692\/","title":{"rendered":"K\u00f6hlbrandbr\u00fccke: Wochenend-Vollsperrung geht bis Montagmorgen"},"content":{"rendered":"<p>        K\u00f6hlbrandbr\u00fccke: Wochenend-Vollsperrung geht bis Montagmorgen | ndr.de<\/p>\n<p>    <a id=\"anchor-content\"\/><\/p>\n<p>        <img decoding=\"async\" src=\"https:\/\/www.europesays.com\/de\/wp-content\/uploads\/2025\/08\/koehlbrandbruecke-106.webp\" alt=\"Blick auf die K\u00f6hlbrandbr\u00fccke.\" title=\"Blick auf die K\u00f6hlbrandbr\u00fccke. | picture alliance\/dpa | Georg Wendt\" class=\"responsive\"\/><\/p>\n<p>AUDIO: K\u00f6hlbrandbr\u00fccke am Wochenende voll gesperrt (1 Min)<\/p>\n<p>\n            Stand: 29.08.2025 21:40 Uhr<\/p>\n<p class=\"preface\">Aufgrund planm\u00e4\u00dfiger Reparatur- und Wartungsarbeiten ist die K\u00f6hlbrandbr\u00fccke dieses Wochenende voll gesperrt. Auch das darauf folgende Wochenende ist eine Vollsperrung der Br\u00fccke geplant. <\/p>\n<p class=\"\">\nDie Br\u00fccke ist f\u00fcr den gesamten Verkehr noch <strong>bis Montagmorgen, den 1. September, um 5 Uhr <\/strong>gesperrt.<strong> <\/strong>Auch von <strong> Freitag, den 5. September, um 21 Uhr, bis Montagmorgen, den 8. September, um 5 Uhr <\/strong>gibt es eine Vollsperrung.<\/p>\n<p>    Umleitungen in Fahrtrichtung Westen und Osten<\/p>\n<p class=\"\">\nIn Fahrtrichtung Westen (Beschilderung U30) f\u00fchrt die Umleitung \u00fcber: Ro\u00dfdamm &#8211; Neuh\u00f6fer Damm &#8211; Rethedamm &#8211; Hohe-Schaar-Stra\u00dfe &#8211; Kattwykdamm &#8211; Moorburger Hauptdeich &#8211; F\u00fcrstenmoordamm &#8211; Georg-Heyken-Stra\u00dfe &#8211; Waltershofer Stra\u00dfe &#8211; Vollh\u00f6fener Weiden &#8211; Finkenwerder Ring &#8211; Finkenwerder Stra\u00dfe.<\/p>\n<p class=\"\">\nIn Fahrtrichtung Osten (Beschilderung U40) f\u00fchrt die Umleitung \u00fcber: Finkenwerder Stra\u00dfe &#8211; Vollh\u00f6fener Weiden &#8211; Waltershofer Stra\u00dfe &#8211; Georg-Heyken-Stra\u00dfe &#8211; F\u00fcrstenmoordamm &#8211; Moorburger Hauptdeich &#8211; Kattwykdamm &#8211; Hohe-Schaar-Stra\u00dfe &#8211; Rethedamm &#8211; Neuh\u00f6fer Damm &#8211; Ro\u00dfdamm.<\/p>\n<p>    N\u00e4chste Sperrung im Oktober geplant<\/p>\n<p class=\"\">\nDie n\u00e4chste Vollsperrung steht dann im Oktober an, von <strong>Donnerstag, den 9. Oktober, um 22 Uhr, bis Montagmorgen, den 13. Oktober, um 5 Uhr. <\/strong>Alle <a href=\"https:\/\/www.ndr.de\/nachrichten\/hamburg\/hpa-100~splash.html\" title=\"Sperrungen der K\u00f6hlbrandbr\u00fccke in Hamburg in 2025\" data-url=\"https:\/\/www.hamburg-port-authority.de\/de\/strasse\/bruecken-und-schleusen\" class=\"js-link-dialog\" data-type=\"external\" target=\"_blank\" rel=\"noopener\">Sperrtermine f\u00fcr die K\u00f6hlbrandbr\u00fccke im Jahr 2025<\/a> sind auf der Website der Hamburg Port Authority zu finden.<\/p>\n<p>    Neubau der K\u00f6hlbrandbr\u00fccke ist beschlossene Sache<\/p>\n<p class=\"\">\nDas 1974 fertiggestellte Bauwerk kann nach Angaben der Hamburger Wirtschaftsbeh\u00f6rde nicht saniert werden und hindert gro\u00dfe Containerschiffe an der Durchfahrt zum Terminal Altenwerder. Im April 2024 hatte der Hamburger Senat einen Ersatzneubau beschlossen.\u00a0Nach Einsch\u00e4tzung von Wirtschaftssenatorin Melanie Leonhard (SPD) k\u00f6nnen im besten Fall Ende der 2030er-Jahre Autos \u00fcber die neue K\u00f6hlbrandbr\u00fccke fahren. Bislang sieht die Planung vor, dass das Bauwerk 2042 f\u00fcr den Verkehr freigegeben wird. Zeitweise war auch der Bau eines Tunnels im Gespr\u00e4ch.<\/p>\n<p>        <img decoding=\"async\" src=\"https:\/\/www.europesays.com\/de\/wp-content\/uploads\/2025\/08\/koehlbrandbruecke382.webp\" alt=\"Die Hamburger K\u00f6hlbrandbr\u00fccke\" title=\"Autos fahren \u00fcber die K\u00f6hlbrandbr\u00fccke im Hamburger Hafen. | picture alliance\/dpa | Markus Scholz, picture alliance\/dpa | Markus Scholz\" class=\"responsive\" loading=\"lazy\"\/><\/p>\n<p>Damit soll das marode Bauwerk im Hafen geschont werden. Die Br\u00fccke soll noch einige Jahre halten, bis ein Neubau fertig ist. (05.04.2025)<\/p>\n<p>        <img decoding=\"async\" src=\"https:\/\/www.europesays.com\/de\/wp-content\/uploads\/2025\/08\/screenshot1826602.webp\" alt=\"Die K\u00f6hlbrandbr\u00fccke in Hamburg.\" title=\"Die K\u00f6hlbrandbr\u00fccke in Hamburg. | Screenshot\" class=\"responsive\" loading=\"lazy\"\/><\/p>\n<p>Im Hamburger Hafen soll eine neue K\u00f6hlbrandbr\u00fccke gebaut werden. Nur die Planungen haben bereits etwa 73 Millionen Euro gekostet. (18.02.2025)<\/p>\n<p>        <img decoding=\"async\" src=\"https:\/\/www.europesays.com\/de\/wp-content\/uploads\/2025\/08\/koehlbrandbruecke444.webp\" alt=\"Die K\u00f6hlbrandbr\u00fccke in Hamburg.\" title=\"Die K\u00f6hlbrandbr\u00fccke in Hamburg. | Jan Wulf - NDR, Jan Wulf - NDR\" class=\"responsive\" loading=\"lazy\"\/><\/p>\n<p>Anfang der 2040er-Jahre soll die neue K\u00f6hlbrandbr\u00fccke im Hafen laut Senat stehen. Der Industrieverband Hamburg fordert deutlich mehr Tempo. (12.02.2025)<\/p>\n<p>        <img decoding=\"async\" src=\"https:\/\/www.europesays.com\/de\/wp-content\/uploads\/2025\/08\/koehlbrandbruecke426.webp\" alt=\"Bau der K\u00f6hlbrandbr\u00fccke in Hamburg: Errichtung der Pfeiler - Luftaufnahme. (6. Juli 1972)\" title=\"Bau der K\u00f6hlbrandbr\u00fccke in Hamburg: Errichtung der Pfeiler - Luftaufnahme. (6. Juli 1972) | picture alliance \/ dpa \" class=\"responsive\" loading=\"lazy\"\/><\/p>\n<p>Am 8. Mai 1970 wurde mit den Arbeiten f\u00fcr die K\u00f6hlbrandbr\u00fccke im Hamburger Hafen begonnen. Das Wahrzeichen der Stadt ist inzwischen marode. (08.05.2025)<\/p>\n<p>        <img decoding=\"async\" src=\"https:\/\/www.europesays.com\/de\/wp-content\/uploads\/2025\/08\/stadtderby-126.webp\" alt=\"Hamburgs Jordan Torunarigha (r.) im Zweikampf mit St. Paulis Andreas Hountondji\" title=\"Hamburgs Jordan Torunarigha (r.) im Zweikampf mit St. Paulis Andreas Hountondji | Witters\/Leonie Horky\" class=\"responsive\" loading=\"lazy\"\/><\/p>\n<p>Wer gewinnt das Hamburger Stadtderby? Die Bundesliga-Partie jetzt hier in Liveticker und Audio-Vollreportage verfolgen.<\/p>\n<p>        <img decoding=\"async\" src=\"https:\/\/www.europesays.com\/de\/wp-content\/uploads\/2025\/08\/hsv-498.webp\" alt=\"Fanmarsch des HSV auf dem Weg zum Stadion. \" title=\"Fanmarsch des HSV auf dem Weg zum Stadion.  | NDR \/ Elias Bartl\" class=\"responsive\" loading=\"lazy\"\/><\/p>\n<p>Tausende Fans von HSV und FC St. Pauli sind auf verschiedenen Routen zum Volksparkstadion gelangt. Dabei blieb es laut Polizei friedlich. <\/p>\n<p>        <img decoding=\"async\" src=\"https:\/\/www.europesays.com\/de\/wp-content\/uploads\/2025\/08\/prozess-244.webp\" alt=\"Blick in den Gerichtssaal im Prozess wegen mutma\u00dflicher Kindesentf\u00fchrung im Landgericht Hamburg.\" title=\"Blick in den Gerichtssaal im Prozess wegen mutma\u00dflicher Kindesentf\u00fchrung im Landgericht Hamburg. | Marcus Brandt\/dpa Pool\" class=\"responsive\" loading=\"lazy\"\/><\/p>\n<p>In der Vernehmung blieb unklar, wer genau die Entf\u00fchrung bei der israelischen Sicherheitsfirma in Auftrag gegeben hatte. <\/p>\n<p>        <img decoding=\"async\" src=\"https:\/\/www.europesays.com\/de\/wp-content\/uploads\/2025\/08\/screenshot-25222.webp\" alt=\"Bauarbeiten auf dem S-Bahn-Bahnsteig im Hamburger Hauptbahnhof. \" title=\"Bauarbeiten auf dem S-Bahn-Bahnsteig im Hamburger Hauptbahnhof.  | Screenshot\" class=\"responsive\" loading=\"lazy\"\/><\/p>\n<p>Wer am Wochenende mit der S-Bahn fahren will, muss umplanen: Ersatzbusse, l\u00e4ngere Wege und zus\u00e4tzliche Reisezeit drohen.<\/p>\n","protected":false},"excerpt":{"rendered":"K\u00f6hlbrandbr\u00fccke: Wochenend-Vollsperrung geht bis Montagmorgen | ndr.de AUDIO: K\u00f6hlbrandbr\u00fccke am Wochenende voll gesperrt (1 Min) Stand: 29.08.2025 21:40&hellip;\n","protected":false},"author":2,"featured_media":382693,"comment_status":"","ping_status":"","sticky":false,"template":"","format":"standard","meta":{"footnotes":""},"categories":[1826],"tags":[44348,29,30,693,692,72009,2224],"class_list":{"0":"post-382692","1":"post","2":"type-post","3":"status-publish","4":"format-standard","5":"has-post-thumbnail","7":"category-hamburg","8":"tag-brueckensanierung","9":"tag-deutschland","10":"tag-germany","11":"tag-hafen","12":"tag-hamburg","13":"tag-koehlbrandbruecke","14":"tag-sperrung"},"share_on_mastodon":{"url":"https:\/\/pubeurope.com\/@de\/115113933837985670","error":""},"_links":{"self":[{"href":"https:\/\/www.europesays.com\/de\/wp-json\/wp\/v2\/posts\/382692","targetHints":{"allow":["GET"]}}],"collection":[{"href":"https:\/\/www.europesays.com\/de\/wp-json\/wp\/v2\/posts"}],"about":[{"href":"https:\/\/www.europesays.com\/de\/wp-json\/wp\/v2\/types\/post"}],"author":[{"embeddable":true,"href":"https:\/\/www.europesays.com\/de\/wp-json\/wp\/v2\/users\/2"}],"replies":[{"embeddable":true,"href":"https:\/\/www.europesays.com\/de\/wp-json\/wp\/v2\/comments?post=382692"}],"version-history":[{"count":0,"href":"https:\/\/www.europesays.com\/de\/wp-json\/wp\/v2\/posts\/382692\/revisions"}],"wp:featuredmedia":[{"embeddable":true,"href":"https:\/\/www.europesays.com\/de\/wp-json\/wp\/v2\/media\/382693"}],"wp:attachment":[{"href":"https:\/\/www.europesays.com\/de\/wp-json\/wp\/v2\/media?parent=382692"}],"wp:term":[{"taxonomy":"category","embeddable":true,"href":"https:\/\/www.europesays.com\/de\/wp-json\/wp\/v2\/categories?post=382692"},{"taxonomy":"post_tag","embeddable":true,"href":"https:\/\/www.europesays.com\/de\/wp-json\/wp\/v2\/tags?post=382692"}],"curies":[{"name":"wp","href":"https:\/\/api.w.org\/{rel}","templated":true}]}}