{"id":382715,"date":"2025-08-29T20:38:12","date_gmt":"2025-08-29T20:38:12","guid":{"rendered":"https:\/\/www.europesays.com\/de\/382715\/"},"modified":"2025-08-29T20:38:12","modified_gmt":"2025-08-29T20:38:12","slug":"konkurrenz-fuer-avatar-3-das-wohl-gewaltigste-action-epos-des-jahres-hat-endlich-einen-starttermin-kino-news","status":"publish","type":"post","link":"https:\/\/www.europesays.com\/de\/382715\/","title":{"rendered":"Konkurrenz f\u00fcr &#8222;Avatar 3&#8220;? Das wohl gewaltigste Action-Epos des Jahres hat endlich einen Starttermin! &#8211; Kino News"},"content":{"rendered":"<p>Mit \u201eAvatar: Fire And Ash\u201c startet kurz vor Weihnachten einer der meisterwarteten Blockbuster des Jahres. Doch auch schon zu Halloween d\u00fcrfen wir uns \u00fcber ein au\u00dfergew\u00f6hnliches, gigantisches Epos mit Hit-Potenzial freuen.<\/p>\n<p class=\"bo-p\">Auch wenn Hollywood im Laufe des aktuellen Kinojahres bereits einige Erfolgsgeschichten schreiben konnte \u2013 von \u201e<a href=\"https:\/\/www.filmstarts.de\/kritiken\/326355.html\" class=\"bo-link\" rel=\"nofollow noopener\" target=\"_blank\">Blood &amp; Sinners<\/a>\u201c  und \u201e<a href=\"https:\/\/www.filmstarts.de\/kritiken\/227463.html\" class=\"bo-link\" rel=\"nofollow noopener\" target=\"_blank\">Ein Minecraft Film<\/a>\u201c bis \u201e<a href=\"https:\/\/www.filmstarts.de\/kritiken\/268362.html\" class=\"bo-link\" rel=\"nofollow noopener\" target=\"_blank\">Lilo &amp; Stitch<\/a>\u201c \u2013, kommt die gr\u00f6\u00dfte Box-Office-Sensation 2025 zweifelsohne aus China: Der Animationsfilm \u201e<a href=\"https:\/\/www.filmstarts.de\/kritiken\/1000017478.html\" class=\"bo-link\" rel=\"nofollow noopener\" target=\"_blank\">Ne Zha 2<\/a>\u201c konnte mehr als 2,217 Milliarden Dollar einspielen und avancierte damit zum f\u00fcnfterfolgreichsten Film aller Zeiten. Der Titel des gr\u00f6\u00dften Kinohits des Jahres scheint ihm damit so gut wie sicher \u2013 w\u00e4re da nicht James Cameron, der mit \u201e<a href=\"https:\/\/www.filmstarts.de\/kritiken\/187247.html\" class=\"bo-link\" rel=\"nofollow noopener\" target=\"_blank\">Avatar: Fire And Ash<\/a>\u201c ab dem 17. Dezember zum dritten Mal in die faszinierende Welt von Pandora entf\u00fchrt.<\/p>\n<p class=\"bo-p\">Die R\u00fcckkehr von Jake Sully, Neytiri und Co. d\u00fcrfte obendrein auch zu den epischsten Kinoerlebnissen der j\u00fcngeren Vergangenheit (bzw. derzeit noch nahen Zukunft) z\u00e4hlen. Einerseits butterte man schlie\u00dflich wieder hunderte Millionen in die Produktion, sodass wir uns einmal mehr auf opulente Kinomagie einstellen k\u00f6nnen. Andererseits bringt auch die \u00fcppige Laufzeit von 192 Minuten gen\u00fcgend M\u00f6glichkeiten mit, um ganz und gar in dem 3D-Zauber zu versinken. Doch <b>wie nun bekannt wurde, erwartet uns vor \u201eAvatar 3\u201c noch ein weiteres Spektakel, das gro\u00dfe Schauwerte in \u00dcberl\u00e4nge f\u00fcr uns bereith\u00e4lt.<\/b><\/p>\n<p>&#8222;Baahubali: The Epic&#8220;: Der Titel sagt schon alles<\/p>\n<p class=\"bo-p\">Viele unserer Leserinnen und Leser d\u00fcrften mit <a href=\"https:\/\/www.filmstarts.de\/personen\/400537.html\" class=\"bo-link\" rel=\"nofollow noopener\" target=\"_blank\">S.S. Rajamouli<\/a> erstmals 2022 Bekanntschaft gemacht haben, als dieser mit \u201e<a href=\"https:\/\/www.filmstarts.de\/kritiken\/271212.html\" class=\"bo-link\" rel=\"nofollow noopener\" target=\"_blank\">RRR<\/a>\u201c zun\u00e4chst im Kino, sp\u00e4ter dann auf Netflix sowie schlie\u00dflich auch bei den Oscars f\u00fcr Begeisterung sorgte. Dank der imposanten Mischung aus Historien-Epos, Buddy Movie, Action-Kracher, Drama und Romanze sowie auch Musical r\u00fcckte das indische Kino ins Zentrum der Filmwelt. Seitdem d\u00fcrfen wir uns \u00fcber eine Vielzahl die Grenzen des Vorstellbaren sprengende Filme aus dem Bollywood-Land freuen. Doch auch wer ein paar Jahre zur\u00fcckgeht, findet dabei ungemein kreative, gro\u00df gedachte und sogar noch gr\u00f6\u00dfer inszenierte Kracher \u2013 unter anderem von eben jenem S.S. Rajamouli.<\/p>\n<p class=\"bo-p\"><b>Mit \u201e<\/b><a href=\"https:\/\/www.filmstarts.de\/kritiken\/238311.html\" class=\"bo-link\" rel=\"nofollow noopener\" target=\"_blank\"><b>Baahubali: The Beginning<\/b><\/a><b>\u201c (2015) und \u201e<\/b><a href=\"https:\/\/www.filmstarts.de\/kritiken\/255168.html\" class=\"bo-link\" rel=\"nofollow noopener\" target=\"_blank\"><b>Baahubali: The Conclusion<\/b><\/a><b>\u201c (2017) verantwortete der \u201eRRR\u201c-Macher zwei gigantische Hits \u2013 die auch heute noch die Pl\u00e4tze 20 und 2 im All-Time-Ranking der erfolgreichsten indischen Filme aller Zeiten belegen.<\/b> Und wie die Titel bereits klarstellen, sind die beiden Kapitel unweigerlich miteinander verbunden. Was liegt also n\u00e4her, als sie tats\u00e4chlich eins werden zu lassen? <\/p>\n<p class=\"bo-p\"><b>Mit \u201e<\/b><a href=\"https:\/\/www.filmstarts.de\/kritiken\/1000027346.html\" class=\"bo-link\" rel=\"nofollow noopener\" target=\"_blank\"><b>Baahubali: The Epic<\/b><\/a><b>\u201c vereint S.S. Rajamouli nun seine beiden Epen \u2013 und macht aus dem eng zusammenh\u00e4ngenden Zweiteiler ein untrennbares Monumentalwerk, das es schon bald in einem St\u00fcck zu sehen geben wird. Und zwar ab dem 31. Oktober 2025 weltweit im Kino!<\/b><\/p>\n<p>Ein 5-Stunden-Mammutwerk im Kino?<\/p>\n<p class=\"bo-p\">Abzuwarten bleibt, inwiefern sich der Zusammenschnitt am Ende von den beiden Einzelversionen unterscheiden wird. Da die beiden Filme, wie wir sie bisher kennen, auf eine Gesamtlaufzeit von \u00fcber f\u00fcnf Stunden kommen, <b>ist davon auszugehen, dass die Geschichte hier und da ein wenig gestrafft werden k\u00f6nnte. Schlie\u00dflich ist auch von einem \u201eNeuschnitt\u201c die Rede.  <\/b>Ganz und gar eindrucksvoll d\u00fcrfte das Ganze am Ende aber so oder so ausfallen. Selbst wenn letztlich eine Stunde auf dem Boden des Schneideraums landen sollte, ist das Ganze immer noch eine knappe Stunde l\u00e4nger als das n\u00e4chste \u201eAvatar\u201c-Abenteuer!<\/p>\n<p class=\"bo-p\">Wer sich von dem Stoff mal ein Bild machen will, bekommt die Geschichte von Shiva (<a href=\"https:\/\/www.filmstarts.de\/personen\/736901.html\" class=\"bo-link\" rel=\"nofollow noopener\" target=\"_blank\">Prabhas<\/a>), der als unscheinbarer Junge in einem Dorf aufw\u00e4chst, ohne von seiner gro\u00dfen Bestimmung zu wissen, \u00fcbrigens auf Amazon Prime Video auf dem Silbertablett serviert. Mit eurem Abo k\u00f6nnt ihr dort aktuell nicht nur beide Filme ohne Zusatzkosten streamen, sondern auch die stolze f\u00fcnf Staffeln umfassende Animationsserie \u201eBaahubali: The Lost Legends\u201c.<\/p>\n<p>            &#8222;Baahubali&#8220; bei Amazon Prime Video*<\/p>\n<p class=\"bo-p\">Was das Kino-Comeback der epischen Fantasy-Saga angeht, ist das \u00fcbrigens noch nicht alles. Denn <b>wie der obige Trailer bereits klarstellt, wurden die \u201eBaahubali\u201c-Filme f\u00fcr \u201eThe Epic\u201c nicht nur neu geschnitten, sondern auch restauriert. <\/b>Man darf vor allem gespannt sein, inwiefern sich dies letztlich auf das ausufernde Effektgewitter auswirkt. Dass die Filme verglichen zu Hollywood-Produktionen immer noch f\u00fcr kleines Geld produziert werden, wurde auf visueller Ebene ja bislang doch immer wieder ziemlich deutlich \u2013 auch wenn das Seherlebnis dadurch am Ende kein St\u00fcck gemindert wird. <\/p>\n<p class=\"bo-p\">Nachdem \u201eThe Beginning\u201c und \u201eThe Conclusion&#8220; im Heimkino bislang eher stiefm\u00fctterlich behandelt wurden, ist au\u00dferdem zu hoffen, dass \u201eThe Epic\u201c dann auch den Weg in die Heimkinos finden wird \u2013 am besten nat\u00fcrlich inklusive der Einzelfilme und in 4K! Man wird ja noch tr\u00e4umen d\u00fcrfen&#8230;<\/p>\n<p class=\"bo-p\">F\u00fcr Martial-Arts-Fans geht \u00fcbrigens schon einige Tage zuvor ein Traum in Erf\u00fcllung. Denn dann feiert einer der gr\u00f6\u00dften Klassiker von <a href=\"https:\/\/www.filmstarts.de\/personen\/3593.html\" class=\"bo-link\" rel=\"nofollow noopener\" target=\"_blank\">Jackie Chan<\/a> seine Uncut-Premiere in den hiesigen Lichtspielh\u00e4usern:<\/p>\n<p>    <a class=\"cms-see-also\" data-title=\"Auch interessant\" href=\"https:\/\/www.filmstarts.de\/nachrichten\/1000161855.html\" rel=\"nofollow noopener\" target=\"_blank\">Zum ersten Mal komplett ungek\u00fcrzt: Der vielleicht beste Actionfilm aller Zeiten kommt zur\u00fcck ins Kino<\/a><\/p>\n<p class=\"bo-p\">*Bei dem Link zum Angebot von Amazon handelt es sich um einen sogenannten Affiliate-Link. Bei einem Kauf \u00fcber diesen Link erhalten wir eine Provision.<\/p>\n","protected":false},"excerpt":{"rendered":"Mit \u201eAvatar: Fire And Ash\u201c startet kurz vor Weihnachten einer der meisterwarteten Blockbuster des Jahres. Doch auch schon&hellip;\n","protected":false},"author":2,"featured_media":382716,"comment_status":"","ping_status":"","sticky":false,"template":"","format":"standard","meta":{"footnotes":""},"categories":[1771],"tags":[1778,29,214,30,95,1777,215],"class_list":{"0":"post-382715","1":"post","2":"type-post","3":"status-publish","4":"format-standard","5":"has-post-thumbnail","7":"category-kino","8":"tag-cinema","9":"tag-deutschland","10":"tag-entertainment","11":"tag-germany","12":"tag-kino","13":"tag-movie","14":"tag-unterhaltung"},"share_on_mastodon":{"url":"https:\/\/pubeurope.com\/@de\/115113984965984713","error":""},"_links":{"self":[{"href":"https:\/\/www.europesays.com\/de\/wp-json\/wp\/v2\/posts\/382715","targetHints":{"allow":["GET"]}}],"collection":[{"href":"https:\/\/www.europesays.com\/de\/wp-json\/wp\/v2\/posts"}],"about":[{"href":"https:\/\/www.europesays.com\/de\/wp-json\/wp\/v2\/types\/post"}],"author":[{"embeddable":true,"href":"https:\/\/www.europesays.com\/de\/wp-json\/wp\/v2\/users\/2"}],"replies":[{"embeddable":true,"href":"https:\/\/www.europesays.com\/de\/wp-json\/wp\/v2\/comments?post=382715"}],"version-history":[{"count":0,"href":"https:\/\/www.europesays.com\/de\/wp-json\/wp\/v2\/posts\/382715\/revisions"}],"wp:featuredmedia":[{"embeddable":true,"href":"https:\/\/www.europesays.com\/de\/wp-json\/wp\/v2\/media\/382716"}],"wp:attachment":[{"href":"https:\/\/www.europesays.com\/de\/wp-json\/wp\/v2\/media?parent=382715"}],"wp:term":[{"taxonomy":"category","embeddable":true,"href":"https:\/\/www.europesays.com\/de\/wp-json\/wp\/v2\/categories?post=382715"},{"taxonomy":"post_tag","embeddable":true,"href":"https:\/\/www.europesays.com\/de\/wp-json\/wp\/v2\/tags?post=382715"}],"curies":[{"name":"wp","href":"https:\/\/api.w.org\/{rel}","templated":true}]}}