{"id":382754,"date":"2025-08-29T20:59:10","date_gmt":"2025-08-29T20:59:10","guid":{"rendered":"https:\/\/www.europesays.com\/de\/382754\/"},"modified":"2025-08-29T20:59:10","modified_gmt":"2025-08-29T20:59:10","slug":"schon-44-000-briefwahlantraege-in-muenster","status":"publish","type":"post","link":"https:\/\/www.europesays.com\/de\/382754\/","title":{"rendered":"Schon 44.000 Briefwahlantr\u00e4ge in M\u00fcnster"},"content":{"rendered":"<p>\t\t<a href=\"https:\/\/www.allesmuenster.de\/cms\/wp-content\/uploads\/Wahlbenachrichtigung_Wahl_Buehrke-2.jpg\" target=\"_blank\" rel=\"noopener\"><img loading=\"lazy\" decoding=\"async\" class=\"wp-image-125724 size-medium\" src=\"data:image\/svg+xml,%3Csvg%20xmlns=\" http:=\"\" alt=\"F\u00fcr die Kommunalwahlen am 14. September haben viele M\u00fcnsteraner bereits ihre Stimme abgegeben. (Foto: Michael B\u00fchrke)\" width=\"300\" height=\"200\" data-lazy- data-lazy- data-lazy-src=\"https:\/\/www.europesays.com\/de\/wp-content\/uploads\/2025\/08\/Wahlbenachrichtigung_Wahl_Buehrke-2-300x200.jpg\"\/><\/a>F\u00fcr die Kommunalwahlen am 14. September haben viele M\u00fcnsteraner bereits ihre Stimme abgegeben. (Foto: Michael B\u00fchrke)<\/p>\n<p><strong>Dass in gut 14 Tagen auch in M\u00fcnster gew\u00e4hlt wird, ist wegen der zahlreichen Plakate im Stadtbild schon seit Wochen nicht zu \u00fcbersehen. Viele wollen aber gar nicht so lange warten, schon rund 9.500 Wahlberechtigte haben bereits von ihrem Stimmrecht Gebrauch gemacht. Und das nicht nur per Briefwahl von zu Hause oder einem anderen Ort aus. Denn seit eineinhalb Wochen ist das zentrale Wahlb\u00fcro im Stadthaussaal des Stadthauses 1 ge\u00f6ffnet \u2013 rund 5.900 Menschen nutzten seitdem bereits die Gelegenheit, dort ihre Briefwahlunterlagen zu beantragen und direkt vor Ort zu w\u00e4hlen.<\/strong><\/p>\n<p>Das Wahlamt der Stadt hat inzwischen \u00fcber 44.000 Wahlscheine ausgestellt. Die Verantwortlichen gehen davon aus, dass die Zahl in den kommenden Tagen weiter steigen wird.<\/p>\n<p>Briefwahl bequem beantragen<\/p>\n<p>Wer am Wahltag, dem 14. September, nicht pers\u00f6nlich in ein Wahllokal gehen m\u00f6chte, kann weiterhin Briefwahl beantragen \u2013 entweder online, per Post oder im zentralen Wahlb\u00fcro. Die n\u00f6tigen Informationen finden sich in der Wahlbenachrichtigung und auf der <a href=\"https:\/\/www.stadt-muenster.de\/wahlen\/index\" target=\"_blank\" rel=\"noopener\">st\u00e4dtischen Website<\/a>.<\/p>\n<p>Die Online-Beantragung ist noch bis Dienstag, 9. September, um 8 Uhr m\u00f6glich. Die pers\u00f6nliche Stimmabgabe im Wahlb\u00fcro kann bis Freitag, 12. September erfolgen. Ge\u00f6ffnet ist das B\u00fcro montags bis freitags von 8 bis 18 Uhr sowie samstags von 8 bis 16 Uhr. Am letzten \u00d6ffnungstag, dem 12. September, schlie\u00dft das B\u00fcro bereits um 15 Uhr.<\/p>\n<p>Wahltag mit 189 Wahllokalen<\/p>\n<p>Am 14. September \u00f6ffnen in M\u00fcnster 189 Wahllokale zwischen 8 und 18 Uhr. Die Stadtverwaltung erinnert daran, zur Wahl einen g\u00fcltigen Ausweis sowie die Wahlbenachrichtigung mitzubringen. B\u00fcrger der Europ\u00e4ischen Union m\u00fcssen einen Identit\u00e4tsnachweis oder Reisepass vorzeigen.<\/p>\n<p>Wahl zum Integrationsrat<\/p>\n<p>Parallel zur Kommunalwahl wird in M\u00fcnster auch \u00fcber den Integrationsrat abgestimmt. Rund 60.000 Menschen sind hierzu wahlberechtigt. Bisher haben etwa 1.900 Wahlberechtigte online Briefwahlunterlagen beantragt, rund 350 besuchten das zentrale Wahlb\u00fcro, um pers\u00f6nlich zu w\u00e4hlen.<\/p>\n<p>Freiwillige f\u00fcr Wahltag gesucht<\/p>\n<p>F\u00fcr die reibungslose Durchf\u00fchrung der Wahl sucht das Wahlamt weiterhin Wahlhelfer. Insgesamt werden rund 2.500 Freiwillige f\u00fcr den Wahltag sowie f\u00fcr die Ausz\u00e4hlung der Briefwahlstimmen ben\u00f6tigt. F\u00fcr eine m\u00f6gliche Stichwahl am 28. September w\u00e4ren weitere 2.000 Helfer notwendig.\u00a0Interessierte k\u00f6nnen sich <a href=\"https:\/\/www.stadt-muenster.de\/wahlen\/wahlhelfende\" target=\"_blank\" rel=\"noopener\">online bei der Stadt melden<\/a> und f\u00fcr das Ehrenamt registrieren.<\/p>\n<p>Stichwahl m\u00f6glich<\/p>\n<p>Falls am 14. September keiner der OB-Kandidaten mehr als 50 Prozent der Stimmen erh\u00e4lt, findet am 28. September eine Stichwahl statt. Weitere Informationen zu beiden Wahlterminen sowie zur Wahl des Integrationsrates stellt die Stadt online bereit.<\/p>\n<p>\u00dcbrigens stellen sich in dieser Woche die 8 Kandidaten f\u00fcr das Oberb\u00fcrgermeisteramt in einer Serie bei ALLES M\u00dcNSTER vor. Unter <a href=\"https:\/\/www.allesmuenster.de\/tag\/obwahl2025\/\" target=\"_blank\" rel=\"noopener\">www.allesmuenster.de\/tag\/obwahl2025\/<\/a> k\u00f6nnt ihr alle bisher ver\u00f6ffentlichten Beitr\u00e4ge finden.<\/p>\n<p><strong>Weitere Informationen zu den Kommunalwahlen sowie zur Wahl zum Integrationsrat k\u00f6nnt ihr online unter <a href=\"https:\/\/www.stadt-muenster.de\/wahlen\/index\" target=\"_blank\" rel=\"noopener\">www.stadt-muenster.de\/wahlen<\/a> finden.<\/strong><\/p>\n","protected":false},"excerpt":{"rendered":"F\u00fcr die Kommunalwahlen am 14. September haben viele M\u00fcnsteraner bereits ihre Stimme abgegeben. (Foto: Michael B\u00fchrke) Dass in&hellip;\n","protected":false},"author":2,"featured_media":382755,"comment_status":"","ping_status":"","sticky":false,"template":"","format":"standard","meta":{"footnotes":""},"categories":[1843],"tags":[3364,29,30,10917,8970,1209,2534],"class_list":{"0":"post-382754","1":"post","2":"type-post","3":"status-publish","4":"format-standard","5":"has-post-thumbnail","7":"category-muenster","8":"tag-de","9":"tag-deutschland","10":"tag-germany","11":"tag-kommunalwahl","12":"tag-muenster","13":"tag-nordrhein-westfalen","14":"tag-wahl"},"share_on_mastodon":{"url":"https:\/\/pubeurope.com\/@de\/115114066867674555","error":""},"_links":{"self":[{"href":"https:\/\/www.europesays.com\/de\/wp-json\/wp\/v2\/posts\/382754","targetHints":{"allow":["GET"]}}],"collection":[{"href":"https:\/\/www.europesays.com\/de\/wp-json\/wp\/v2\/posts"}],"about":[{"href":"https:\/\/www.europesays.com\/de\/wp-json\/wp\/v2\/types\/post"}],"author":[{"embeddable":true,"href":"https:\/\/www.europesays.com\/de\/wp-json\/wp\/v2\/users\/2"}],"replies":[{"embeddable":true,"href":"https:\/\/www.europesays.com\/de\/wp-json\/wp\/v2\/comments?post=382754"}],"version-history":[{"count":0,"href":"https:\/\/www.europesays.com\/de\/wp-json\/wp\/v2\/posts\/382754\/revisions"}],"wp:featuredmedia":[{"embeddable":true,"href":"https:\/\/www.europesays.com\/de\/wp-json\/wp\/v2\/media\/382755"}],"wp:attachment":[{"href":"https:\/\/www.europesays.com\/de\/wp-json\/wp\/v2\/media?parent=382754"}],"wp:term":[{"taxonomy":"category","embeddable":true,"href":"https:\/\/www.europesays.com\/de\/wp-json\/wp\/v2\/categories?post=382754"},{"taxonomy":"post_tag","embeddable":true,"href":"https:\/\/www.europesays.com\/de\/wp-json\/wp\/v2\/tags?post=382754"}],"curies":[{"name":"wp","href":"https:\/\/api.w.org\/{rel}","templated":true}]}}