{"id":382757,"date":"2025-08-29T21:07:24","date_gmt":"2025-08-29T21:07:24","guid":{"rendered":"https:\/\/www.europesays.com\/de\/382757\/"},"modified":"2025-08-29T21:07:24","modified_gmt":"2025-08-29T21:07:24","slug":"bielefeld-setzt-auf-technologie-weitere-high-tech-blitzer-an-unfall-hotspots","status":"publish","type":"post","link":"https:\/\/www.europesays.com\/de\/382757\/","title":{"rendered":"Bielefeld setzt auf Technologie: Weitere High-Tech-Blitzer an Unfall-Hotspots"},"content":{"rendered":"<p class=\"&#10;      nw-text-base&#10;      nw-text-gray-500&#10;      nw-font-medium&#10;    \">\n        Verkehrssicherheit\n    <\/p>\n<p>    <img decoding=\"async\" src=\"https:\/\/www.nw.de\/_apps\/nw\/plus.svg\" alt=\"NW+-Icon\" style=\"margin-bottom:4px\" height=\"14px\" data-cmp-info=\"10\"\/><\/p>\n<p>                Bielefeld setzt auf Technologie: Weitere High-Tech-Blitzer an Unfall-Hotspots<\/p>\n<p class=\"nw-text-lg nw-text-black md:nw-w-5\/6 nw-pb-7\">\n                Neun moderne Blitz-S\u00e4ulen, die die alten Starenk\u00e4sten ersetzen, sind seit wenigen Wochen im Einsatz. Eine weitere S\u00e4ule mit Lasertechnik soll im Bielefelder S\u00fcden stehen, wo Anwohner seit Jahrzehnten \u00fcber Raser klagen.\n            <\/p>\n","protected":false},"excerpt":{"rendered":"Verkehrssicherheit Bielefeld setzt auf Technologie: Weitere High-Tech-Blitzer an Unfall-Hotspots Neun moderne Blitz-S\u00e4ulen, die die alten Starenk\u00e4sten ersetzen, sind&hellip;\n","protected":false},"author":2,"featured_media":376832,"comment_status":"","ping_status":"","sticky":false,"template":"","format":"standard","meta":{"footnotes":""},"categories":[1841],"tags":[9147,1605,87919,102404,3364,29,102307,30,17013,9307,16402,9308,9310,15354,1608,16896,16368,736,26093,16405,1209,102305,4253],"class_list":{"0":"post-382757","1":"post","2":"type-post","3":"status-publish","4":"format-standard","5":"has-post-thumbnail","7":"category-bielefeld","8":"tag-blitzer","9":"tag-bielefeld","10":"tag-brockhagener-strae","11":"tag-cnt_top-artikel","12":"tag-de","13":"tag-deutschland","14":"tag-elke-struck","15":"tag-germany","16":"tag-herforder-strae","17":"tag-label_foto","18":"tag-label_ordne-fr-mich-ein","19":"tag-label_republish","20":"tag-label_social","21":"tag-label_stroer","22":"tag-label_top-news","23":"tag-label_xl-160","24":"tag-meta_artikelklasse_hintergrund","25":"tag-meta_copyrights_nw","26":"tag-meta_themen_verkehr_mobilitaet","27":"tag-meta_userneeds_ordneein","28":"tag-nordrhein-westfalen","29":"tag-starenkasten","30":"tag-verkehrssicherheit"},"share_on_mastodon":{"url":"","error":""},"_links":{"self":[{"href":"https:\/\/www.europesays.com\/de\/wp-json\/wp\/v2\/posts\/382757","targetHints":{"allow":["GET"]}}],"collection":[{"href":"https:\/\/www.europesays.com\/de\/wp-json\/wp\/v2\/posts"}],"about":[{"href":"https:\/\/www.europesays.com\/de\/wp-json\/wp\/v2\/types\/post"}],"author":[{"embeddable":true,"href":"https:\/\/www.europesays.com\/de\/wp-json\/wp\/v2\/users\/2"}],"replies":[{"embeddable":true,"href":"https:\/\/www.europesays.com\/de\/wp-json\/wp\/v2\/comments?post=382757"}],"version-history":[{"count":0,"href":"https:\/\/www.europesays.com\/de\/wp-json\/wp\/v2\/posts\/382757\/revisions"}],"wp:featuredmedia":[{"embeddable":true,"href":"https:\/\/www.europesays.com\/de\/wp-json\/wp\/v2\/media\/376832"}],"wp:attachment":[{"href":"https:\/\/www.europesays.com\/de\/wp-json\/wp\/v2\/media?parent=382757"}],"wp:term":[{"taxonomy":"category","embeddable":true,"href":"https:\/\/www.europesays.com\/de\/wp-json\/wp\/v2\/categories?post=382757"},{"taxonomy":"post_tag","embeddable":true,"href":"https:\/\/www.europesays.com\/de\/wp-json\/wp\/v2\/tags?post=382757"}],"curies":[{"name":"wp","href":"https:\/\/api.w.org\/{rel}","templated":true}]}}