{"id":383037,"date":"2025-08-29T23:37:14","date_gmt":"2025-08-29T23:37:14","guid":{"rendered":"https:\/\/www.europesays.com\/de\/383037\/"},"modified":"2025-08-29T23:37:14","modified_gmt":"2025-08-29T23:37:14","slug":"florian-neuhaus-erhaelt-von-gladbach-fans-wichtiges-signal","status":"publish","type":"post","link":"https:\/\/www.europesays.com\/de\/383037\/","title":{"rendered":"Florian Neuhaus erh\u00e4lt von Gladbach-Fans wichtiges Signal"},"content":{"rendered":"<ol class=\"id-DonaldBreadcrumb lp_west_breadcrumb id-DonaldBreadcrumb--default\" data-k5a-pos=\"west_breadcrumb\">\n<li class=\"id-Breadcrumb-item\"><a href=\"https:\/\/www.absolutfussball.com\/\" class=\"id-Breadcrumb-link\" data-id-ec=\"{\" shn=\"\" textlink=\"\" data-k5a-pos=\"1_absolutfussballCom\" rel=\"nofollow noopener\" target=\"_blank\">absolutfussball.com<\/a><\/li>\n<li class=\"id-Breadcrumb-item\"><a href=\"https:\/\/www.absolutfussball.com\/deutschland\/\" class=\"id-Breadcrumb-link\" data-id-ec=\"{\" shn=\"\" textlink=\"\" data-k5a-pos=\"2_deutschland\" rel=\"nofollow noopener\" target=\"_blank\">Deutschland<\/a><\/li>\n<li class=\"id-Breadcrumb-item\"><a href=\"https:\/\/www.absolutfussball.com\/deutschland\/borussia-moenchengladbach\/\" class=\"id-Breadcrumb-link\" data-id-ec=\"{\" shn=\"\" textlink=\"\" m=\"\" data-k5a-pos=\"3_borussiaMoenchengladbach\" rel=\"nofollow noopener\" target=\"_blank\">Borussia M\u00f6nchengladbach<\/a><\/li>\n<\/ol>\n<p class=\"id-Story-timestamp id-Story-timestamp--default\">Stand: 29.08.2025, 04:44 Uhr<\/p>\n<p class=\"id-Story-authors id-Story-authors--default\">Von: <a class=\"id-Story-authors-link lp_west_author\" href=\"https:\/\/www.absolutfussball.com\/autor\/florian-bajus-4v58jiyn.html\" title=\"Zur Autorenseite von Florian Bajus\" data-id-ec=\"{\" shn=\"\" author-link=\"\" bajus=\"\" data-k5a-pos=\"west_author\" rel=\"nofollow noopener\" target=\"_blank\">Florian Bajus<\/a><\/p>\n<p class=\"id-Story-interactionBar id-Story-interactionBar--default\">DruckenTeilen<\/p>\n<p class=\"id-StoryElement-leadText\">Florian Neuhaus bekam am Sonntag unerwarteten Zuspruch von den Fans. Borussia M\u00f6nchengladbach \u00fcbermittelt dem Mittelfeldspieler andere Signale.<\/p>\n<p class=\"id-StoryElement-paragraph\">M\u00f6nchengladbach \u2013 Wie l\u00e4sst sich Florian Neuhaus wieder in die Mannschaft von <a href=\"https:\/\/www.absolutfussball.com\/deutschland\/borussia-moenchengladbach\/\" class=\"id-import-Link\" title=\"Borussia M&#xF6;nchengladbach\" data-id-ec=\"{&quot;sht&quot;:&quot;Container&quot;,&quot;shn&quot;:&quot;Story&quot;,&quot;p&quot;:{&quot;containerType&quot;:&quot;Paragraph&quot;,&quot;displayType&quot;:&quot;Paragraph InlineLink&quot;,&quot;type&quot;:&quot;INLINE_LINK&quot;,&quot;value&quot;:&quot;Borussia M&#xF6;nchengladbach&quot;,&quot;variant&quot;:&quot;standardLink&quot;,&quot;sponsored&quot;:false,&quot;linkHref&quot;:&quot;https:\/\/www.absolutfussball.com\/deutschland\/borussia-moenchengladbach\/&quot;,&quot;storyElementPosition&quot;:8,&quot;storyElementCount&quot;:22}}\" rel=\"nofollow noopener\" target=\"_blank\">Borussia M\u00f6nchengladbach<\/a> integrieren? Das war eine zentrale Fragestellung w\u00e4hrend der Vorbereitung, die der fr\u00fchere deutsche Nationalspieler weitgehend verpasst hat. <a href=\"https:\/\/www.absolutfussball.com\/deutschland\/borussia-moenchengladbach\/vereinsschaedigend-gladbach-verkuendet-dicke-strafe-fuer-neuhaus-zr-93809330.html\" class=\"id-import-Link\" data-id-ec=\"{&quot;sht&quot;:&quot;Container&quot;,&quot;shn&quot;:&quot;Story&quot;,&quot;p&quot;:{&quot;containerType&quot;:&quot;Paragraph&quot;,&quot;displayType&quot;:&quot;Paragraph InlineLink&quot;,&quot;type&quot;:&quot;INLINE_LINK&quot;,&quot;value&quot;:&quot;Das ber&#xFC;chtigte Mallorca-Video f&#xFC;hrte zu einer vierw&#xF6;chigen Suspendierung, in dieser Zeit durfte Neuhaus lediglich mit der U23 trainieren.&quot;,&quot;variant&quot;:&quot;standardLink&quot;,&quot;sponsored&quot;:false,&quot;linkHref&quot;:&quot;https:\/\/www.absolutfussball.com\/deutschland\/borussia-moenchengladbach\/vereinsschaedigend-gladbach-verkuendet-dicke-strafe-fuer-neuhaus-zr-93809330.html&quot;,&quot;storyElementPosition&quot;:8,&quot;storyElementCount&quot;:22}}\" rel=\"nofollow noopener\" target=\"_blank\">Das ber\u00fcchtigte Mallorca-Video f\u00fchrte zu einer vierw\u00f6chigen Suspendierung, in dieser Zeit durfte Neuhaus lediglich mit der U23 trainieren.<\/a><\/p>\n<p><img decoding=\"async\" class=\"id-RatioPlaceholder-element wv_story_el_image\" src=\"https:\/\/www.europesays.com\/de\/wp-content\/uploads\/2025\/08\/39462720-florian-neuhaus-wurde-gegen-den-hsv-unter-dem-applaus-der-gladbach-fans-eingewechselt-2nKYr.jpeg\" loading=\"lazy\"   height=\"732\" width=\"1100\" alt=\"Florian Neuhaus (m.) wurde gegen den HSV unter dem Applaus der Gladbach-Fans eingewechselt.\"\/>Florian Neuhaus (m.) wurde gegen den HSV unter dem Applaus der Gladbach-Fans eingewechselt. \u00a9\u00a0IMAGO\/Norbert Jansen \/ fohlenfoto<\/p>\n<p class=\"id-StoryElement-paragraph\">Fortuna D\u00fcsseldorf hatte zwischenzeitlich \u00f6ffentlich mit einer Verpflichtung des Mittelfeldspielers gelieb\u00e4ugelt, sich von diesem Wunsch mittlerweile aber verabschiedet. Neuhaus indes hegt keine Absichten, Borussia zu verlassen, und bekundete stattdessen seine Absicht, das Vertrauensverh\u00e4ltnis zum Klub wiederherzustellen.<\/p>\n<p>Gladbach-Fans mit gro\u00dfem Applaus f\u00fcr Neuhaus<\/p>\n<p class=\"id-StoryElement-paragraph\">Nachdem jenes Video im Netz gestreut worden war, in dem Neuhaus im Gespr\u00e4ch mit Gladbach-Fans sein Gehalt ausplaudert und absch\u00e4tzig \u00fcber Sport-Gesch\u00e4ftsf\u00fchrer Roland Virkus spricht, <a href=\"https:\/\/www.absolutfussball.com\/deutschland\/borussia-moenchengladbach\/neuhaus-strafe-fuehrt-zu-hitziger-debatte-unter-gladbach-fans-zr-93814018.html\" class=\"id-import-Link\" data-id-ec=\"{&quot;sht&quot;:&quot;Container&quot;,&quot;shn&quot;:&quot;Story&quot;,&quot;p&quot;:{&quot;containerType&quot;:&quot;Paragraph&quot;,&quot;displayType&quot;:&quot;Paragraph InlineLink&quot;,&quot;type&quot;:&quot;INLINE_LINK&quot;,&quot;value&quot;:&quot;hatten ihn viele Anh&#xE4;nger in den sozialen Medien zu einer Persona non grata erkl&#xE4;rt, deren Weiterbesch&#xE4;ftigung kein Thema sein d&#xFC;rfe&quot;,&quot;variant&quot;:&quot;standardLink&quot;,&quot;sponsored&quot;:false,&quot;linkHref&quot;:&quot;https:\/\/www.absolutfussball.com\/deutschland\/borussia-moenchengladbach\/neuhaus-strafe-fuehrt-zu-hitziger-debatte-unter-gladbach-fans-zr-93814018.html&quot;,&quot;storyElementPosition&quot;:14,&quot;storyElementCount&quot;:22}}\" rel=\"nofollow noopener\" target=\"_blank\">hatten ihn viele Anh\u00e4nger in den sozialen Medien zu einer Persona non grata erkl\u00e4rt, deren Weiterbesch\u00e4ftigung kein Thema sein d\u00fcrfe<\/a>. Die Reaktion im Borussia-Park fiel allerdings anders aus.<\/p>\n<p class=\"id-StoryElement-paragraph\">Schon beim Verlesen der Mannschaftsaufstellung f\u00fcr das Heimspiel gegen den <a href=\"https:\/\/www.absolutfussball.com\/deutschland\/hamburger-sv\/\" class=\"id-import-Link\" title=\"Hamburger SV\" data-id-ec=\"{&quot;sht&quot;:&quot;Container&quot;,&quot;shn&quot;:&quot;Story&quot;,&quot;p&quot;:{&quot;containerType&quot;:&quot;Paragraph&quot;,&quot;displayType&quot;:&quot;Paragraph InlineLink&quot;,&quot;type&quot;:&quot;INLINE_LINK&quot;,&quot;value&quot;:&quot;Hamburger SV&quot;,&quot;variant&quot;:&quot;standardLink&quot;,&quot;sponsored&quot;:false,&quot;linkHref&quot;:&quot;https:\/\/www.absolutfussball.com\/deutschland\/hamburger-sv\/&quot;,&quot;storyElementPosition&quot;:15,&quot;storyElementCount&quot;:22}}\" rel=\"nofollow noopener\" target=\"_blank\">Hamburger SV<\/a> (0:0) fiel deutlicher Applaus auf, als verk\u00fcndet wurde, dass Neuhaus auf der Bank sitzt. Auch bei seiner Einwechslung f\u00fcr Kevin St\u00f6ger nach etwa 66 Minuten klatschten die Fans und riefen laut seinen Namen.<\/p>\n<p>Dusche, Tankstelle, K\u00fcche: Die skurrilsten Verletzungen im Profifu\u00dfball<img decoding=\"async\" class=\"id-RatioPlaceholder-element wv_story_el_interstitialImage\" src=\"https:\/\/www.europesays.com\/de\/wp-content\/uploads\/2025\/04\/1745673977_820_37727387-manuel-neuer-feiert-die-meisterschaft-des-fc-bayern-auf-kruecken-2pmeVfTxPzfe.jpg\" loading=\"lazy\"   height=\"2000\" width=\"3000\" alt=\"Manuel Neuer feiert die Meisterschaft des FC Bayern auf Kr&#xFC;cken\"\/><a href=\"https:\/\/www.fr.de\/sport\/fussball\/gladbach-star-reiht-sich-ein-skurrilsten-verletzungen-im-profifussall-zr-93675244.html\" class=\"id-StoryElement-intestitialLink-link\" data-id-ec=\"{\" shn=\"\" ansehen=\"\" data-k5a-pos=\"west_story_16_photoGalleryLink\" title=\"Zur Fotostrecke: Dusche, Tankstelle, K&#xFC;che: Die skurrilsten Verletzungen im Profifu&#xDF;ball\" rel=\"nofollow noopener\" target=\"_blank\">Fotostrecke ansehen<\/a><\/p>\n<p class=\"id-StoryElement-paragraph\"><a href=\"https:\/\/www.absolutfussball.com\/deutschland\/borussia-moenchengladbach\/gladbach-fans-gegen-seoane-trainer-zeigt-sich-weiter-kaempferisch-zr-93738102.html\" class=\"id-import-Link\" data-id-ec=\"{&quot;sht&quot;:&quot;Container&quot;,&quot;shn&quot;:&quot;Story&quot;,&quot;p&quot;:{&quot;containerType&quot;:&quot;Paragraph&quot;,&quot;displayType&quot;:&quot;Paragraph InlineLink&quot;,&quot;type&quot;:&quot;INLINE_LINK&quot;,&quot;value&quot;:&quot;Wo Tom&#xE1;&#x161; &#x10C;van&#x10D;ara am 34. Spieltag der Vorsaison Pfiffe &#xFC;ber sich ergehen lassen musste&quot;,&quot;variant&quot;:&quot;standardLink&quot;,&quot;sponsored&quot;:false,&quot;linkHref&quot;:&quot;https:\/\/www.absolutfussball.com\/deutschland\/borussia-moenchengladbach\/gladbach-fans-gegen-seoane-trainer-zeigt-sich-weiter-kaempferisch-zr-93738102.html&quot;,&quot;storyElementPosition&quot;:18,&quot;storyElementCount&quot;:22}}\" rel=\"nofollow noopener\" target=\"_blank\">Wo Tom\u00e1\u0161 \u010cvan\u010dara am 34. Spieltag der Vorsaison Pfiffe \u00fcber sich ergehen lassen musste<\/a>, nachdem \u00fcber eine Spieler-Revolte gegen den Tschechen berichtet worden war, wurde Neuhaus vom Gladbacher Anhang gefeiert. Das Mallorca-Video ist ihm augenscheinlich vergeben worden, denn noch immer haben einige Fans die Hoffnung, dass der 28-J\u00e4hrige zu alter St\u00e4rke zur\u00fcckfinden wird.<\/p>\n<p class=\"id-StoryElement-paragraph\">Allerdings wird es Neuhaus in Gladbach keinesfalls leichter gemacht. F\u00fcr das offensive Mittelfeld ist Giovanni Reyna von <a href=\"https:\/\/www.absolutfussball.com\/deutschland\/borussia-dortmund\/\" class=\"id-import-Link\" title=\"Borussia Dortmund\" data-id-ec=\"{&quot;sht&quot;:&quot;Container&quot;,&quot;shn&quot;:&quot;Story&quot;,&quot;p&quot;:{&quot;containerType&quot;:&quot;Paragraph&quot;,&quot;displayType&quot;:&quot;Paragraph InlineLink&quot;,&quot;type&quot;:&quot;INLINE_LINK&quot;,&quot;value&quot;:&quot;Borussia Dortmund&quot;,&quot;variant&quot;:&quot;standardLink&quot;,&quot;sponsored&quot;:false,&quot;linkHref&quot;:&quot;https:\/\/www.absolutfussball.com\/deutschland\/borussia-dortmund\/&quot;,&quot;storyElementPosition&quot;:20,&quot;storyElementCount&quot;:22}}\" rel=\"nofollow noopener\" target=\"_blank\">Borussia Dortmund<\/a> verpflichtet worden, <a href=\"https:\/\/www.absolutfussball.com\/deutschland\/borussia-moenchengladbach\/julian-weigl-vor-abschied-aus-gladbach-virkus-aeussert-sich-ueber-nahenden-transfer-93898541.html\" class=\"id-import-Link\" data-id-ec=\"{&quot;sht&quot;:&quot;Container&quot;,&quot;shn&quot;:&quot;Story&quot;,&quot;p&quot;:{&quot;containerType&quot;:&quot;Paragraph&quot;,&quot;displayType&quot;:&quot;Paragraph InlineLink&quot;,&quot;type&quot;:&quot;INLINE_LINK&quot;,&quot;value&quot;:&quot;und sollte Julian Weigl kurz vor Transferschluss seine Koffer packen, k&#xF6;nnte noch ein defensiver Sechser zur Fohlenelf sto&#xDF;en&quot;,&quot;variant&quot;:&quot;standardLink&quot;,&quot;sponsored&quot;:false,&quot;linkHref&quot;:&quot;https:\/\/www.absolutfussball.com\/deutschland\/borussia-moenchengladbach\/julian-weigl-vor-abschied-aus-gladbach-virkus-aeussert-sich-ueber-nahenden-transfer-93898541.html&quot;,&quot;storyElementPosition&quot;:20,&quot;storyElementCount&quot;:22}}\" rel=\"nofollow noopener\" target=\"_blank\">und sollte Julian Weigl kurz vor Transferschluss seine Koffer packen, k\u00f6nnte noch ein defensiver Sechser zur Fohlenelf sto\u00dfen<\/a>. Der Konkurrenzkampf wird nicht kleiner, sondern gr\u00f6\u00dfer.<\/p>\n<p class=\"id-StoryElement-paragraph\">Diskutiert wird in Teilen des Fan-Umfelds indes \u00fcber den Umgang des Klubs mit Neuhaus. <a href=\"https:\/\/www.absolutfussball.com\/deutschland\/borussia-moenchengladbach\/gladbach-steht-nach-mallorca-zoff-zu-neuhaus-versprechen-zr-93868648.html\" class=\"id-import-Link\" data-id-ec=\"{&quot;sht&quot;:&quot;Container&quot;,&quot;shn&quot;:&quot;Story&quot;,&quot;p&quot;:{&quot;containerType&quot;:&quot;Paragraph&quot;,&quot;displayType&quot;:&quot;Paragraph InlineLink&quot;,&quot;type&quot;:&quot;INLINE_LINK&quot;,&quot;value&quot;:&quot;Die Verantwortlichen haben den Vorfall abgehakt und dem Spieler den Fehdehandschuh zugeworfen.&quot;,&quot;variant&quot;:&quot;standardLink&quot;,&quot;sponsored&quot;:false,&quot;linkHref&quot;:&quot;https:\/\/www.absolutfussball.com\/deutschland\/borussia-moenchengladbach\/gladbach-steht-nach-mallorca-zoff-zu-neuhaus-versprechen-zr-93868648.html&quot;,&quot;storyElementPosition&quot;:21,&quot;storyElementCount&quot;:22}}\" rel=\"nofollow noopener\" target=\"_blank\">Die Verantwortlichen haben den Vorfall abgehakt und dem Spieler den Fehdehandschuh zugeworfen.<\/a> Manch einer f\u00fchlt sich in seinem Vorwurf, Gladbach habe eine Wohlf\u00fchloase geschaffen, best\u00e4tigt. Andererseits haben die Bosse deutlich gemacht, wer die Verantwortung tr\u00e4gt \u2013 n\u00e4mlich Neuhaus selbst.<\/p>\n<p class=\"id-StoryElement-paragraph\">Sollte der fr\u00fchere Leistungstr\u00e4ger auch in dieser Saison \u00fcberwiegend Kurzeins\u00e4tze sammeln, fiele eine Antwort auf die Frage nach der geringen Spielpraxis leicht. Dann lie\u00dfe sich sagen, Neuhaus habe eine faire Chance erhalten und sie nicht genutzt. Doch solange die Spielerseite keinen Wechsel anstrebt, wird diese Frage immer ein Streitthema unter Fans bleiben.<\/p>\n","protected":false},"excerpt":{"rendered":"absolutfussball.com Deutschland Borussia M\u00f6nchengladbach Stand: 29.08.2025, 04:44 Uhr Von: Florian Bajus DruckenTeilen Florian Neuhaus bekam am Sonntag unerwarteten&hellip;\n","protected":false},"author":2,"featured_media":383038,"comment_status":"","ping_status":"","sticky":false,"template":"","format":"standard","meta":{"footnotes":""},"categories":[1849],"tags":[3364,29,548,663,3934,30,13,4455,14,15,1209,12],"class_list":{"0":"post-383037","1":"post","2":"type-post","3":"status-publish","4":"format-standard","5":"has-post-thumbnail","7":"category-moenchengladbach","8":"tag-de","9":"tag-deutschland","10":"tag-eu","11":"tag-europa","12":"tag-europe","13":"tag-germany","14":"tag-headlines","15":"tag-moenchengladbach","16":"tag-nachrichten","17":"tag-news","18":"tag-nordrhein-westfalen","19":"tag-schlagzeilen"},"share_on_mastodon":{"url":"https:\/\/pubeurope.com\/@de\/115114688224549955","error":""},"_links":{"self":[{"href":"https:\/\/www.europesays.com\/de\/wp-json\/wp\/v2\/posts\/383037","targetHints":{"allow":["GET"]}}],"collection":[{"href":"https:\/\/www.europesays.com\/de\/wp-json\/wp\/v2\/posts"}],"about":[{"href":"https:\/\/www.europesays.com\/de\/wp-json\/wp\/v2\/types\/post"}],"author":[{"embeddable":true,"href":"https:\/\/www.europesays.com\/de\/wp-json\/wp\/v2\/users\/2"}],"replies":[{"embeddable":true,"href":"https:\/\/www.europesays.com\/de\/wp-json\/wp\/v2\/comments?post=383037"}],"version-history":[{"count":0,"href":"https:\/\/www.europesays.com\/de\/wp-json\/wp\/v2\/posts\/383037\/revisions"}],"wp:featuredmedia":[{"embeddable":true,"href":"https:\/\/www.europesays.com\/de\/wp-json\/wp\/v2\/media\/383038"}],"wp:attachment":[{"href":"https:\/\/www.europesays.com\/de\/wp-json\/wp\/v2\/media?parent=383037"}],"wp:term":[{"taxonomy":"category","embeddable":true,"href":"https:\/\/www.europesays.com\/de\/wp-json\/wp\/v2\/categories?post=383037"},{"taxonomy":"post_tag","embeddable":true,"href":"https:\/\/www.europesays.com\/de\/wp-json\/wp\/v2\/tags?post=383037"}],"curies":[{"name":"wp","href":"https:\/\/api.w.org\/{rel}","templated":true}]}}