{"id":383109,"date":"2025-08-30T00:18:10","date_gmt":"2025-08-30T00:18:10","guid":{"rendered":"https:\/\/www.europesays.com\/de\/383109\/"},"modified":"2025-08-30T00:18:10","modified_gmt":"2025-08-30T00:18:10","slug":"essen-kaum-zu-uebersehen-anwohner-bemerken-sofort-diese-aenderungen","status":"publish","type":"post","link":"https:\/\/www.europesays.com\/de\/383109\/","title":{"rendered":"Essen: Kaum zu \u00fcbersehen! Anwohner bemerken sofort diese \u00c4nderungen"},"content":{"rendered":"<p>Die World University Games haben am Mittwoch (16. Juli) mit einer gro\u00dfen Zeremonie in Duisburg begonnen. Bis zum 27. Juli treten etwa 8.500 Studierende aus 150 L\u00e4ndern im Ruhrgebiet und Berlin an. In Essen laufen die Vorbereitungen f\u00fcr die Wettk\u00e4mpfe auf Hochtouren. An bekannten Orten wie der Messe Essen, der Grugahalle, der Zeche Zollverein, dem Sportpark am Hallo und dem ETUF am Baldeneysee wird flei\u00dfig gearbeitet.<\/p>\n<p>Neun Sportarten finden ihre Heimat in Essen. Im Sportpark am Hallo und auf der Zeche Zollverein wird Bogensport ausgetragen. In der Messe <a href=\"https:\/\/www.derwesten.de\/staedte\/essen\" rel=\"nofollow noopener\" target=\"_blank\">Essen<\/a> bereiten Techniker die Hallen f\u00fcr Turnen, Gymnastik, Judo, Taekwondo, Tischtennis und Fechten vor. Tischtennisplatten stehen bereits, w\u00e4hrend Trib\u00fcnen f\u00fcr Zuschauer montiert werden. In der Grugahalle entsteht ein Basketballfeld. Eine extra Trib\u00fcne wird hier Platz f\u00fcr bis zu 6.500 Fans schaffen.<\/p>\n<p> Essen: Anwohner bemerken sofort diese \u00c4nderungen in der Stadt <\/p>\n<p>Auch am Baldeneysee laufen die Arbeiten auf Hochtouren. Beim ETUF findet das Tennisturnier statt. Dort spielen 200 Athleten auf modernisierten Tennispl\u00e4tzen. Rund 770.000 Euro vom Land NRW und der Stadt Essen flossen in barrierefreie Umbauten, neue Sitzschalen und Sanierungen.<\/p>\n<p>In Essen gab es im Vorfeld die Europameisterschaften im Bogensport. Nun wird auf der Zeche Zollverein alles f\u00fcr das Finale im Bogensport der Studierenden bei der FISU vorbereitet. Ab dem 18. Juli starten hier die Aufbauarbeiten f\u00fcr Trib\u00fcnen und Wettkampffl\u00e4chen. Dieses Mal schie\u00dfen die Athleten in Richtung Parkplatz A1, was die Richtung von der Europameisterschaft \u00e4ndert.<\/p>\n<p>  Messe wird zur Medienzentrale <\/p>\n<p>Die Messe Essen wird zudem zur Medienzentrale der FISU. Neue Durchl\u00e4sse in den B\u00f6den verbessern die Verlegung von TV-Kabeln. Viele Stromanschl\u00fcsse und H\u00e4ngepunkte f\u00fcr Lichttechnik und Anzeigetafeln sind vorbereitet. Seit Ende Juni arbeiten Teams unerm\u00fcdlich an den letzten Details.<\/p>\n<p>Mehr News:<\/p>\n<p>Mitarbeiter der Messe Essen unterst\u00fctzen die Techniker und arbeiten in zwei Schichten, auch bis sp\u00e4t in die Nacht. Essen pr\u00e4sentiert sich als bedeutender Austragungsort f\u00fcr die Weltspiele der Studierenden. Dank umfassender Modernisierungen und engagierter Helfer bietet die Stadt optimale Bedingungen f\u00fcr spannende Wettk\u00e4mpfe.<\/p>\n","protected":false},"excerpt":{"rendered":"Die World University Games haben am Mittwoch (16. Juli) mit einer gro\u00dfen Zeremonie in Duisburg begonnen. Bis zum&hellip;\n","protected":false},"author":2,"featured_media":383110,"comment_status":"","ping_status":"","sticky":false,"template":"","format":"standard","meta":{"footnotes":""},"categories":[1834],"tags":[3364,29,3688,30,1209],"class_list":{"0":"post-383109","1":"post","2":"type-post","3":"status-publish","4":"format-standard","5":"has-post-thumbnail","7":"category-essen","8":"tag-de","9":"tag-deutschland","10":"tag-essen","11":"tag-germany","12":"tag-nordrhein-westfalen"},"share_on_mastodon":{"url":"https:\/\/pubeurope.com\/@de\/115114849514298487","error":""},"_links":{"self":[{"href":"https:\/\/www.europesays.com\/de\/wp-json\/wp\/v2\/posts\/383109","targetHints":{"allow":["GET"]}}],"collection":[{"href":"https:\/\/www.europesays.com\/de\/wp-json\/wp\/v2\/posts"}],"about":[{"href":"https:\/\/www.europesays.com\/de\/wp-json\/wp\/v2\/types\/post"}],"author":[{"embeddable":true,"href":"https:\/\/www.europesays.com\/de\/wp-json\/wp\/v2\/users\/2"}],"replies":[{"embeddable":true,"href":"https:\/\/www.europesays.com\/de\/wp-json\/wp\/v2\/comments?post=383109"}],"version-history":[{"count":0,"href":"https:\/\/www.europesays.com\/de\/wp-json\/wp\/v2\/posts\/383109\/revisions"}],"wp:featuredmedia":[{"embeddable":true,"href":"https:\/\/www.europesays.com\/de\/wp-json\/wp\/v2\/media\/383110"}],"wp:attachment":[{"href":"https:\/\/www.europesays.com\/de\/wp-json\/wp\/v2\/media?parent=383109"}],"wp:term":[{"taxonomy":"category","embeddable":true,"href":"https:\/\/www.europesays.com\/de\/wp-json\/wp\/v2\/categories?post=383109"},{"taxonomy":"post_tag","embeddable":true,"href":"https:\/\/www.europesays.com\/de\/wp-json\/wp\/v2\/tags?post=383109"}],"curies":[{"name":"wp","href":"https:\/\/api.w.org\/{rel}","templated":true}]}}