{"id":383132,"date":"2025-08-30T00:31:11","date_gmt":"2025-08-30T00:31:11","guid":{"rendered":"https:\/\/www.europesays.com\/de\/383132\/"},"modified":"2025-08-30T00:31:11","modified_gmt":"2025-08-30T00:31:11","slug":"kaese-und-wein-wie-in-frankreich","status":"publish","type":"post","link":"https:\/\/www.europesays.com\/de\/383132\/","title":{"rendered":"K\u00e4se und Wein wie in Frankreich"},"content":{"rendered":"<p class=\"em_text\"><strong>Feiner K\u00e4se, ausgesuchte Weine und ein Abend voller Aromen \u2013 das geht nicht nur in Frankreich, sondern auch bei uns: Die Heimatzeitung verlost ein K\u00e4se-Weintasting f\u00fcr zwei in M\u00fcnchen. <\/strong><\/p>\n<p>Ein samtiger Rotwein, ein aromatischer Weichk\u00e4se, dazu gute Gespr\u00e4che und ein Hauch franz\u00f6sischer Lebensfreude \u2013 wer denkt da nicht sofort an einen lauen Sommerabend in der Provence? Doch dieses Genusserlebnis gibt es auch  mitten in der Landeshauptstadt  \u2013 bei einem exklusiven K\u00e4se- und Weintasting mit der M\u00fcnchner K\u00e4se Manufaktur. <\/p>\n<p>Viele weitere Berichte aus unserer Sommerserie finden Sie auf unserer<a href=\"https:\/\/www.pnp.de\/urlaub-zuhause\" target=\"_blank\" rel=\"nofollow noopener\">Sonderseite<\/a>.<\/p>\n<p>K\u00e4se und Wein sind ein kulinarisches Traumpaar: Wenn feine Aromen aufeinander abgestimmt werden, entfalten sich \u00fcberraschende Geschmackserlebnisse \u2013 mal cremig und vollmundig, mal w\u00fcrzig und spritzig. Genau das bietet die M\u00fcnchner K\u00e4se Manufaktur bei ihren au\u00dfergew\u00f6hnlichen Verkostungen: handwerklich hergestellte, kreative K\u00e4sekreationen kombiniert mit ausgew\u00e4hlten Weinen oder prickelndem Champagner.<\/p>\n<p>Der K\u00e4se der M\u00fcnchner K\u00e4se Manufaktur wird mitten in der Stadt   aus  Bio-Heumilch nach traditionellen Methoden hergestellt.  Ob mit M\u00fcnchner Brezn, Bier, Wildkr\u00e4utern oder regionalen Fr\u00fcchten veredelt \u2013 jede Sorte erz\u00e4hlt ihre eigene Geschichte.  <\/p>\n<p>Das K\u00e4se- und Weintasting in M\u00fcnchen ist ein lockeres, informatives Erlebnis f\u00fcr alle, die guten K\u00e4se und besondere Weine lieben. In rund drei Stunden erwarten die Teilnehmer sechs G\u00e4nge mit handwerklich hergestelltem K\u00e4se \u2013 darunter auch M\u00fcnchens einziger Stadtk\u00e4se \u2013 kombiniert mit geheimen Wein-Favoriten kleiner Weing\u00fcter. Begleitet wird der Abend von echten K\u00e4seexperten, die mit viel Leidenschaft und Fachwissen durch das Tasting f\u00fchren.  Das Event findet an ausgew\u00e4hlten Terminen im Gartensalon Schwabing (T\u00fcrkenstra\u00dfe 90) statt, startet um 18.30 Uhr und dauert circa drei Stunden. Inklusive sind Brot, Wasser und nat\u00fcrlich jede Menge Genuss. <\/p>\n<p>Mit der M\u00fcnchner K\u00e4se Manufaktur (www.muenchner-kaese-manufaktur.de) verlost die Heimatzeitung ein K\u00e4se-Weintasting f\u00fcr zwei Personen.  Rufen Sie bis Sonntag, 7. September, unter  der Nummer  <strong>0137\/822703019 (<\/strong>50 Cent\/Anruf) an und sprechen Sie das Stichwort<strong> K\u00e4se<\/strong>, sowie Ihren Namen, Ihre Telefonnummer und Ihre Adresse auf das Band.<\/p>\n","protected":false},"excerpt":{"rendered":"Feiner K\u00e4se, ausgesuchte Weine und ein Abend voller Aromen \u2013 das geht nicht nur in Frankreich, sondern auch&hellip;\n","protected":false},"author":2,"featured_media":383133,"comment_status":"","ping_status":"","sticky":false,"template":"","format":"standard","meta":{"footnotes":""},"categories":[1827],"tags":[772,29,30,1268,93566],"class_list":{"0":"post-383132","1":"post","2":"type-post","3":"status-publish","4":"format-standard","5":"has-post-thumbnail","7":"category-muenchen","8":"tag-bayern","9":"tag-deutschland","10":"tag-germany","11":"tag-muenchen","12":"tag-urlaub-zuhause"},"share_on_mastodon":{"url":"https:\/\/pubeurope.com\/@de\/115114900579973308","error":""},"_links":{"self":[{"href":"https:\/\/www.europesays.com\/de\/wp-json\/wp\/v2\/posts\/383132","targetHints":{"allow":["GET"]}}],"collection":[{"href":"https:\/\/www.europesays.com\/de\/wp-json\/wp\/v2\/posts"}],"about":[{"href":"https:\/\/www.europesays.com\/de\/wp-json\/wp\/v2\/types\/post"}],"author":[{"embeddable":true,"href":"https:\/\/www.europesays.com\/de\/wp-json\/wp\/v2\/users\/2"}],"replies":[{"embeddable":true,"href":"https:\/\/www.europesays.com\/de\/wp-json\/wp\/v2\/comments?post=383132"}],"version-history":[{"count":0,"href":"https:\/\/www.europesays.com\/de\/wp-json\/wp\/v2\/posts\/383132\/revisions"}],"wp:featuredmedia":[{"embeddable":true,"href":"https:\/\/www.europesays.com\/de\/wp-json\/wp\/v2\/media\/383133"}],"wp:attachment":[{"href":"https:\/\/www.europesays.com\/de\/wp-json\/wp\/v2\/media?parent=383132"}],"wp:term":[{"taxonomy":"category","embeddable":true,"href":"https:\/\/www.europesays.com\/de\/wp-json\/wp\/v2\/categories?post=383132"},{"taxonomy":"post_tag","embeddable":true,"href":"https:\/\/www.europesays.com\/de\/wp-json\/wp\/v2\/tags?post=383132"}],"curies":[{"name":"wp","href":"https:\/\/api.w.org\/{rel}","templated":true}]}}