{"id":383146,"date":"2025-08-30T00:39:34","date_gmt":"2025-08-30T00:39:34","guid":{"rendered":"https:\/\/www.europesays.com\/de\/383146\/"},"modified":"2025-08-30T00:39:34","modified_gmt":"2025-08-30T00:39:34","slug":"fuechse-berlin-verliert-der-handball-meister-gleich-drei-stars-sportmix","status":"publish","type":"post","link":"https:\/\/www.europesays.com\/de\/383146\/","title":{"rendered":"F\u00fcchse Berlin: Verliert der Handball-Meister gleich drei Stars? | Sportmix"},"content":{"rendered":"<p><b>Sie gehen als Meister in die neue Saison in der st\u00e4rksten <\/b><a href=\"https:\/\/sportbild.bild.de\/sportmix\/handball\/handball\/home-49760070.sport.html\" class=\"text-link\" rel=\"nofollow noopener\" target=\"_blank\"><b>Handball<\/b><\/a><b>-Liga der Welt. Und doch herrscht eine Menge Unruhe in der Hauptstadt.<\/b><\/p>\n<p>Vor dem Saisonstart der F\u00fcchse Berlin am Sonntag gegen den Bergischen HC (15 Uhr\/live bei WELT TV, SPORTBILD.de und <a href=\"https:\/\/tidd.ly\/3E9SmAr\" target=\"_blank\" rel=\"noopener nofollow\" class=\"text-link--external text-link\">Dyn\/Anzeige<\/a>) gibt es gro\u00dfe Fragezeichen um gleich drei wichtige Personalien beim Champion.<\/p>\n<p><img decoding=\"async\" width=\"992\" height=\"84\" alt=\"Teaser-Bild\" src=\"https:\/\/www.europesays.com\/de\/wp-content\/uploads\/2025\/08\/4db2a2966b2450070b9c8f8fa1ad9c7c,5b4a28c8\"   class=\"dynamic\" loading=\"lazy\"\/><\/p>\n<p>Foto: BILD<\/p>\n<p>Dabei waren erst am Dienstagabend die Vertr\u00e4ge mit zwei Leistungstr\u00e4gern verl\u00e4ngert worden: Kapit\u00e4n Max Darj bleibt ebenso an Bord wie R\u00fcckraum-Ass Fabian Wiede.<\/p>\n<p><b>Damit steht die Mannschaft auch in der Zukunft gut da \u2013 mit Ausnahme der Torwartposition. Dort verdichten sich die Anzeichen, dass Star-Torh\u00fcter Dejan Milosavljev nach Ablauf seines Vertrags im kommenden Sommer zum polnischen Topklub Kielce wechselt.<\/b><\/p>\n<p>Vertr\u00e4ge laufen aus: Was wird aus Kretzschmar, Siewert und Milosavljev in Berlin?<\/p>\n<p><b>Noch gr\u00f6\u00dferes Tuschel-Thema in der Liga und auch am Montag beim SPORT BILD-Award, wo die F\u00fcchse als Mannschaft des Jahres ausgezeichnet worden waren, ist aber die Situation von Sport-Vorstand <\/b><a href=\"https:\/\/www.bild.de\/sport\/mehr-sport\/dyn-doku-enthuellt-stefan-kretzschmar-kritisiert-thw-kiel-68adf2068c33b226bcae8dfc\" target=\"_blank\" rel=\"noopener nofollow\" class=\"text-link--external text-link\"><b>Stefan Kretzschmar<\/b><\/a><b> (52) und Trainer Jaron Siewert (31).<\/b><\/p>\n<p>Auch ihre Vertr\u00e4ge laufen 2026 aus \u2013 und zur Verwunderung aller in der Handball-Szene deutet zurzeit wenig auf eine Verl\u00e4ngerung hin. Verlieren die F\u00fcchse also wirklich drei Meister-Stars?<\/p>\n<p>Mannschaft des Jahres: F\u00fcchse Berlin witzeln \u00fcber eigenen Trainer<a href=\"https:\/\/sportbild.bild.de\/sport-bild-award\/mannschaft-des-jahres-fuechse-berlin-witzeln-ueber-eigenen-trainer-68acd11d8c33b226bcae7d57\" class=\"anchor\" rel=\"nofollow noopener\" target=\"_blank\"><img decoding=\"async\" width=\"992\" height=\"558\" alt=\"Teaser-Bild\" src=\"https:\/\/www.europesays.com\/de\/wp-content\/uploads\/2025\/08\/1756514374_586_47da7e51ddc327c457f95a7c4d446b5b-landscape,274e3fff\"   class=\"landscape teaser__image\" loading=\"lazy\"\/><\/a><\/p>\n<p>Quelle: BILD25.08.2025<\/p>\n<p><a href=\"https:\/\/sportbild.bild.de\/sportmix\/handball\/kretzsche-ueber-neuen-vertrag-bei-fuechsen-der-erfolg-hat-halt-viele-vaeter-68ad9c7bd6fbb97dca47a832\" class=\"text-link\" rel=\"nofollow noopener\" target=\"_blank\"><b>Kretzsche machte in der Dyn-Sendung \u201eHarzblut\u201c kein Geheimnis daraus, dass auch er sich da\u00fcber wundert: <\/b><\/a><b>\u201eMit einem Konzept, das seinesgleichen sucht, Deutscher Meister zu werden, mit einem Trainer, der l\u00e4nger in diesem Verein ist als jeder andere. Dieses ganze Konzept scheint so stimmig zu sein, dass es fast schon ein M\u00e4rchen ist. Das zu ver\u00e4ndern, macht f\u00fcr mich zum jetzigen Zeitpunkt \u00fcberhaupt keinen Sinn.\u201c<\/b><\/p>\n<p>F\u00fcr ihn nicht \u2013 doch der m\u00e4chtige F\u00fcchse-Boss Bob Hanning (57) ist bekannt daf\u00fcr, oft in ganz andere Richtungen zu denken als jeder andere.<\/p>\n<p><b>Hanning jedenfalls macht angeblich gerade \u00fcberhaupt keine Anstalten, die Vertr\u00e4ge seiner Star-Angestellten zu verl\u00e4ngern, was vor allem Kretzschmar wiederum maximal irritiert.<\/b><\/p>\n<p>Mehr zum Thema<\/p>\n<p>Das allerdings bringt den Gesch\u00e4ftsf\u00fchrer nicht aus der Ruhe. \u201eWir werden die Entscheidung treffen ohne Druck und jede Art von Hektik. Ich gehe davon aus, dass wir bis Oktober\/November alles so stehen haben, dass alle sehr zufrieden sein werden\u201c, sagte Hanning zuletzt.<\/p>\n<p><b>Auch Kretzschmar und Siewert? Der Name von Flensburgs Ex-Trainer Nicolej Krickau h\u00e4lt sich jedenfalls sehr hartn\u00e4ckig rund um die F\u00fcchse.<\/b><\/p>\n","protected":false},"excerpt":{"rendered":"Sie gehen als Meister in die neue Saison in der st\u00e4rksten Handball-Liga der Welt. Und doch herrscht eine&hellip;\n","protected":false},"author":2,"featured_media":383147,"comment_status":"","ping_status":"","sticky":false,"template":"","format":"standard","meta":{"footnotes":"","_share_on_mastodon":"0"},"categories":[1825],"tags":[296,29,1932,1933,30,1391,38956,5009,1936,9662,5010,45],"class_list":["post-383146","post","type-post","status-publish","format-standard","has-post-thumbnail","category-berlin","tag-berlin","tag-deutschland","tag-dyn-handball","tag-fuechse-berlin","tag-germany","tag-handball","tag-hanning-bob","tag-hbl","tag-kretzschmar-stefan","tag-no-sport-app","tag-siewert-jaron","tag-texttospeech"],"share_on_mastodon":{"url":"https:\/\/pubeurope.com\/@de\/115114931977703056","error":""},"_links":{"self":[{"href":"https:\/\/www.europesays.com\/de\/wp-json\/wp\/v2\/posts\/383146","targetHints":{"allow":["GET"]}}],"collection":[{"href":"https:\/\/www.europesays.com\/de\/wp-json\/wp\/v2\/posts"}],"about":[{"href":"https:\/\/www.europesays.com\/de\/wp-json\/wp\/v2\/types\/post"}],"author":[{"embeddable":true,"href":"https:\/\/www.europesays.com\/de\/wp-json\/wp\/v2\/users\/2"}],"replies":[{"embeddable":true,"href":"https:\/\/www.europesays.com\/de\/wp-json\/wp\/v2\/comments?post=383146"}],"version-history":[{"count":0,"href":"https:\/\/www.europesays.com\/de\/wp-json\/wp\/v2\/posts\/383146\/revisions"}],"wp:featuredmedia":[{"embeddable":true,"href":"https:\/\/www.europesays.com\/de\/wp-json\/wp\/v2\/media\/383147"}],"wp:attachment":[{"href":"https:\/\/www.europesays.com\/de\/wp-json\/wp\/v2\/media?parent=383146"}],"wp:term":[{"taxonomy":"category","embeddable":true,"href":"https:\/\/www.europesays.com\/de\/wp-json\/wp\/v2\/categories?post=383146"},{"taxonomy":"post_tag","embeddable":true,"href":"https:\/\/www.europesays.com\/de\/wp-json\/wp\/v2\/tags?post=383146"}],"curies":[{"name":"wp","href":"https:\/\/api.w.org\/{rel}","templated":true}]}}