{"id":383212,"date":"2025-08-30T01:15:13","date_gmt":"2025-08-30T01:15:13","guid":{"rendered":"https:\/\/www.europesays.com\/de\/383212\/"},"modified":"2025-08-30T01:15:13","modified_gmt":"2025-08-30T01:15:13","slug":"russland-und-china-putin-sucht-den-schulterschluss-mit-peking","status":"publish","type":"post","link":"https:\/\/www.europesays.com\/de\/383212\/","title":{"rendered":"Russland und China &#8211; Putin sucht den Schulterschluss mit Peking"},"content":{"rendered":"<p class=\"article-header-description\">Der russische Pr\u00e4sident Putin hat kurz vor einem Besuch in China die westlichen Handelssanktionen kritisiert und den Schulterschluss mit der F\u00fchrung in Peking gesucht.<\/p>\n<p>30.08.2025<\/p>\n<ul class=\"b-social-icons\">\n<li class=\"social-icons-item\">\n<\/li>\n<li class=\"social-icons-item\">\n<p>                      Link kopieren\/teilen<\/p>\n<p class=\"snackbar-content\">Der Link wurde in die Zwischenablage kopiert.<\/p>\n<\/li>\n<li class=\"social-icons-item\"><a title=\"Email\" href=\"mailto:?subject=Putin%20sucht%20den%20Schulterschluss%20mit%20Peking&amp;body=Russland%20und%20China%0ARussland%20und%20ChinaPutin%20sucht%20den%20Schulterschluss%20mit%20Peking%0ADer%20russische%20Pr%C3%A4sident%20Putin%20hat%20kurz%20vor%20einem%20Besuch%20in%20China%20die%20westlichen%20Handelssanktionen%20kritisiert%20und%20den%20Schulterschluss%20mit%20der%20F%C3%BChrung%20in%20Peking%20gesucht.%0Ahttps%3A%2F%2Fwww.deutschlandfunk.de%2Fputin-sucht-den-schulterschluss-mit-peking-100.html\" target=\"_blank\" rel=\"noopener noreferrer\" class=\"b-btn-social is-email\" data-tracking=\"{&quot;chapter1&quot;:&quot;Email&quot;,&quot;chapter3&quot;:&quot;Social Media&quot;,&quot;name&quot;:&quot;Social Media&quot;,&quot;chapter2&quot;:&quot;https:\/\/www.deutschlandfunk.de\/putin-sucht-den-schulterschluss-mit-peking-100.html&quot;,&quot;level2&quot;:&quot;2&quot;}\">\n<p>                      Email<\/a><\/li>\n<\/ul>\n<p>                    <img decoding=\"async\" loading=\"lazy\" class=\"internal-image\" title=\"Russlands Pr\u00e4sident Wladimir Putin\" alt=\"Russlands Pr\u00e4sident Wladimir Putin\" src=\"https:\/\/www.europesays.com\/de\/wp-content\/uploads\/2025\/08\/wladimir-putin-150-1920x1080.jpg\" \/><\/p>\n<p>                  Russlands Pr\u00e4sident Wladimir Putin (picture alliance \/ ASSOCIATED PRESS \/ Alexei Nikolsky)<\/p>\n<p>Russland und China lehnten gemeinsam &#8211; Zitat &#8211; &#8222;diskriminierende&#8220; Sanktionen im Welthandel ab, sagte Putin in einem Interview mit der staatlichen chinesischen Nachrichtenagentur Xinhua. Der russische Pr\u00e4sident wird von Sonntag bis Mittwoch in China erwartet. Dort will er am Gipfel der Shanghaier Organisation f\u00fcr Zusammenarbeit in der Hafenstadt Tianjin teilnehmen und in Peking Pr\u00e4sident Xi Jinping treffen. Zudem ist die Teilnahme an einer gro\u00dfen Milit\u00e4rparade in der chinesischen Hauptstadt geplant. Der Westen hat seit dem Beginn des Ukraine-Kriegs 2022 eine Reihe von Sanktionen gegen Russland verh\u00e4ngt. China ist seitdem zum wichtigsten Handelspartner Russlands aufgestiegen.<\/p>\n<p>Diese Nachricht wurde am 30.08.2025 im Programm Deutschlandfunk gesendet.<\/p>\n","protected":false},"excerpt":{"rendered":"Der russische Pr\u00e4sident Putin hat kurz vor einem Besuch in China die westlichen Handelssanktionen kritisiert und den Schulterschluss&hellip;\n","protected":false},"author":2,"featured_media":383213,"comment_status":"","ping_status":"","sticky":false,"template":"","format":"standard","meta":{"footnotes":""},"categories":[4013],"tags":[331,332,13,14,15,4043,4044,850,307,12],"class_list":{"0":"post-383212","1":"post","2":"type-post","3":"status-publish","4":"format-standard","5":"has-post-thumbnail","7":"category-russland","8":"tag-aktuelle-nachrichten","9":"tag-aktuelle-news","10":"tag-headlines","11":"tag-nachrichten","12":"tag-news","13":"tag-russia","14":"tag-russian-federation","15":"tag-russische-foederation","16":"tag-russland","17":"tag-schlagzeilen"},"share_on_mastodon":{"url":"https:\/\/pubeurope.com\/@de\/115115073565780238","error":""},"_links":{"self":[{"href":"https:\/\/www.europesays.com\/de\/wp-json\/wp\/v2\/posts\/383212","targetHints":{"allow":["GET"]}}],"collection":[{"href":"https:\/\/www.europesays.com\/de\/wp-json\/wp\/v2\/posts"}],"about":[{"href":"https:\/\/www.europesays.com\/de\/wp-json\/wp\/v2\/types\/post"}],"author":[{"embeddable":true,"href":"https:\/\/www.europesays.com\/de\/wp-json\/wp\/v2\/users\/2"}],"replies":[{"embeddable":true,"href":"https:\/\/www.europesays.com\/de\/wp-json\/wp\/v2\/comments?post=383212"}],"version-history":[{"count":0,"href":"https:\/\/www.europesays.com\/de\/wp-json\/wp\/v2\/posts\/383212\/revisions"}],"wp:featuredmedia":[{"embeddable":true,"href":"https:\/\/www.europesays.com\/de\/wp-json\/wp\/v2\/media\/383213"}],"wp:attachment":[{"href":"https:\/\/www.europesays.com\/de\/wp-json\/wp\/v2\/media?parent=383212"}],"wp:term":[{"taxonomy":"category","embeddable":true,"href":"https:\/\/www.europesays.com\/de\/wp-json\/wp\/v2\/categories?post=383212"},{"taxonomy":"post_tag","embeddable":true,"href":"https:\/\/www.europesays.com\/de\/wp-json\/wp\/v2\/tags?post=383212"}],"curies":[{"name":"wp","href":"https:\/\/api.w.org\/{rel}","templated":true}]}}