{"id":383251,"date":"2025-08-30T01:39:25","date_gmt":"2025-08-30T01:39:25","guid":{"rendered":"https:\/\/www.europesays.com\/de\/383251\/"},"modified":"2025-08-30T01:39:25","modified_gmt":"2025-08-30T01:39:25","slug":"gespraeche-sollen-probleme-benennen-und-loesen","status":"publish","type":"post","link":"https:\/\/www.europesays.com\/de\/383251\/","title":{"rendered":"Gespr\u00e4che sollen Probleme benennen und l\u00f6sen"},"content":{"rendered":"<p class=\"expressive-copy-lg-body\">Eine neue Gespr\u00e4chsreihe in der n\u00f6rdlichen Innenstadt l\u00e4dt alle interessierten B\u00fcrgerinnen und B\u00fcrger dazu ein, \u00fcber Probleme und Verbesserungsm\u00f6glichkeiten im Quartier zu reden, das dauerhaft unter einem schlechten Ruf leidet. Vorbilder sind die Altenessen- und Katernberg-Konferenz, in denen regelm\u00e4\u00dfig Akteure vor Ort zusammenkommen.<\/p>\n<p class=\"expressive-copy-lg-body\">Getragen wird die neue Reihe unter anderem von der Interessengemeinschaft (IG) Essen City Nord und der Stadt Essen. \u201eWir wollen nichts sch\u00f6nreden, sondern \u00fcber das sprechen, was die Menschen vor Ort wirklich interessiert\u201c, sagt Marco Ei\u00dfing vom Amt f\u00fcr Stadterneuerung. <\/p>\n<p class=\"expressive-copy-lg-body\"><strong>Essen-Newsletter: <\/strong><a href=\"https:\/\/abo-funkemedien.de\/?k=2025%2FNewsletter_WAZ%2FEssen_WAZ_Landingpage%2F1%2Fwaz\" target=\"_blank\" rel=\"nofollow noopener\">hier abonnieren<\/a> | <strong>Social Media:<\/strong> <a href=\"https:\/\/www.facebook.com\/WAZEssen\" target=\"_blank\" rel=\"nofollow noopener\">Facebook<\/a>, <a href=\"https:\/\/www.instagram.com\/waz_essen\/\" target=\"_blank\" rel=\"nofollow noopener\">Instagram<\/a> &amp; <a href=\"https:\/\/www.whatsapp.com\/channel\/0029VaNmPLK9xVJlCV8WcH2c\" target=\"_blank\" rel=\"nofollow noopener\">WhatsApp<\/a> | <strong>Unsere Schwerpunkte: <\/strong><a href=\"https:\/\/www.waz.de\/staedte\/essen\/blaulicht\/\" target=\"_blank\" rel=\"nofollow noopener\">Polizei- und Feuerwehr<\/a> + <a href=\"https:\/\/www.waz.de\/thema\/innenstadt-einkaufen-essen\/\" target=\"_blank\" rel=\"nofollow noopener\">Innenstadt<\/a> + <a href=\"https:\/\/www.waz.de\/sport\/fussball\/rwe\/\" target=\"_blank\" rel=\"nofollow noopener\">Rot-Weiss Essen<\/a> + <a href=\"https:\/\/www.waz.de\/sport\/lokalsport\/essen\/\" target=\"_blank\" rel=\"nofollow noopener\">Lokalsport<\/a> | <strong>Nachrichten <a href=\"https:\/\/www.waz.de\/lokales\/essen\/\" target=\"_blank\" rel=\"nofollow noopener\">aus ganz Essen<\/a>: <\/strong><a href=\"https:\/\/www.waz.de\/staedte\/essen\/sued\/\" target=\"_blank\" rel=\"nofollow noopener\">S\u00fcd<\/a> + <a href=\"https:\/\/www.waz.de\/staedte\/essen\/ruettenscheid-suedviertel-holsterhausen\/\" target=\"_blank\" rel=\"nofollow noopener\">R\u00fcttenscheid<\/a> + <a href=\"https:\/\/www.waz.de\/staedte\/essen\/nord\/\" target=\"_blank\" rel=\"nofollow noopener\">Nord<\/a> + <a href=\"https:\/\/www.waz.de\/staedte\/essen\/ost\/\" target=\"_blank\" rel=\"nofollow noopener\">Ost<\/a> + <a href=\"https:\/\/www.waz.de\/staedte\/essen\/kettwig-und-werden\/\" target=\"_blank\" rel=\"nofollow noopener\">Kettwig und Werden<\/a> + <a href=\"https:\/\/www.waz.de\/staedte\/essen\/borbeck-und-west\/\" target=\"_blank\" rel=\"nofollow noopener\">Borbeck und West<\/a> +++<\/p>\n<p>Gespr\u00e4chsreihe Essener Nord-City: Erster Termin am Sonntag, 7. September<\/p>\n<p class=\"expressive-copy-lg-body\">Los geht\u2018s am Sonntag, 7. September, ab 11 Uhr in der Kreuzeskirche, eine Anmeldung ist nicht erforderlich. Thema der ersten Runde soll das Image der n\u00f6rdlichen Innenstadt sein. \u201eWir haben einen massiven Unterschied zwischen Innen- und Au\u00dfenwahrnehmung\u201c, sagt Frank Baumeister von der IG City Nord. \u201eW\u00e4hrend ein Gro\u00dfteil der Essener Bev\u00f6lkerung das Quartier f\u00fcr gef\u00e4hrlich h\u00e4lt und deshalb meidet, empfinden viele Anwohner, Gesch\u00e4ftsleute und Gastronomen das Viertel f\u00fcr besonders lebenswert, weil es lebendig und belebt ist.\u201c <\/p>\n<ul>\n<li>Die <strong>Lokalredaktion Essen<\/strong> ist auch <strong>bei WhatsApp<\/strong>! Abonnieren Sie hier unseren kostenlosen Kanal: <strong><a href=\"https:\/\/www.whatsapp.com\/channel\/0029VaNmPLK9xVJlCV8WcH2c\" target=\"_blank\" rel=\"nofollow noopener\">direkt zum Channel<\/a><\/strong>!<\/li>\n<\/ul>\n<p class=\"expressive-copy-lg-body\">Baumeister hat eine <a href=\"https:\/\/www.waz.de\/lokales\/essen\/article408978749\/umbruch-in-essens-nord-city-echte-aussicht-auf-den-wandel.html\" data-category-full-path=\"https:\/\/www.waz.de\/lokales\/essen\/\" data-paid-status=\"premium\" data-article-publish-date=\"1747191840\" rel=\"nofollow noopener\" target=\"_blank\">\u201eAufbruchstimmung\u201c <\/a>im Viertel ausgemacht, die jetzt genutzt werden soll: Die Hochschule der Bildenden K\u00fcnste (HBK) zieht aus Kupferdreh in die Gertrudiskirche, und auch das gegen\u00fcberliegende Geb\u00e4ude von \u201eLeuchten Kaiser\u201c wird Teil <a href=\"https:\/\/www.waz.de\/lokales\/essen\/article408969551\/essens-noerdliche-innenstadt-die-entwicklungschance-ist-gut.html\" data-category-full-path=\"https:\/\/www.waz.de\/lokales\/essen\/\" data-paid-status=\"premium\" data-article-publish-date=\"1747301318\" rel=\"nofollow noopener\" target=\"_blank\">eines neu einzurichtenden Kreativquartiers. <\/a>Die Theater und Philharmonie (TuP) zieht mit dem kleinen Theater \u201eCasa\u201c an die Rottstra\u00dfe in die R\u00e4ume einer ehemaligen Diskothek und Table Dance Bar. \u201eEs gibt\u201c, sagt Frank Baumeister, \u201eein neuerliches Interesse von privaten Investoren, das auch n\u00f6tig ist.\u201c Grunds\u00e4tzlich sehe man mit Freude, dass es f\u00fcr viele Ladenlokale, die aufgegeben werden, kreative L\u00f6sungen gebe, die sich abseits vom Einzelhandel bewegen.<\/p>\n<p>Kriminalit\u00e4t dominiert die Berichterstattung<\/p>\n<p class=\"expressive-copy-lg-body\">\u201eBisher dominieren brisante Themen wie Kriminalit\u00e4t\u201c, sagt auch Dirk Bu\u00dfler, der lange am Kopstadtplatz ein Gesch\u00e4ft betrieb.\u201eDabei erfahren wir immer wieder, dass viele Menschen, die au\u00dferhalb von Essen wohnen und die n\u00f6rdliche Innenstadt besuchen, durchaus angetan sind.\u201c<\/p>\n<p>   Essen-Newsletter: Jetzt kostenlos anmelden!<\/p>\n<p class=\"text-body2 mt-2\">Nachrichten, Service, Reportagen: Jeden Tag wissen, was in unserer Stadt los ist.<\/p>\n<p class=\"text-caption text-copy-secondary\">\n          Mit meiner Anmeldung zum Newsletter stimme ich der<br \/>\n          <a href=\"https:\/\/www.waz.de\/services\/newsletter-adconsent\" class=\"text-overline text-copy-accent-negative dark:underline\" rel=\"nofollow noopener\" target=\"_blank\">Werbevereinbarung<\/a><br \/>\n          zu.\n        <\/p>\n<p class=\"expressive-copy-lg-body\">In den weiteren Gespr\u00e4chsrunden soll es dann auch um Sicherheit und Ordnung und das Wohnen im Viertel gehen. Diese Gespr\u00e4che werden im n\u00e4chsten Jahr stattfinden, Termine werden rechtzeitig bekanntgegeben. Mittelfristig sollen auch migrantische Gesch\u00e4ftsleute und Anwohner st\u00e4rker eingebunden werden; \u201ehier arbeiten wir noch dabei, Zugang zu den Communities zu bekommen.\u201c Baumeister: \u201eEs ist insgesamt ein Bohren dicker Bretter.\u201c<\/p>\n<p class=\"expressive-copy-lg-body\">Der Eintritt zu den Gespr\u00e4chsrunden ist frei.<\/p>\n<p>    <script async src=\"\/\/www.instagram.com\/embed.js\"><\/script><\/p>\n","protected":false},"excerpt":{"rendered":"Eine neue Gespr\u00e4chsreihe in der n\u00f6rdlichen Innenstadt l\u00e4dt alle interessierten B\u00fcrgerinnen und B\u00fcrger dazu ein, \u00fcber Probleme und&hellip;\n","protected":false},"author":2,"featured_media":383252,"comment_status":"","ping_status":"","sticky":false,"template":"","format":"standard","meta":{"footnotes":""},"categories":[1834],"tags":[3364,29,3688,30,1209],"class_list":{"0":"post-383251","1":"post","2":"type-post","3":"status-publish","4":"format-standard","5":"has-post-thumbnail","7":"category-essen","8":"tag-de","9":"tag-deutschland","10":"tag-essen","11":"tag-germany","12":"tag-nordrhein-westfalen"},"share_on_mastodon":{"url":"https:\/\/pubeurope.com\/@de\/115115167835223934","error":""},"_links":{"self":[{"href":"https:\/\/www.europesays.com\/de\/wp-json\/wp\/v2\/posts\/383251","targetHints":{"allow":["GET"]}}],"collection":[{"href":"https:\/\/www.europesays.com\/de\/wp-json\/wp\/v2\/posts"}],"about":[{"href":"https:\/\/www.europesays.com\/de\/wp-json\/wp\/v2\/types\/post"}],"author":[{"embeddable":true,"href":"https:\/\/www.europesays.com\/de\/wp-json\/wp\/v2\/users\/2"}],"replies":[{"embeddable":true,"href":"https:\/\/www.europesays.com\/de\/wp-json\/wp\/v2\/comments?post=383251"}],"version-history":[{"count":0,"href":"https:\/\/www.europesays.com\/de\/wp-json\/wp\/v2\/posts\/383251\/revisions"}],"wp:featuredmedia":[{"embeddable":true,"href":"https:\/\/www.europesays.com\/de\/wp-json\/wp\/v2\/media\/383252"}],"wp:attachment":[{"href":"https:\/\/www.europesays.com\/de\/wp-json\/wp\/v2\/media?parent=383251"}],"wp:term":[{"taxonomy":"category","embeddable":true,"href":"https:\/\/www.europesays.com\/de\/wp-json\/wp\/v2\/categories?post=383251"},{"taxonomy":"post_tag","embeddable":true,"href":"https:\/\/www.europesays.com\/de\/wp-json\/wp\/v2\/tags?post=383251"}],"curies":[{"name":"wp","href":"https:\/\/api.w.org\/{rel}","templated":true}]}}