{"id":383297,"date":"2025-08-30T02:06:13","date_gmt":"2025-08-30T02:06:13","guid":{"rendered":"https:\/\/www.europesays.com\/de\/383297\/"},"modified":"2025-08-30T02:06:13","modified_gmt":"2025-08-30T02:06:13","slug":"so-sieht-der-talkshow-star-heute-aus-23-jahre-spaeter","status":"publish","type":"post","link":"https:\/\/www.europesays.com\/de\/383297\/","title":{"rendered":"So sieht der Talkshow-Star heute aus \u2013 23 Jahre sp\u00e4ter"},"content":{"rendered":"<p>23 Jahre sp\u00e4ter <\/p>\n<p>So sieht B\u00e4rbel Sch\u00e4fer heute aus<\/p>\n<p>Aktualisiert am 30.08.2025 &#8211; 00:41 UhrLesedauer: 2 Min.<\/p>\n<p><a href=\"#focus-0\" class=\"transition-colors duration-200 focus-within:text-magenta block text-current relative\" data-sctrack=\"FocusGalleryImage.Reference\"><img fetchpriority=\"high\" data-testid=\"Opener.Image\" style=\"--lqipURL:url('https:\/\/images.t-online.de\/2022\/08\/ijS-p6lenfeT\/482x234:1899x1068\/fit-in\/150x0\/filters:blur(25)\/baerbel-schaefer-von-1995-bis-2002-fuehrte-sie-durch-ihre-talkshow-bei-rtl.jpg')\"   loading=\"eager\" src=\"https:\/\/www.europesays.com\/de\/wp-content\/uploads\/2025\/08\/baerbel-schaefer-von-1995-bis-2002-fuehrte-sie-durch-ihre-talkshow-bei-rtl.jpg\" alt=\"B\u00e4rbel Sch\u00e4fer: Von 1995 bis 2002 f\u00fchrte sie durch ihre Talkshow bei RTL.\" title=\"B\u00e4rbel Sch\u00e4fer: Von 1995 bis 2002 f\u00fchrte sie durch ihre Talkshow bei RTL.\" width=\"1899\" height=\"1068\" class=\"bg-[url:var(--lqipURL)] bg-cover bg-center flex h-full w-full max-w-full\" decoding=\"async\"\/><img style=\"--width:32;--height:32\" loading=\"lazy\" src=\"https:\/\/www.t-online.de\/s\/paper\/_next\/static\/media\/zoom-in.f7dae02f.svg\" alt=\"Vergr\u00f6\u00dfern des Bildes\" title=\"Vergr\u00f6\u00dfern des Bildes\" class=\"block h-[calc(var(--height)_\/_16_*_1rem)] w-[calc(var(--width)_\/_16_*_1rem)] max-w-none absolute bottom-8 right-8 rounded-4 bg-snow p-8\" decoding=\"async\"\/><\/a><\/p>\n<p>B\u00e4rbel Sch\u00e4fer: Von 1995 bis 2002 f\u00fchrte sie durch ihre Talkshow bei RTL. (Quelle: imago stock&amp;people)<\/p>\n<p class=\"font-bold text-18 leading-17\">Sieben Jahre lang lockte sie Millionen von Menschen mit ihrer Talkshow vor die Bildschirme. 2002 wurde &#8222;B\u00e4rbel Sch\u00e4fer&#8220; abgesetzt. Das macht die Moderatorin heute.<\/p>\n<p class=\"text-18 leading-17\">Im September 1992 holte RTL mit &#8222;Hans Meiser&#8220; die erste <a class=\"transition-colors duration-200 cursor-pointer text-inherit no-underline text-salemsfur md:hover:text-magenta md:hover:border-magenta md:focus:text-magenta border-current border-b border-solid break-words\" href=\"https:\/\/www.t-online.de\/themen\/talkshow\/\" data-sctrack=\"BodyAnchor\" target=\"_blank\" rel=\"noopener\">Talkshow<\/a> ins Programm. Millionen von Menschen schalteten um 16 Uhr ein und sahen dabei zu, wie sich die G\u00e4ste \u00fcber ihre Probleme austauschten. Der gro\u00dfe Hype der Daily Talkshows war geboren.<\/p>\n<p class=\"text-18 leading-17\">Es folgte der Talk mit Ilona Christen und drei Jahre sp\u00e4ter die Show mit B\u00e4rbel Sch\u00e4fer \u2013 deutlich j\u00fcnger, frecher und provokanter. Die Moderatorin war damals 32 Jahre alt und noch recht am Anfang ihrer Karriere. Nach nur wenigen Folgen wurde sie bereits mit der Goldenen Kamera ausgezeichnet.<\/p>\n<p class=\"text-18 leading-17\">Insgesamt f\u00fchrte die geb\u00fcrtige Bremerin 1.500 Mal durch ihre Talkshow, ehe sie am 30. August 2002 f\u00fcr immer abgesetzt wurde. Ihr Talkshow-Aus begr\u00fcndete B\u00e4rbel Sch\u00e4fer damals so: &#8222;Ich habe sieben Jahre lang mit viel Neugier und Spa\u00df unter deutsche D\u00e4cher geschaut. Jetzt suche ich nach neuen Herausforderungen und m\u00f6chte mich deswegen von meiner Aufgabe l\u00f6sen, solange es noch l\u00e4uft.&#8220;<\/p>\n<p class=\"text-18 leading-17\">Doch wie ging es f\u00fcr die damals 38-J\u00e4hrige weiter? Dem Fernsehen blieb sie treu, \u00fcbernahm Formate wie &#8222;Wellness TV&#8220; im Ersten oder &#8222;Ein roter Teppich f\u00fcr&#8230;&#8220; im WDR. Heute ist B\u00e4rbel Sch\u00e4fer vor allem im Radio pr\u00e4sent. Beim Sender HR3 hat sie ein eigenes Talkformat, das w\u00f6chentlich sonntags von 10 und 12 Uhr live ausgestrahlt wird.<\/p>\n<p class=\"text-18 leading-17\">Aber auch als Buchautorin machte sie sich einen Namen, ver\u00f6ffentlichte mehrere Werke. &#8222;Avas Geheimnis&#8220; aus dem Jahr 2022 besch\u00e4ftigt sich mit dem Thema Einsamkeit. Ihr letztes Buch kam 2023 auf den Markt: &#8222;Eine Herde Schafe, ein Paar Gummistiefel und ein anderer Blick aufs Leben&#8220;.<\/p>\n<p class=\"text-18 leading-17\">Optisch hat sich B\u00e4rbel Sch\u00e4fer nicht ver\u00e4ndert. Die Zeit scheint spurlos an dem TV-Star vorbeigegangen zu sein.<\/p>\n<p class=\"text-18 leading-17\">Privat musste B\u00e4rbel Sch\u00e4fer in den vergangenen Jahren mehrere Schicksalsschl\u00e4ge wegstecken. Nur drei Jahre nach dem Start ihrer RTL-Talkshow verlor die Moderatorin ihren Lebensgef\u00e4hrten. Kay-Uwe Degenhardt starb 1998 bei einem Autounfall. 15 Jahre sp\u00e4ter verungl\u00fcckte auch ihr Bruder beim Autofahren.<\/p>\n","protected":false},"excerpt":{"rendered":"23 Jahre sp\u00e4ter So sieht B\u00e4rbel Sch\u00e4fer heute aus Aktualisiert am 30.08.2025 &#8211; 00:41 UhrLesedauer: 2 Min. B\u00e4rbel&hellip;\n","protected":false},"author":2,"featured_media":383298,"comment_status":"","ping_status":"","sticky":false,"template":"","format":"standard","meta":{"footnotes":""},"categories":[1773],"tags":[103546,29,214,30,103549,103547,103548,19500,640,471,1780,3638,215],"class_list":{"0":"post-383297","1":"post","2":"type-post","3":"status-publish","4":"format-standard","5":"has-post-thumbnail","7":"category-serien","8":"tag-baerbel-schaefer","9":"tag-deutschland","10":"tag-entertainment","11":"tag-germany","12":"tag-goldene-kamera-von-hoerzu","13":"tag-hans-meiser","14":"tag-ilona-christen","15":"tag-michel-friedman","16":"tag-rtl","17":"tag-serien","18":"tag-series","19":"tag-talkshow","20":"tag-unterhaltung"},"share_on_mastodon":{"url":"https:\/\/pubeurope.com\/@de\/115115274243115565","error":""},"_links":{"self":[{"href":"https:\/\/www.europesays.com\/de\/wp-json\/wp\/v2\/posts\/383297","targetHints":{"allow":["GET"]}}],"collection":[{"href":"https:\/\/www.europesays.com\/de\/wp-json\/wp\/v2\/posts"}],"about":[{"href":"https:\/\/www.europesays.com\/de\/wp-json\/wp\/v2\/types\/post"}],"author":[{"embeddable":true,"href":"https:\/\/www.europesays.com\/de\/wp-json\/wp\/v2\/users\/2"}],"replies":[{"embeddable":true,"href":"https:\/\/www.europesays.com\/de\/wp-json\/wp\/v2\/comments?post=383297"}],"version-history":[{"count":0,"href":"https:\/\/www.europesays.com\/de\/wp-json\/wp\/v2\/posts\/383297\/revisions"}],"wp:featuredmedia":[{"embeddable":true,"href":"https:\/\/www.europesays.com\/de\/wp-json\/wp\/v2\/media\/383298"}],"wp:attachment":[{"href":"https:\/\/www.europesays.com\/de\/wp-json\/wp\/v2\/media?parent=383297"}],"wp:term":[{"taxonomy":"category","embeddable":true,"href":"https:\/\/www.europesays.com\/de\/wp-json\/wp\/v2\/categories?post=383297"},{"taxonomy":"post_tag","embeddable":true,"href":"https:\/\/www.europesays.com\/de\/wp-json\/wp\/v2\/tags?post=383297"}],"curies":[{"name":"wp","href":"https:\/\/api.w.org\/{rel}","templated":true}]}}