{"id":38353,"date":"2025-04-17T05:20:09","date_gmt":"2025-04-17T05:20:09","guid":{"rendered":"https:\/\/www.europesays.com\/de\/38353\/"},"modified":"2025-04-17T05:20:09","modified_gmt":"2025-04-17T05:20:09","slug":"vorwuerfe-an-nrw-bildungsministerin-feller-nach-schulschliessungen-von-duisburg","status":"publish","type":"post","link":"https:\/\/www.europesays.com\/de\/38353\/","title":{"rendered":"Vorw\u00fcrfe an NRW-Bildungsministerin Feller nach Schulschlie\u00dfungen von Duisburg"},"content":{"rendered":"<p class=\"text_ohne_einzug richtext text-em-55 !leading-serif mx-6 desktop:mx-0\">\u201eWenn Frau Feller der Meinung war, die Schulschlie\u00dfungen waren \u00fcberfl\u00fcssig, dann hat sie die Situation an dem Wochenende nicht in den Griff bekommen\u201c, sagte die schulpolitische Sprecherin der SPD-Landtagsfraktion, Dilek Engin.<\/p>\n<p class=\"richtext text-em-55 !leading-serif mx-6 desktop:mx-0\">\u201eDas Ministerium wusste schon Freitag von dem ersten Drohbrief. Frau Feller h\u00e4tte da schon handeln m\u00fcssen. Sie h\u00e4tte einen Krisenstab einberufen m\u00fcssen, und gemeinsam h\u00e4tte man \u00fcberlegen m\u00fcssen: Wie ernst sind diese Briefe?\u201c Stattdessen habe sie die betroffenen Schulen, die Stadt und auch die zust\u00e4ndige Bezirksregierung alleingelassen.<\/p>\n<p class=\"richtext text-em-55 !leading-serif mx-6 desktop:mx-0\">Am Montag, 7. April, wurden rund 18.000 Kinder und Jugendliche an 20 Duisburger Schulen in den Distanzunterricht geschickt, nachdem \u00fcbers Wochenende zwei Mails mit Drohungen eingegangen waren. Danach kam die <a href=\"https:\/\/rp-online.de\/thema\/polizei\/\" rel=\"nofollow noopener\" target=\"_blank\">Polizei<\/a> rasch zu der Einsch\u00e4tzung, dass es vermutlich keine ernsthafte Gefahr gegeben hatte. Wahrscheinlich wurden viele Menschen demnach unn\u00f6tig in Angst versetzt.<\/p>\n<p class=\"richtext text-em-55 !leading-serif mx-6 desktop:mx-0\">Die <a href=\"https:\/\/rp-online.de\/thema\/spd\/\" rel=\"nofollow noopener\" target=\"_blank\">SPD<\/a> st\u00fctzt ihre Kritik nun auf den Informationsfluss im Bildungsministerium. Dieses wurde am fr\u00fchen Freitagnachmittag durch die Bezirksregierung D\u00fcsseldorf \u00fcber die erste Drohmail informiert, die sich zun\u00e4chst gegen eine einzelne Schule richtete. Etwas sp\u00e4ter machten auch die Ermittlungsbeh\u00f6rden eine offizielle Meldung. Danach verstrichen der Rest des Freitags und der Samstag. Erst als Sonntagabend die zweite Drohmail bekannt wurde, die nun ein gutes Dutzend weiterer Schulstandorte betraf, gab es wieder intensive Kommunikation zwischen den \u00c4mtern. Kurz vor 22 Uhr wurde <a href=\"https:\/\/rp-online.de\/thema\/dorothee-feller\/\" rel=\"nofollow noopener\" target=\"_blank\">Dorothee Feller<\/a> per SMS informiert. Montagmorgen schaltete sie sich selbst in die Prozesse ein. Da waren die Schulen schon zu, \u201edie halbe Stadt war zutiefst verunsichert. Die Landesregierung hat es laufen und so weit kommen lassen\u201c, so Dilek Engin.<\/p>\n<p class=\"richtext text-em-55 !leading-serif mx-6 desktop:mx-0\">Die beiden Schreiben, die die dramatische Lage ausgel\u00f6st haben, liegen unserer Redaktion vor. Sie enthalten rassistische Beschimpfungen der Sch\u00fclerschaft und P\u00f6beleien \u00fcber \u201eunintegrierte Migranten und Islamisten\u201c. Es wird mit einer \u201eAufr\u00e4umaktion\u201c und indirekt mit einem Blutbad an Schulen gedroht, die Absender bezeichnen sich selbst als \u201eWei\u00dfe\u201c. In einer weiteren, dritten Mail von Montag behaupten der oder die Absender dann, man habe mit der Sache eigentlich nur Aufmerksamkeit erregen wollen, um auf M\u00e4ngel im Schulsystem hinzuweisen. Man stehe f\u00fcr die \u201eInklusion aller Menschen\u201c. Die polizeilichen Ermittlungen dazu, wer hinter diesen Botschaften steckt, laufen.<\/p>\n<p class=\"richtext text-em-55 !leading-serif mx-6 desktop:mx-0\">Das Bildungsministerium wies die Vorw\u00fcrfe gegen Minsterin Feller zur\u00fcck. \u201eDie Einrichtung eines weiteren Krisenstabs als Parallelstruktur ist in solchen Situationen nicht vorgesehen und auch nicht angezeigt\u201c, erkl\u00e4rte ein Sprecher. Zudem verwies er darauf, dass Schulen und Bezirksregierung die Schlie\u00dfungen schon in die Wege geleitet hatten, als Feller am Sonntagabend Bescheid bekam. Und zwar ohne die eigentlich vorgeschriebene R\u00fccksprache mit \u2013 unter anderem \u2013 dem Ministerium. \u201eEine Abstimmung und Neubewertung war daher nicht mehr m\u00f6glich.\u201c<\/p>\n<p class=\"richtext text-em-55 !leading-serif mx-6 desktop:mx-0\"><a href=\"https:\/\/rp-online.de\/nrw\/landespolitik\/schulministerin-feller-sieht-fehler-nach-schul-schliessungen-von-duisburg_aid-126188669\" target=\"_blank\" rel=\"nofollow noopener\">Feller selbst hat den Alleingang der Verantwortlichen bereits ger\u00fcgt,<\/a> nun legte der Ministeriumssprecher nach: Es gebe fest vereinbarte Entscheidungswege, um bei Bedrohungslagen angemessen zu reagieren. W\u00fcrden sich alle daran halten und alle vorgeschriebenen Stellen einbinden, dann, so die Argumentation, w\u00e4re in solchen Situationen gar niemand allein. \u201eIn Krisen- und Bedrohungslagen sind Besonnenheit und klar strukturierte Abl\u00e4ufe angezeigt\u201c \u2013 auch, um Unruhe und Trittbrettfahrer zu verhindern.<\/p>\n<p class=\"richtext text-em-55 !leading-serif mx-6 desktop:mx-0\">Im Duisburger Rathaus war man an dem Schritt, die Schultore zuzulassen, \u00fcberhaupt nicht beteiligt. Oberb\u00fcrgermeister <a href=\"https:\/\/rp-online.de\/thema\/soeren-link\/\" rel=\"nofollow noopener\" target=\"_blank\">S\u00f6ren Link<\/a> (SPD) hatte sich allerdings in der vergangenen Woche dahinter gestellt: Sicherheit geht vor\u201c, schrieb er in einem kurzen Statement.<\/p>\n<p class=\"richtext text-em-55 !leading-serif mx-6 desktop:mx-0\">Die Hintergr\u00fcnde einer vierten Drohmail, die am vergangenen Donnerstag auch noch ein Gymnasium in der Stadt lahmlegte \u2013 auch sie liegt unserer Redaktion vor \u2013 sind mittlerweile klar. Vier Sch\u00fcler sollen die aufgeheizte Stimmung ausgenutzt haben, um eine Pr\u00fcfung zu verhindern. Es gibt keine Hinweise darauf, dass sie mit den ersten drei Mails in Verbindung stehen.<\/p>\n","protected":false},"excerpt":{"rendered":"\u201eWenn Frau Feller der Meinung war, die Schulschlie\u00dfungen waren \u00fcberfl\u00fcssig, dann hat sie die Situation an dem Wochenende&hellip;\n","protected":false},"author":2,"featured_media":38354,"comment_status":"","ping_status":"","sticky":false,"template":"","format":"standard","meta":{"footnotes":"","_share_on_mastodon":"0"},"categories":[1838],"tags":[10847,48,19987,20001,19994,573,11860,3364,29,9024,3715,3405,19984,17761,30,9022,9906,19993,10104,20000,19986,19988,1209,19985,19992,19996,1978,19991,19990,19999,19998,19989,19995,19997,20002,9019],"class_list":["post-38353","post","type-post","status-publish","format-standard","has-post-thumbnail","category-duisburg","tag-schulministerium","tag-48","tag-absender","tag-abteilung","tag-benachrichtigungen","tag-berichte","tag-bezirksregierung","tag-de","tag-deutschland","tag-distanzunterricht","tag-duisburg","tag-duesseldorf","tag-feller","tag-form","tag-germany","tag-gesamtschule","tag-gesamtschulen","tag-icht","tag-mail","tag-ministerin","tag-ministerium","tag-msb","tag-nordrhein-westfalen","tag-schul","tag-schulabteilungsleiter","tag-schuldezernentin","tag-schueler","tag-schulform","tag-schulische","tag-schulischen","tag-schulministerin","tag-schulministeriums","tag-schultraegers","tag-schulverwaltung","tag-sicht","tag-unterricht"],"share_on_mastodon":{"url":"","error":"Validation failed: Text character limit of 500 exceeded"},"_links":{"self":[{"href":"https:\/\/www.europesays.com\/de\/wp-json\/wp\/v2\/posts\/38353","targetHints":{"allow":["GET"]}}],"collection":[{"href":"https:\/\/www.europesays.com\/de\/wp-json\/wp\/v2\/posts"}],"about":[{"href":"https:\/\/www.europesays.com\/de\/wp-json\/wp\/v2\/types\/post"}],"author":[{"embeddable":true,"href":"https:\/\/www.europesays.com\/de\/wp-json\/wp\/v2\/users\/2"}],"replies":[{"embeddable":true,"href":"https:\/\/www.europesays.com\/de\/wp-json\/wp\/v2\/comments?post=38353"}],"version-history":[{"count":0,"href":"https:\/\/www.europesays.com\/de\/wp-json\/wp\/v2\/posts\/38353\/revisions"}],"wp:featuredmedia":[{"embeddable":true,"href":"https:\/\/www.europesays.com\/de\/wp-json\/wp\/v2\/media\/38354"}],"wp:attachment":[{"href":"https:\/\/www.europesays.com\/de\/wp-json\/wp\/v2\/media?parent=38353"}],"wp:term":[{"taxonomy":"category","embeddable":true,"href":"https:\/\/www.europesays.com\/de\/wp-json\/wp\/v2\/categories?post=38353"},{"taxonomy":"post_tag","embeddable":true,"href":"https:\/\/www.europesays.com\/de\/wp-json\/wp\/v2\/tags?post=38353"}],"curies":[{"name":"wp","href":"https:\/\/api.w.org\/{rel}","templated":true}]}}