{"id":383621,"date":"2025-08-30T05:09:10","date_gmt":"2025-08-30T05:09:10","guid":{"rendered":"https:\/\/www.europesays.com\/de\/383621\/"},"modified":"2025-08-30T05:09:10","modified_gmt":"2025-08-30T05:09:10","slug":"warum-wir-mehr-bewusstsein-fuer-unsere-geschichte-brauchen","status":"publish","type":"post","link":"https:\/\/www.europesays.com\/de\/383621\/","title":{"rendered":"Warum wir mehr Bewusstsein f\u00fcr unsere Geschichte brauchen"},"content":{"rendered":"<p class=\"mb-6 text-xs md:text-m lg:text-l font-serif group-[.font-sans]:font-sans \">\n    Noch liegt kein Ergebnis vor, dennoch l\u00e4sst die Erfahrung f\u00fcr die <a href=\"https:\/\/www.augsburger-allgemeine.de\/augsburg\/museumsbesucher-in-augsburg-muessen-wegen-baumaengeln-auf-duerers-fugger-portraet-verzichten-108941300\" target=\"_self\" class=\"underline \" rel=\"nofollow noopener\">Zukunft der Katharinenkirche<\/a> nichts Positives erahnen. Sollten sich beim derzeit laufenden Rissmonitoring gr\u00f6\u00dfere Sch\u00e4den herausstellen, werden die Augsburger ihre alten Meister wohl fr\u00fchestens in den 2030er Jahren wiedersehen. Bei der Dominikanerkirche dauerte es zw\u00f6lf Jahre, bis die Sanierung anlief, beim Perlachturm sieben Jahre. Vorteil Dominikanerkirche und Perlachturm: Sie sind bekannter, gelten als zentrale Sehensw\u00fcrdigkeiten. Die Stadt hat wenig Geld und wird in Zukunft wohl noch klammere Kassen haben. Eine Chance f\u00fcr die Katharinenkirche besteht dennoch.\n  <\/p>\n<ul data-module-id=\"DragDropModule\" class=\"flex flex-wrap justify-start group-[.no-bookmarks]:hidden\">\n<li class=\"mb-3 mr-3\">\n    Jonas Klimm<\/p>\n<p>      Icon Haken im Kreis gesetzt<\/p>\n<p>      Icon Plus im Kreis<\/p>\n<\/li>\n<li class=\"mb-3 mr-3\">\n    Augsburg Stadt<\/p>\n<p>      Icon Haken im Kreis gesetzt<\/p>\n<p>      Icon Plus im Kreis<\/p>\n<\/li>\n<li class=\"mb-3 mr-3\">\n    Bausubstanz<\/p>\n<p>      Icon Haken im Kreis gesetzt<\/p>\n<p>      Icon Plus im Kreis<\/p>\n<\/li>\n<\/ul>\n","protected":false},"excerpt":{"rendered":"Noch liegt kein Ergebnis vor, dennoch l\u00e4sst die Erfahrung f\u00fcr die Zukunft der Katharinenkirche nichts Positives erahnen. Sollten&hellip;\n","protected":false},"author":2,"featured_media":67498,"comment_status":"","ping_status":"","sticky":false,"template":"","format":"standard","meta":{"footnotes":""},"categories":[1846],"tags":[680,772,3364,29,548,663,3934,30,13,14,15,12],"class_list":{"0":"post-383621","1":"post","2":"type-post","3":"status-publish","4":"format-standard","5":"has-post-thumbnail","7":"category-augsburg","8":"tag-augsburg","9":"tag-bayern","10":"tag-de","11":"tag-deutschland","12":"tag-eu","13":"tag-europa","14":"tag-europe","15":"tag-germany","16":"tag-headlines","17":"tag-nachrichten","18":"tag-news","19":"tag-schlagzeilen"},"share_on_mastodon":{"url":"https:\/\/pubeurope.com\/@de\/115115993770151775","error":""},"_links":{"self":[{"href":"https:\/\/www.europesays.com\/de\/wp-json\/wp\/v2\/posts\/383621","targetHints":{"allow":["GET"]}}],"collection":[{"href":"https:\/\/www.europesays.com\/de\/wp-json\/wp\/v2\/posts"}],"about":[{"href":"https:\/\/www.europesays.com\/de\/wp-json\/wp\/v2\/types\/post"}],"author":[{"embeddable":true,"href":"https:\/\/www.europesays.com\/de\/wp-json\/wp\/v2\/users\/2"}],"replies":[{"embeddable":true,"href":"https:\/\/www.europesays.com\/de\/wp-json\/wp\/v2\/comments?post=383621"}],"version-history":[{"count":0,"href":"https:\/\/www.europesays.com\/de\/wp-json\/wp\/v2\/posts\/383621\/revisions"}],"wp:featuredmedia":[{"embeddable":true,"href":"https:\/\/www.europesays.com\/de\/wp-json\/wp\/v2\/media\/67498"}],"wp:attachment":[{"href":"https:\/\/www.europesays.com\/de\/wp-json\/wp\/v2\/media?parent=383621"}],"wp:term":[{"taxonomy":"category","embeddable":true,"href":"https:\/\/www.europesays.com\/de\/wp-json\/wp\/v2\/categories?post=383621"},{"taxonomy":"post_tag","embeddable":true,"href":"https:\/\/www.europesays.com\/de\/wp-json\/wp\/v2\/tags?post=383621"}],"curies":[{"name":"wp","href":"https:\/\/api.w.org\/{rel}","templated":true}]}}