{"id":383730,"date":"2025-08-30T06:10:10","date_gmt":"2025-08-30T06:10:10","guid":{"rendered":"https:\/\/www.europesays.com\/de\/383730\/"},"modified":"2025-08-30T06:10:10","modified_gmt":"2025-08-30T06:10:10","slug":"buecherzelle-in-karlsfeld-verbindet-generationen","status":"publish","type":"post","link":"https:\/\/www.europesays.com\/de\/383730\/","title":{"rendered":"B\u00fccherzelle in Karlsfeld verbindet Generationen"},"content":{"rendered":"<ol class=\"id-DonaldBreadcrumb lp_west_breadcrumb id-DonaldBreadcrumb--default\" data-k5a-pos=\"west_breadcrumb\">\n<li class=\"id-Breadcrumb-item\"><a href=\"https:\/\/www.merkur.de\/\" class=\"id-Breadcrumb-link\" data-id-ec=\"{\" shn=\"\" textlink=\"\" data-k5a-pos=\"1_startseite\" rel=\"nofollow noopener\" target=\"_blank\">Startseite<\/a><\/li>\n<li class=\"id-Breadcrumb-item\"><a href=\"https:\/\/www.merkur.de\/lokales\/\" class=\"id-Breadcrumb-link\" data-id-ec=\"{\" shn=\"\" textlink=\"\" data-k5a-pos=\"2_lokales\" rel=\"nofollow noopener\" target=\"_blank\">Lokales<\/a><\/li>\n<li class=\"id-Breadcrumb-item\"><a href=\"https:\/\/www.merkur.de\/lokales\/dachau\/\" class=\"id-Breadcrumb-link\" data-id-ec=\"{\" shn=\"\" textlink=\"\" data-k5a-pos=\"3_dachau\" rel=\"nofollow noopener\" target=\"_blank\">Dachau<\/a><\/li>\n<li class=\"id-Breadcrumb-item\"><a href=\"https:\/\/www.merkur.de\/lokales\/dachau\/karlsfeld-ort28903\/\" class=\"id-Breadcrumb-link\" data-id-ec=\"{\" shn=\"\" textlink=\"\" data-k5a-pos=\"4_karlsfeld\" rel=\"nofollow noopener\" target=\"_blank\">Karlsfeld<\/a><\/li>\n<\/ol>\n<p class=\"id-Story-timestamp id-Story-timestamp--default\">Stand: 30.08.2025, 08:00 Uhr<\/p>\n<p class=\"id-Story-interactionBar id-Story-interactionBar--default\">DruckenTeilen<\/p>\n<p><img decoding=\"async\" class=\"id-RatioPlaceholder-element wv_story_el_image\" src=\"https:\/\/www.europesays.com\/de\/wp-content\/uploads\/2025\/08\/39502800-treffpunkt-fuer-buecherfreunde-die-umgebaute-telefonzelle-vor-dem-rathaus-in-karlsfeld-bege.jpeg\" loading=\"eager\" fetchpriority=\"high\"   height=\"619\" width=\"1100\" alt=\"Treffpunkt f&#xFC;r B&#xFC;cherfreunde: Die umgebaute Telefonzelle vor dem Rathaus in Karlsfeld begeistert Jung und Alt. Jugendratsvorsitzender Lorenz Stabl und die  ehrenamtliche Helferin Doris Kaps freuen sich &#xFC;ber die gro&#xDF;e Resonanz.\"\/>Treffpunkt f\u00fcr B\u00fccherfreunde: Die umgebaute Telefonzelle vor dem Rathaus in Karlsfeld begeistert Jung und Alt. Jugendratsvorsitzender Lorenz Stabl und die  ehrenamtliche Helferin Doris Kaps freuen sich \u00fcber die gro\u00dfe Resonanz. \u00a9\u00a0ep<\/p>\n<p class=\"id-StoryElement-leadText\">Erfolgreiches Projekt des Karlsfelder Jugendrats zieht Leser jeden Alters an. Die umgebaute Telefonzelle vor dem Rathaus in Karlsfeld verwandelt sich in einen Ort, an dem B\u00fccher ein zweites Leben finden.<\/p>\n<p class=\"id-StoryElement-paragraph\">\u201eWenn Sie mal was von Konsalik haben, sagen Sie mir doch bitte Bescheid.\u201c Den Wunsch einer 90-j\u00e4hrigen Verehrerin des deutschen Erfolgsschriftstellers Heinz G. Konsalik w\u00fcrde Doris Kaps ja gerne erf\u00fcllen. Sie ist fast t\u00e4glich in der B\u00fccherzelle am Rathaus in Karlsfeld, sorgt dort f\u00fcr Ordnung und wei\u00df, was reinkommt an Literatur. Aber \u201eLiebesn\u00e4chte in der Taiga\u201c oder der \u201eArzt von Stalingrad\u201c sind momentan nicht greifbar. Was nicht ist, kann ja noch werden.<\/p>\n<p class=\"id-StoryElement-paragraph\">Seit einem Jahr gibt es diese B\u00fccherzelle, eine ausrangierte Telefonzelle, die vorher im Garten des Jugendhauses am Karlsfelder See stand. Die Mitglieder des Jugendrates Annalena Addis, Jijan G\u00f6cer, Jakob Kaupp, Lorenz Stabl und Sana Tawaf renovierten sie liebevoll und bauten sie quasi als B\u00fccherschrank um. Das war die erste gro\u00dfe Aktion des im Dezember 2023 neu gew\u00e4hlten Jugendrates. Und dazu eine sehr erfolgreiche. Es werden inzwischen viele ausgelesene B\u00fccher gespendet, und man kann unkompliziert selbst Neues entdecken und ausleihen. Sortiert nach Romanen, Krimis, Sachb\u00fcchern \u00fcber Garten und Kochen und Kinderb\u00fcchern.<\/p>\n<p class=\"id-StoryElement-paragraph\">Lorenz Stabl, Vorsitzender des Karlsfelder Jugendrates, ist hocherfreut \u00fcber die positive Annahme dieses Angebots. \u201eIch sehe oft Leute, die drin stehen und schm\u00f6kern.\u201c Oder eben etwas einstellen. Es kommt soviel rein, dass es ein Zwischenlager, einen \u201eVorratsschrank\u201c im Jugendhaus gibt. So steht dort viermal der Renner von Eckart von Hirschhausen \u201eDie Leber w\u00e4chst mit ihren Aufgaben\u201c und wartet auf seinen Einsatz in der B\u00fccherzelle.<\/p>\n<p>Doris Kaps sorgt ehrenamtlich f\u00fcr Ordnung<\/p>\n<p class=\"id-StoryElement-paragraph\">Stabl und seine Jugendratsmitglieder sind sichtlich froh, dass sie mit Doris Kaps jemanden gefunden haben, der die B\u00fccher nicht nur sortiert, sondern auch aussortiert. Manches sei einfach \u201enur M\u00fcll\u201c, sagt sie. Oder \u201enicht f\u00f6rderlich\u201c, so dr\u00fcckt es Lorenz Stabl aus, wie etwa ein abgelaufenes Strafgesetzbuch. Die Rentnerin wohnt in der N\u00e4he des Rathauses. \u201eIch komme \u00f6fter hier vorbei. Und es macht mir Spa\u00df, mit B\u00fcchern zu arbeiten.\u201c Ihr ehrenamtlicher Einsatz wurde im Rathaus sofort bemerkt: \u201eDas sieht ja jetzt so sch\u00f6n ordentlich aus\u201c, bekam Lorenz Stabl bereits zu h\u00f6ren. Und so erweist sich das Jugendprojekt zu einem generationen\u00fcbergreifenden Erfolgsprojekt.<\/p>\n<p class=\"id-StoryElement-paragraph\">Elfriede Peil<\/p>\n<p class=\"id-StoryElement-paragraph\">Weitere Nachrichten aus der <a href=\"https:\/\/www.merkur.de\/lokales\/dachau\/\" rel=\"nofollow noopener\" target=\"_blank\" class=\"id-import-Link\" data-id-ec=\"{&quot;sht&quot;:&quot;Container&quot;,&quot;shn&quot;:&quot;Story&quot;,&quot;p&quot;:{&quot;containerType&quot;:&quot;Paragraph&quot;,&quot;displayType&quot;:&quot;Paragraph InlineLink&quot;,&quot;type&quot;:&quot;INLINE_LINK&quot;,&quot;value&quot;:&quot;Region Dachau&quot;,&quot;variant&quot;:&quot;standardLink&quot;,&quot;sponsored&quot;:false,&quot;linkHref&quot;:&quot;https:\/\/www.merkur.de\/lokales\/dachau\/&quot;,&quot;storyElementPosition&quot;:17,&quot;storyElementCount&quot;:17}}\">Region Dachau<\/a> lesen Sie hier.<\/p>\n","protected":false},"excerpt":{"rendered":"Startseite Lokales Dachau Karlsfeld Stand: 30.08.2025, 08:00 Uhr DruckenTeilen Treffpunkt f\u00fcr B\u00fccherfreunde: Die umgebaute Telefonzelle vor dem Rathaus&hellip;\n","protected":false},"author":2,"featured_media":383731,"comment_status":"","ping_status":"","sticky":false,"template":"","format":"standard","meta":{"footnotes":""},"categories":[1774],"tags":[1784,1785,29,214,30,215],"class_list":{"0":"post-383730","1":"post","2":"type-post","3":"status-publish","4":"format-standard","5":"has-post-thumbnail","7":"category-buecher","8":"tag-books","9":"tag-buecher","10":"tag-deutschland","11":"tag-entertainment","12":"tag-germany","13":"tag-unterhaltung"},"share_on_mastodon":{"url":"https:\/\/pubeurope.com\/@de\/115116233627077679","error":""},"_links":{"self":[{"href":"https:\/\/www.europesays.com\/de\/wp-json\/wp\/v2\/posts\/383730","targetHints":{"allow":["GET"]}}],"collection":[{"href":"https:\/\/www.europesays.com\/de\/wp-json\/wp\/v2\/posts"}],"about":[{"href":"https:\/\/www.europesays.com\/de\/wp-json\/wp\/v2\/types\/post"}],"author":[{"embeddable":true,"href":"https:\/\/www.europesays.com\/de\/wp-json\/wp\/v2\/users\/2"}],"replies":[{"embeddable":true,"href":"https:\/\/www.europesays.com\/de\/wp-json\/wp\/v2\/comments?post=383730"}],"version-history":[{"count":0,"href":"https:\/\/www.europesays.com\/de\/wp-json\/wp\/v2\/posts\/383730\/revisions"}],"wp:featuredmedia":[{"embeddable":true,"href":"https:\/\/www.europesays.com\/de\/wp-json\/wp\/v2\/media\/383731"}],"wp:attachment":[{"href":"https:\/\/www.europesays.com\/de\/wp-json\/wp\/v2\/media?parent=383730"}],"wp:term":[{"taxonomy":"category","embeddable":true,"href":"https:\/\/www.europesays.com\/de\/wp-json\/wp\/v2\/categories?post=383730"},{"taxonomy":"post_tag","embeddable":true,"href":"https:\/\/www.europesays.com\/de\/wp-json\/wp\/v2\/tags?post=383730"}],"curies":[{"name":"wp","href":"https:\/\/api.w.org\/{rel}","templated":true}]}}