{"id":383804,"date":"2025-08-30T06:51:11","date_gmt":"2025-08-30T06:51:11","guid":{"rendered":"https:\/\/www.europesays.com\/de\/383804\/"},"modified":"2025-08-30T06:51:11","modified_gmt":"2025-08-30T06:51:11","slug":"franz-wagner-ueberragt-deutschland-startet-mit-kantersieg-in-die-basketball-em","status":"publish","type":"post","link":"https:\/\/www.europesays.com\/de\/383804\/","title":{"rendered":"Franz Wagner \u00fcberragt \u2013 Deutschland startet mit Kantersieg in die Basketball-EM"},"content":{"rendered":"<p>Deutschland ist souver\u00e4n in die Basketball-EM gestartet. Beim deutlichen Erfolg \u00fcber Montenegro tr\u00fcbt nur eine durchwachsene erste Halbzeit das ordentliche deutsche Gesamtbild. Der Superstar des Teams \u00fcbernimmt sofort Verantwortung.<\/p>\n<p class=\"is-first-paragraph\" data-external=\"Article.FirstParagraph\">Kein Bundestrainer, kein Problem: Basketball-Weltmeister Deutschland ist auch ohne den erkrankten Chefcoach Alex Mumbru mit einem Sieg in die EM gestartet und hat den ersten Schritt auf dem Weg ins Achtelfinale gemacht. Das Team um Kapit\u00e4n Dennis Schr\u00f6der gewann nach durchwachsener erster Halbzeit am Ende klar mit 106:76 (46:43) gegen Au\u00dfenseiter Montenegro.<\/p>\n<p>Geburtstagskind Franz Wagner (22 Punkte), Spielmacher Schr\u00f6der (21) und Andreas Obst (18) waren im finnischen Tampere die besten deutschen Werfer \u2013 es war ein nur 20 Minuten umk\u00e4mpfter Auftakt, bei dem Deutschland erst im dritten Viertel davonzog. An Stelle des Spaniers Mumbru r\u00fcckte dessen Assistent Alan Ibrahimagic in die Rolle des Trainers. Wann Mumbru zur\u00fcckkehrt, blieb zun\u00e4chst offen.<\/p>\n<p>Das deutsche Team, das in den vergangenen Wochen in stimmungsvollen Hallen in K\u00f6ln, M\u00fcnchen und Madrid spielte, musste sich zun\u00e4chst an die relativ trostlose Atmosph\u00e4re in Tampere gew\u00f6hnen. Als NBA-Jungstar Wagner an der Freiwurflinie stand, waren anl\u00e4sslich seines 24. Geburtstags sogar einzelne Happy-Birthday-Ges\u00e4nge zu h\u00f6ren \u2013 so leise war es auf den R\u00e4ngen, auf den nur 3495 Zuschauer Platz gefunden hatten.<\/p>\n<p>Handy-Kontakt mit dem Cheftrainer<\/p>\n<p>Mumbru liegt zwar seit Montag wegen \u201eeines akuten Infekts\u201c im Krankenhaus, war aber in die Kommunikation eingebunden. \u201eAuf der Bank wird per Handy mit ihm kommuniziert. Aber die meiste Arbeit ist ja bereits im Vorfeld gemacht worden\u201c, sagte Ibrahimagic. Das Team hofft nach dem kurzen Schockmoment auf eine z\u00fcgige R\u00fcckkehr Mumbrus, am besten schon zum zweiten Gruppenspiel gegen Schweden am Freitag (12.30 Uhr\/RTL und MagentaSport).<\/p>\n<p>Die pr\u00e4gende Figur der ersten Minuten war Wagner, der mit viel Tempo und Durchsetzungskraft zum Korb zog und sieben Punkte zu einer fr\u00fchen F\u00fchrung beisteuerte. Als Obst beim Stand von 11:11 ein Vier-Punkte-Spiel gelang, war die deutsche Bank erstmals voll da &#8211; doch absetzen konnte sich der Weltmeister gegen Montenegro mit NBA-Routinier Nikola Vucevic (34 Jahre) zun\u00e4chst nicht.<\/p>\n<p>Miese Dreierquote in Halbzeit eins<\/p>\n<p>Deutschland schaffte es nicht, den von Mumbru gew\u00fcnschten schnellen Spielstil umzusetzen. Stattdessen gab es viele schwierige Dreipunktew\u00fcrfe, von denen bis zur Pause nur vier von 18 ihr Ziel finden. \u201eWir treffen offensiv nicht richtig gut\u201c, sagte Co-Kapit\u00e4n Johannes Voigtmann bei Magentasport.<\/p>\n<p>Der verletzte Weltmeister Moritz Wagner, der als TV-Experte f\u00fcr Magentasport arbeitet, wirkte zur Halbzeit dennoch gelassen. \u201eEs ist ein klassisches Er\u00f6ffnungsspiel. Es ist nicht so einfach, am Nachmittag in einer halb leeren Halle Energie aufzubauen\u201c, sagte Wagner. Seine Energie h\u00e4tte das deutsche Team gut gebrauchen k\u00f6nnen.<\/p>\n<p>So souver\u00e4n wie Mitfavorit Litauen, der Gro\u00dfbritannien zuvor zum Start der Gruppe B mit 94:70 besiegt hatte, war Deutschland zun\u00e4chst nicht unterwegs. Was auch am aufm\u00fcpfigen und physisch starken Gegner lag. <\/p>\n<p>F\u00fcr die zweite Halbzeit forderte Ibrahimagic eine Steigerung in der Defensive. Und die kam \u2013 die defensiveren Rotationen klappten besser. Und vorn fielen pl\u00f6tzlich in Serie die Dreier. Vor allem Spezialist Obst lief nun hei\u00df. Nur eine Blessur von Isaac Bonga tr\u00fcbte die gute Leistung nach dem Seitenwechsel. <\/p>\n<p>Vor dem Doppelpack gegen Schweden und Litauen gibt es am Donnerstag zun\u00e4chst einen spielfreien Tag. Falls Mumbru an diesem aus dem Krankenhaus entlassen wird, k\u00f6nnte er am Freitag bereits wieder an der Seitenlinie stehen. Die besten vier Nationen der Sechsergruppe erreichen die Endrunde im lettischen Riga.<\/p>\n<p>step<\/p>\n","protected":false},"excerpt":{"rendered":"Deutschland ist souver\u00e4n in die Basketball-EM gestartet. Beim deutlichen Erfolg \u00fcber Montenegro tr\u00fcbt nur eine durchwachsene erste Halbzeit&hellip;\n","protected":false},"author":2,"featured_media":383805,"comment_status":"","ping_status":"","sticky":false,"template":"","format":"standard","meta":{"footnotes":""},"categories":[2],"tags":[331,3924,332,3922,2493,66357,96855,3364,50537,96856,29,30,13,14,3923,15,3921,12,36941],"class_list":{"0":"post-383804","1":"post","2":"type-post","3":"status-publish","4":"format-standard","5":"has-post-thumbnail","7":"category-deutschland","8":"tag-aktuelle-nachrichten","9":"tag-aktuelle-nachrichten-aus-deutschland","10":"tag-aktuelle-news","11":"tag-aktuelle-news-aus-deutschland","12":"tag-basketball","13":"tag-basketball-em","14":"tag-basketball-nationalmannschaften-ks","15":"tag-de","16":"tag-dennis","17":"tag-deutscher-basketball-bund","18":"tag-deutschland","19":"tag-germany","20":"tag-headlines","21":"tag-nachrichten","22":"tag-nachrichten-aus-deutschland","23":"tag-news","24":"tag-news-aus-deutschland","25":"tag-schlagzeilen","26":"tag-schroeder"},"share_on_mastodon":{"url":"https:\/\/pubeurope.com\/@de\/115116394720508357","error":""},"_links":{"self":[{"href":"https:\/\/www.europesays.com\/de\/wp-json\/wp\/v2\/posts\/383804","targetHints":{"allow":["GET"]}}],"collection":[{"href":"https:\/\/www.europesays.com\/de\/wp-json\/wp\/v2\/posts"}],"about":[{"href":"https:\/\/www.europesays.com\/de\/wp-json\/wp\/v2\/types\/post"}],"author":[{"embeddable":true,"href":"https:\/\/www.europesays.com\/de\/wp-json\/wp\/v2\/users\/2"}],"replies":[{"embeddable":true,"href":"https:\/\/www.europesays.com\/de\/wp-json\/wp\/v2\/comments?post=383804"}],"version-history":[{"count":0,"href":"https:\/\/www.europesays.com\/de\/wp-json\/wp\/v2\/posts\/383804\/revisions"}],"wp:featuredmedia":[{"embeddable":true,"href":"https:\/\/www.europesays.com\/de\/wp-json\/wp\/v2\/media\/383805"}],"wp:attachment":[{"href":"https:\/\/www.europesays.com\/de\/wp-json\/wp\/v2\/media?parent=383804"}],"wp:term":[{"taxonomy":"category","embeddable":true,"href":"https:\/\/www.europesays.com\/de\/wp-json\/wp\/v2\/categories?post=383804"},{"taxonomy":"post_tag","embeddable":true,"href":"https:\/\/www.europesays.com\/de\/wp-json\/wp\/v2\/tags?post=383804"}],"curies":[{"name":"wp","href":"https:\/\/api.w.org\/{rel}","templated":true}]}}