{"id":383811,"date":"2025-08-30T06:55:11","date_gmt":"2025-08-30T06:55:11","guid":{"rendered":"https:\/\/www.europesays.com\/de\/383811\/"},"modified":"2025-08-30T06:55:11","modified_gmt":"2025-08-30T06:55:11","slug":"wer-zeigt-uebertraegt-sc-verl-vs-msv-duisburg-3-liga-heute-im-free-tv-und-live-stream","status":"publish","type":"post","link":"https:\/\/www.europesays.com\/de\/383811\/","title":{"rendered":"Wer zeigt \/ \u00fcbertr\u00e4gt SC Verl vs. MSV Duisburg (3. Liga) heute im Free TV und Live Stream?"},"content":{"rendered":"<p data-testid=\"article-teaser\">In der 3. Liga kommt es heute zum Aufeinandertreffen zwischen dem SC Verl und dem MSV Duisburg. Doch wo l\u00e4uft die Partie? GOAL verr\u00e4t es Euch.<\/p>\n<p>Der MSV Duisburg ist am heutigen Samstag, den 30. August, in der 3. Liga beim SC Verl zu Gast. Die Partie wird um 14 Uhr in der Sportclub-Arena\u00a0in Verl angesto\u00dfen.<\/p>\n<p><strong>GOAL<\/strong> verr\u00e4t Euch alles, was Ihr wissen m\u00fcsst, einschlie\u00dflich TV-Kanal, Streaming-Details und mehr.<\/p>\n<p>Wer zeigt \/ \u00fcbertr\u00e4gt SC Verl vs. MSV Duisburg (3. Liga) heute im Free TV und Live Stream?<\/p>\n<p>MagentaSport zeigt die Begegnung zwischen dem SC Verl und dem MSV Duisburg live und in voller L\u00e4nge. Ab 13.45 Uhr beginnen dort die Vorberichte zum Spiel. So sieht das MagentaSport-Team heute aus:<\/p>\n<ul>\n<li><strong>Kommentar: <\/strong>Michael Augustin<\/li>\n<li><strong>Moderation:<\/strong> Thomas Wagner<\/li>\n<\/ul>\n<p>Der Pay-TV-Sender bietet Euch dar\u00fcber hinaus die Option das Duell in der Konferenz ab 13.30 Uhr live zu erleben. Den Livestream von MagentaSport findet Ihr in der MagentaSport-App oder auf magentasport.de. Als Einzelstream k\u00f6nnt Ihr das Drittligaspiel alternativ auf OneFootball verfolgen.<\/p>\n<p>Ansto\u00dfzeit SC Verl gegen MSV DuisburgSC Verl vs. MSV Duisburg: AufstellungenNews \u00fcber SC Verl<\/p>\n<p>Der SC Verl hat einen durchwachsenen Start in die Saison hingelegt. In der 3. Liga konnten die heutigen Gastgeber bislang noch keinen Sieg einfahren. Gegen den SV Waldhof Mannheim, den SV Wehen Wiesbaden und den VfB Stuttgart II spielte der SC Verl jeweils unentschieden.<\/p>\n<p>Besser lief es f\u00fcr Verl hingegen im Landespokal, wo der SC Mitte August den TuS Lipperreihe mit 12:0 vom Platz fegte.<\/p>\n<p>News \u00fcber MSV Duisburg<\/p>\n<p>Der MSV Duisburg hat hingegen einen perfekten Start in die neue Saison hingelegt. Gegen den VfB Stuttgart II, Jahn Regensburg und den SSV Ulm konnten die Duisburger jeweils gewinnen. Der MSV steht damit derzeit mit neun Punkten auf dem ersten Tabellenplatz in der 3. Liga. Ein klarer 7:0-Sieg im Landespokal gegen den SC Viktoria Mennrath komplettiert den starken Saisonstart des MSV Duisburg.\u00a0<\/p>\n<p>Form<\/p>\n<dl class=\"statistics_statistics__mw2he component-statistics\">\n<dt class=\"statistics_statistic-term__q2TPr\">Tor erzielt (kassiert)<\/dt>\n<dd class=\"statistics_statistic-value__t97Eh\">10\/7<\/dd>\n<dt class=\"statistics_statistic-term__q2TPr\">Spiele \u00fcber 2,5 Tore<\/dt>\n<dd class=\"statistics_statistic-value__t97Eh\">4\/5<\/dd>\n<dt class=\"statistics_statistic-term__q2TPr\">Beide Teams haben getroffen<\/dt>\n<dd class=\"statistics_statistic-value__t97Eh\">4\/5<\/dd>\n<\/dl>\n<dl class=\"statistics_statistics__mw2he component-statistics\">\n<dt class=\"statistics_statistic-term__q2TPr\">Tor erzielt (kassiert)<\/dt>\n<dd class=\"statistics_statistic-value__t97Eh\">12\/2<\/dd>\n<dt class=\"statistics_statistic-term__q2TPr\">Spiele \u00fcber 2,5 Tore<\/dt>\n<dd class=\"statistics_statistic-value__t97Eh\">4\/5<\/dd>\n<dt class=\"statistics_statistic-term__q2TPr\">Beide Teams haben getroffen<\/dt>\n<dd class=\"statistics_statistic-value__t97Eh\">2\/5<\/dd>\n<\/dl>\n<p>Bilanz direkte Duelle<\/p>\n<p class=\"stats_number__mLeX6\">2<\/p>\n<p class=\"stats_label__RzDtQ\">Siege<\/p>\n<p class=\"stats_number__mLeX6\">2<\/p>\n<p class=\"stats_label__RzDtQ\">Unentschieden<\/p>\n<p class=\"stats_number__mLeX6\">1<\/p>\n<p class=\"stats_label__RzDtQ\">Sieg<\/p>\n<dl class=\"statistics_statistics__mw2he component-statistics\">\n<dt class=\"statistics_statistic-term__q2TPr\">Spiele \u00fcber 2,5 Tore<\/dt>\n<dd class=\"statistics_statistic-value__t97Eh\">3\/5<\/dd>\n<dt class=\"statistics_statistic-term__q2TPr\">Beide Teams haben getroffen<\/dt>\n<dd class=\"statistics_statistic-value__t97Eh\">4\/5<\/dd>\n<\/dl>\n<p>SC Verl vs. MSV Duisburg: Die TabellenN\u00fctzliche Links<\/p>\n","protected":false},"excerpt":{"rendered":"In der 3. Liga kommt es heute zum Aufeinandertreffen zwischen dem SC Verl und dem MSV Duisburg. Doch&hellip;\n","protected":false},"author":2,"featured_media":383812,"comment_status":"","ping_status":"","sticky":false,"template":"","format":"standard","meta":{"footnotes":""},"categories":[1838],"tags":[995,3364,29,5878,3715,30,3721,1209,9622,103650,103651],"class_list":{"0":"post-383811","1":"post","2":"type-post","3":"status-publish","4":"format-standard","5":"has-post-thumbnail","7":"category-duisburg","8":"tag-3-liga","9":"tag-de","10":"tag-deutschland","11":"tag-deutschland-3-liga","12":"tag-duisburg","13":"tag-germany","14":"tag-msv-duisburg","15":"tag-nordrhein-westfalen","16":"tag-sc-verl","17":"tag-sc-verl-msv-duisburg","18":"tag-sc-verl-vs-msv-duisburg"},"share_on_mastodon":{"url":"https:\/\/pubeurope.com\/@de\/115116410598050449","error":""},"_links":{"self":[{"href":"https:\/\/www.europesays.com\/de\/wp-json\/wp\/v2\/posts\/383811","targetHints":{"allow":["GET"]}}],"collection":[{"href":"https:\/\/www.europesays.com\/de\/wp-json\/wp\/v2\/posts"}],"about":[{"href":"https:\/\/www.europesays.com\/de\/wp-json\/wp\/v2\/types\/post"}],"author":[{"embeddable":true,"href":"https:\/\/www.europesays.com\/de\/wp-json\/wp\/v2\/users\/2"}],"replies":[{"embeddable":true,"href":"https:\/\/www.europesays.com\/de\/wp-json\/wp\/v2\/comments?post=383811"}],"version-history":[{"count":0,"href":"https:\/\/www.europesays.com\/de\/wp-json\/wp\/v2\/posts\/383811\/revisions"}],"wp:featuredmedia":[{"embeddable":true,"href":"https:\/\/www.europesays.com\/de\/wp-json\/wp\/v2\/media\/383812"}],"wp:attachment":[{"href":"https:\/\/www.europesays.com\/de\/wp-json\/wp\/v2\/media?parent=383811"}],"wp:term":[{"taxonomy":"category","embeddable":true,"href":"https:\/\/www.europesays.com\/de\/wp-json\/wp\/v2\/categories?post=383811"},{"taxonomy":"post_tag","embeddable":true,"href":"https:\/\/www.europesays.com\/de\/wp-json\/wp\/v2\/tags?post=383811"}],"curies":[{"name":"wp","href":"https:\/\/api.w.org\/{rel}","templated":true}]}}