{"id":383981,"date":"2025-08-30T08:33:13","date_gmt":"2025-08-30T08:33:13","guid":{"rendered":"https:\/\/www.europesays.com\/de\/383981\/"},"modified":"2025-08-30T08:33:13","modified_gmt":"2025-08-30T08:33:13","slug":"zugverkehr-in-stuttgart-drahtseilakt-ueber-dem-neckar","status":"publish","type":"post","link":"https:\/\/www.europesays.com\/de\/383981\/","title":{"rendered":"Zugverkehr in Stuttgart: Drahtseilakt \u00fcber dem Neckar"},"content":{"rendered":"<p>\t\t\t\t\t\t\t\t\t\t\t\t\t\t\t\t\t\t\t\t\t\t\t\t\t\t\t\t      \t\t            \t\t             \t\t\t\t   \t\t\t\t\t   <img decoding=\"async\" id=\"article-image\" fetchpriority=\"high\" alt=\"Zugverkehr in Stuttgart: Drahtseilakt \u00fcber dem Neckar\" title=\"Zugverkehr in Stuttgart: Drahtseilakt \u00fcber dem Neckar\" src=\"https:\/\/www.europesays.com\/de\/wp-content\/uploads\/2025\/08\/media.media.df88569d-8c9c-42bd-bd6c-f7b3b949c132.16x9_700.jpg\" data-linkto=\"https:\/\/www.stuttgarter-nachrichten.de\/javascript:void(0);\"\/>\t\t\t\t\t\t\t\t\t\t\t\t\t\t\t\t\t\t\t\t\t\t\t\t\u00dcber der neuen Eisenbahnbr\u00fccke in Bad Cannstatt schwebt der Helikopter ein.\u00a0Foto: Lichtgut\/Christoph Schmidt\t\t\t<\/p>\n<p>Mit einem Hubschrauber werden Oberleitungsmasten von der neuen Neckarbr\u00fccke in Bad Cannstatt abgeholt. Es geht um die technische Aufr\u00fcstung und Vorarbeiten f\u00fcr Stuttgart 21.<\/p>\n<p>Spektakul\u00e4re Bilder verspricht ein Einsatz der Deutschen <a href=\"https:\/\/www.stuttgarter-nachrichten.de\/thema\/Deutsche_Bahn\" title=\"Bahn\" class=\"art_thema\" target=\"_blank\" rel=\"noopener\">Bahn<\/a> bei den derzeit laufenden Sanierungsma\u00dfnahmen der Stammstrecke der S-Bahn <a href=\"https:\/\/www.stuttgarter-nachrichten.de\/thema\/Stuttgart\" title=\"Stuttgart\" class=\"art_thema\" target=\"_blank\" rel=\"noopener\">Stuttgart<\/a>. Am Mittwoch, 3. September, ab 8.30 Uhr schwebt ein Helikopter \u00fcber den Neckar in Bad Cannstatt ein. \u201eEr wird helfen, neue Masten f\u00fcr die Oberleitungen zu setzen\u201c, erkl\u00e4rt eine Bahnsprecherin.<\/p>\n<p>Im Zuge dessen setzt die Deutsche Bahn am Mittwoch, 3. September, auf Unterst\u00fctzung von oben. Der Helikopter soll gegen 8.30 Uhr \u00fcber dem Neckar in Bad Cannstatt einschweben. Von der bislang noch gesperrten neuen Eisenbahnbr\u00fccke zwischen dem Cannstatter Bahnhof und dem Tunnel unter dem Rosensteinpark soll der Hubschrauber die Tonnen schweren Masten von einem G\u00fcterwaggon \u00fcbernehmen. An einem Drahtseil befestigt wird der Hubschrauber die Tr\u00e4ger f\u00fcr die elektrischen Oberleitungen dann einzeln an die bereits vorbereiteten Fundamente an den Gleisen rund um den Cannstatter Bahnhof transportieren. Die Neckarbr\u00fccke und die Baustelle sind weitr\u00e4umig abgesperrt. F\u00fcr interessierte Zaung\u00e4ste k\u00f6nnte sich aber vermutlich ein Blick vom Rosensteinpark lohnen. <\/p>\n","protected":false},"excerpt":{"rendered":"\u00dcber der neuen Eisenbahnbr\u00fccke in Bad Cannstatt schwebt der Helikopter ein.\u00a0Foto: Lichtgut\/Christoph Schmidt Mit einem Hubschrauber werden Oberleitungsmasten&hellip;\n","protected":false},"author":2,"featured_media":383982,"comment_status":"","ping_status":"","sticky":false,"template":"","format":"standard","meta":{"footnotes":""},"categories":[1830],"tags":[1634,59149,3364,2030,29,103682,30,23442,1441,103681],"class_list":{"0":"post-383981","1":"post","2":"type-post","3":"status-publish","4":"format-standard","5":"has-post-thumbnail","7":"category-stuttgart","8":"tag-baden-wuerttemberg","9":"tag-bahnhof-bad-cannstatt","10":"tag-de","11":"tag-deutsche-bahn","12":"tag-deutschland","13":"tag-eisenbahnbruecke-ueber-den-neckar","14":"tag-germany","15":"tag-helikopter","16":"tag-stuttgart","17":"tag-tunnel-rosesteinpark"},"share_on_mastodon":{"url":"https:\/\/pubeurope.com\/@de\/115116795786509815","error":""},"_links":{"self":[{"href":"https:\/\/www.europesays.com\/de\/wp-json\/wp\/v2\/posts\/383981","targetHints":{"allow":["GET"]}}],"collection":[{"href":"https:\/\/www.europesays.com\/de\/wp-json\/wp\/v2\/posts"}],"about":[{"href":"https:\/\/www.europesays.com\/de\/wp-json\/wp\/v2\/types\/post"}],"author":[{"embeddable":true,"href":"https:\/\/www.europesays.com\/de\/wp-json\/wp\/v2\/users\/2"}],"replies":[{"embeddable":true,"href":"https:\/\/www.europesays.com\/de\/wp-json\/wp\/v2\/comments?post=383981"}],"version-history":[{"count":0,"href":"https:\/\/www.europesays.com\/de\/wp-json\/wp\/v2\/posts\/383981\/revisions"}],"wp:featuredmedia":[{"embeddable":true,"href":"https:\/\/www.europesays.com\/de\/wp-json\/wp\/v2\/media\/383982"}],"wp:attachment":[{"href":"https:\/\/www.europesays.com\/de\/wp-json\/wp\/v2\/media?parent=383981"}],"wp:term":[{"taxonomy":"category","embeddable":true,"href":"https:\/\/www.europesays.com\/de\/wp-json\/wp\/v2\/categories?post=383981"},{"taxonomy":"post_tag","embeddable":true,"href":"https:\/\/www.europesays.com\/de\/wp-json\/wp\/v2\/tags?post=383981"}],"curies":[{"name":"wp","href":"https:\/\/api.w.org\/{rel}","templated":true}]}}