{"id":384001,"date":"2025-08-30T08:44:16","date_gmt":"2025-08-30T08:44:16","guid":{"rendered":"https:\/\/www.europesays.com\/de\/384001\/"},"modified":"2025-08-30T08:44:16","modified_gmt":"2025-08-30T08:44:16","slug":"hertha-debakel-gegen-elversberg-so-gehts-gegen-den-abstieg","status":"publish","type":"post","link":"https:\/\/www.europesays.com\/de\/384001\/","title":{"rendered":"Hertha-Debakel gegen Elversberg: So geht&#8217;s gegen den Abstieg"},"content":{"rendered":"<p>\tDebakel gegen Elversberg<br \/>\n\t &#8211; <\/p>\n<p>\t\tSo spielt Hertha gegen den Abstieg<\/p>\n<p>\n        Sa 30.08.25 | 07:46 Uhr  | Von Marc Schwitzky\n    <\/p>\n<p>    <a href=\"#top-of-comments\"\/><\/p>\n<p><img decoding=\"async\" src=\"https:\/\/www.europesays.com\/de\/wp-content\/uploads\/2025\/08\/1756543454_879_size=708x398.jpg\" alt=\"Michael Cuisance (l.) und Fabian Reese sind nach Herthas Niederlage gegen Elversberg niedergeschlagen. (Foto: IMAGO \/\u00a0Jan Huebner)\" title=\"Michael Cuisance (l.) und Fabian Reese sind nach Herthas Niederlage gegen Elversberg niedergeschlagen. (Foto: IMAGO \/\u00a0Jan Huebner)\" id=\"1346878271\"\/><\/p>\n<p>IMAGO \/\u00a0Jan Huebner<\/p>\n<p>Audio: rbb24 Inforadio | 30.08.2025 | Jens-Christian Gu\u00dfmann | Bild: IMAGO \/\u00a0Jan Huebner <\/p>\n<p>Hertha BSC leistet gegen die SV Elversberg den n\u00e4chsten Offenbarungseid. Die Berliner wollten um den Aufstieg mitspielen, die Realit\u00e4t hei\u00dft nun aber Abstiegskampf. Es stellen sich grunds\u00e4tzliche Fragen zur Leistungskultur im Verein. Ein Kommentar von Marc Schwitzky<\/p>\n<p>\t\t\t\t\t<a name=\"articlesContList\/text_0\"\/><\/p>\n<p>Wer ein Symbolbild f\u00fcr den <a href=\"https:\/\/www.rbb24.de\/sport\/beitrag\/2025\/08\/fussball-zweite-bundesliga-hertha-elversberg-liveticker-audiostream-spielbericht.html\" rel=\"nofollow noopener\" target=\"_blank\">desastr\u00f6sen Auftritt<\/a> von <a href=\"https:\/\/www.rbb24.de\/sport\/fussball\/hertha-bsc\/\" rel=\"nofollow noopener\" target=\"_blank\">Hertha BSC<\/a> gegen die SV Elversberg suchte, wurde sp\u00e4testens in der 72. Minute f\u00fcndig. Kapit\u00e4n Fabian Reese jagt einem viel zu lang geratenen Pass von Deyovaisio Zeefuik erfolgslos hinterher, streift dabei der Eckstange die Fahne mit dem Vereinslogo drauf ab. Reese schaut mit leerem Blick auf das St\u00fcck Hertha-Stoff und wirft es lieblos hinter sich. Hertha BSC 2025\/26 &#8211; eine Saison nach f\u00fcnf Pflichtspielen schon zum Wegwerfen.<\/p>\n<p>Oder aber man nimmt die 77. Minute, in der Linus Gechter maximal ungl\u00fccklich die gelb-rote Karte sieht und somit den allerletzten Pflock in die Niederlage der Hauptst\u00e4dter schl\u00e4gt. Aber eigentlich steht Marton Dardai in der f\u00fcnften Minute stellvertretend f\u00fcr Herthas so katastrophalen Saisonstart, als er erst einen vermeidbaren Fehlpass spielt und sich im anschlie\u00dfenden Zweikampf so t\u00f6lpelhaft anstellt, dass sein Gegenspieler irritierend leichtes Spiel f\u00fcr den Treffer zum 1:0 hat.<\/p>\n<p>\t\t\t\t\t<a name=\"articlesContList\/teaserbox\"\/><\/p>\n<p>\t\t\t\t\t<a name=\"articlesContList\/text_1361785619\"\/><\/p>\n<p>Diese und so viele weitere Momente am Freitagabend markieren einen weiteren dramatisch schwachen Auftritt der Blau-Wei\u00dfen in der noch jungen Spielzeit. Sie sind wie Abziehbilder so vieler weiterer Momente all der vergangenen Jahre, in denen es mit der &#8222;alten Dame&#8220; stetig weiter bergab geht.<\/p>\n<p>\t\t\t\t\t<a name=\"articlesContList\/text_23829527\"\/><br \/>\n\t\t\t\t\tWas ist in dieser Vorbereitung passiert?<\/p>\n<p>Dabei erwischen sich Fans, Beobachter und Experten jedes Jahr dabei, zu sagen: &#8222;Es kann nun wirklich nicht noch schlechter werden!&#8220; Eine regelrecht naive Sicht nach den vergangenen Jahren. Regelrecht t\u00f6richt wurde es, als Hertha vor Saisonbeginn sogar gro\u00dfe Chancen auf Aufstieg einger\u00e4umt wurden. Man h\u00e4tte es besser wissen m\u00fcssen.<\/p>\n<p>Mit Stefan Leitl ein Trainer, der es schon einmal geschafft hatte, der die 2. Bundesliga bestens kennt und nun schon Monate bei Hertha im Amt war, seine Ideen also schon l\u00e4nger etablieren konnte. Dazu ein Kader, der seine Achse aus Spielern wie Fabian Reese oder Michael Cuisance halten konnte und der mit Maurice Krattenmacher oder Dawid Kownacki Transfers t\u00e4tigen konnte, auf die andere Zweitligisten nahezu neidisch blicken.<\/p>\n<p>\t\t\t\t\t<a name=\"articlesContList\/teaserbox_1475988083\"\/><\/p>\n<p>\t\t\t\t\t<a name=\"articlesContList\/text\"\/><\/p>\n<p>Die Voraussetzungen f\u00fcr Erfolg waren so gut wie lange nicht mehr. Doch Pustekuchen. Seit den Anfangsminuten <a href=\"https:\/\/www.rbb24.de\/sport\/beitrag\/2025\/08\/berlin-fussball-hertha-bsc-schalke-04-niederlage-leitl-taktik-analyse.html\" rel=\"nofollow noopener\" target=\"_blank\">beim Saisonauftakt gegen den FC Schalke 04<\/a>, den Hertha beispiellos in den Sand setzte, steht eine riesige Frage im Raum: Was um Himmels Willen ist in der Saisonvorbereitung passiert? Wie kann es sein, dass die Mannschaft wirkt, als habe sie zuvor noch nie zusammen Fu\u00dfball gespielt? Warum stimmt nicht ein Aspekt? Warum greift nichts ineinander? Und warum wirken die Beine so fr\u00fch so schwer?<\/p>\n<p>\t\t\t\t\t<a name=\"articlesContList\/text_1075709766\"\/><br \/>\n\t\t\t\t\tLeitl ist nicht das Problem, bislang aber auch nicht die L\u00f6sung<\/p>\n<p>In solchen Situationen richten sich die Blicke meist sofort auf den Cheftrainer. Stefan Leitl steht bei vielen Hertha-Fans schon arg in der Kritik. Ob Formation, Spielansatz oder Personalpolitik &#8211; bislang scheint jeder Handgriff des 48-J\u00e4hrigen zielsicher danebenzugehen. Die Dreierkette will nicht funktionieren, die eher passive und sehr vertikal angelegte Spielweise scheint die Spieler zu verunsichern und das diffuse Leistungsprinzip noch viel mehr.<\/p>\n<p>Sicherlich, Leitl gibt derzeit keine gute Figur ab. Er ist derzeit nicht Teil der L\u00f6sung. Doch reicht es bei Hertha noch, nur auf den Trainer zu blicken? Schon lange nicht mehr. Bereits seit der Trainerentlassung von Vorg\u00e4nger Cristian Fi\u00e9l ist klar: Hertha hat tieferliegende Probleme.<\/p>\n<p>\t\t\t\t\t<a name=\"articlesContList\/text_1056657411\"\/><br \/>\n\t\t\t\t\tEin schiefer, aber kein schlechter Kader<\/p>\n<p>Es w\u00e4re geradezu polemisch, Leitl nach dem Saisonstart grunds\u00e4tzlich die Qualit\u00e4t abzusprechen, konkurrenzf\u00e4higen Fu\u00dfball in der 2. Liga spielen zu lassen. Dasselbe gilt f\u00fcr die Mannschaft. Zwar mag sie unvollst\u00e4ndig zusammengestellt zu sein, was den Blick auf Sportdirektor Benjamin Weber lenkt, doch bislang hat jeder Startelf der laufenden Saison dem Zweitliganiveau mindestens entsprochen, ihn teils \u00fcbertroffen.<\/p>\n<p>Nahezu jeder eingesetzte Spieler hat seine Qualit\u00e4t bereits nachgewiesen. Nahezu jeder w\u00fcrde bei der Konkurrenz in der Startelf stehen. Einzelne Kadermakel k\u00f6nnen die bislang so miesen Auftritte so nicht ausreichend erkl\u00e4ren. Die Startelf am Freitagabend lie\u00df sich nicht von Elversberg, das gef\u00fchlt nur 60 Prozent f\u00fcr einen regelrechten Klassenunterschied investieren musste, vorf\u00fchren, weil die Spieler so schlecht sind.<\/p>\n<p>\t\t\t\t\t<img decoding=\"async\" src=\"https:\/\/www.europesays.com\/de\/wp-content\/uploads\/2025\/07\/1753650016_170_size=708x398.jpg\" alt=\"Fabian Reese (l.) und Dawid Kownacki von Hertha BSC im Gespr\u00e4ch. (Foto: IMAGO \/ Matthias Koch)\" title=\"Fabian Reese (l.) und Dawid Kownacki von Hertha BSC im Gespr\u00e4ch. (Foto: IMAGO \/ Matthias Koch)\" id=\"articlesContList_picture_388089500\"\/>Fabian Reese (l.) und Dawid Kownacki sollen das neue Traumduo in Herthas Sturm bilden.<\/p>\n<p>\t\t\t\t\t<a name=\"articlesContList\/text_827084111\"\/><br \/>\n\t\t\t\t\tHertha hat keine Leistungskultur<\/p>\n<p>Doch woran liegt es, wenn Trainer nach Trainer und Spieler nach Spieler bei Hertha scheitert, obwohl sie individuell gesehen oftmals mindestens gar nicht verkehrt sind? Woran liegt, dass Hertha seit Jahren kontinuierlich schlechter wird? Die Antwort ist unbefriedigend, weil so schwer zu greifen: Hertha hat keine gesunde Leistungskultur. Sie wurde in den vergangenen Jahren des Chaos nie entwickelt.<\/p>\n<p>Verantwortliche, Staff und Spieler werden bei Hertha zu selten am Ergebnis gemessen. Hertha hat seit Jahren eklatante Defizite in solch elementaren Bereichen des Fu\u00dfballs. Darunter leiden Scouting, Trainingsqualit\u00e4t, Fitness, Spielanalyse, mentale Aspekte und vieles mehr. Fehlende Kompetenz und F\u00fchrungsst\u00e4rke haben zur Folge, dass Hertha bis heute keine klare sportliche Identit\u00e4t und nicht den Willen entwickelt hat, jeden Tag besser werden zu wollen.<\/p>\n<p>\t\t\t\t\t<a name=\"articlesContList\/teaserbox_569018008\"\/><\/p>\n<p>\t\t\t\t\t<a name=\"articlesContList\/text_1838963836\"\/><\/p>\n<p>Viele bei Hertha d\u00fcrfen oder durften seit Jahren unzureichende Arbeit machen, ohne daf\u00fcr Konsequenzen zu sp\u00fcren oder anst\u00e4ndig an die Hand genommen zu werden. Der Verein ist ja nicht verflucht. Also wahrscheinlich. Er arbeitet einfach nicht gut genug und kriegt die Konsequenzen nun Jahr f\u00fcr Jahr schmerzhafter auf dem Feld zu sp\u00fcren. Die Probleme bei Hertha f\u00fchlen sich so unerkl\u00e4rlich an, weil der Glaube an einfache, gute sportliche Arbeit erloschen ist. Es muss was anderes sein!<\/p>\n<p>Aber nein, es ist genau das. Es sind diese entscheidenden Prozentpunkte, die im Hochleistungssport den Unterschied machen. Hertha kratzt nie an den 100 Prozent, sondern stolpert schon \u00fcber die ersten 30. Deshalb knicken Herthas Spieler seit Jahren unter Druck ein. Deshalb ist nie l\u00e4ngerfristig eine klare Handschrift zu erkennen. Deshalb ist die &#8222;alte Dame&#8220; immer der traurige Clown der Liga. Es fehlt die gesunde Basis. Wenn die Pfanne zu hei\u00df ist, wird alles auf ihr verbrennen &#8211; egal wie gut die Qualit\u00e4ten der Zutaten sind.<\/p>\n<p>\t\t\t\t\t<a name=\"articlesContList\/text_207735467\"\/><br \/>\n\t\t\t\t\tHertha spielt nun vor allem gegen den Abstieg<\/p>\n<p>Mit Ralf Huschen und nun auch <a href=\"https:\/\/www.rbb24.de\/sport\/beitrag\/2025\/08\/berlin-fussball-hertha-bsc-peter-goerlich-geschaeftsfuehrer-sport-boldt-rangnick.html\" rel=\"nofollow noopener\" target=\"_blank\">Peter G\u00f6rlich<\/a> als Gesch\u00e4ftsf\u00fchrer-Gespann besteht die gro\u00dfe Chance, jenen so dringend ben\u00f6tigten Kulturwandel zu vollziehen. Doch ihr Einfluss wird sich nicht direkt zeigen k\u00f6nnen, neue Strukturen entfalten erst nach einer gewissen Zeit ihre Wirkung.<\/p>\n<p>Bis dahin wird Hertha weiter panisch den eigenen Fehlern hinterherlaufen und Flickschusterei betreiben m\u00fcssen. Das Debakel gegen Elversberg hat wie der gesamte Saisonbeginn eindr\u00fccklich gezeigt: Herthas Aufstiegsambitionen entwickeln sich zur Farce.<\/p>\n<p>Eine offensichtlich verkorkste Vorbereitung, zahlreiche Spieler im Formtief Marke Marianengraben, das endg\u00fcltige Ende der Dreierkette, zahlreiche Verletzte und ein falsch zusammengestellter Kader ergeben einen Cocktail, der nach bitterem Abstiegskampf schmeckt. Der gesamte Verein wird die anstehende L\u00e4nderspielpause nutzen m\u00fcssen, um grundlegende Kursanpassungen vorzunehmen. Passiert das nicht, wird kein Kulturwandel dieser Welt noch etwas retten k\u00f6nnen.<\/p>\n<p>\t\t\t\t\t<a name=\"articlesContList\/text_95811793\"\/><\/p>\n<p>Sendung: rbb24 Inforadio, 30.08.2025, 8:15 Uhr<\/p>\n<p class=\"textblock\">Beitrag von Marc Schwitzky<\/p>\n<p><a class=\"ico ico_arrow_wide_up\" title=\"An den Anfang\" href=\"#top\">  <\/a><\/p>\n","protected":false},"excerpt":{"rendered":"Debakel gegen Elversberg &#8211; So spielt Hertha gegen den Abstieg Sa 30.08.25 | 07:46 Uhr | Von Marc&hellip;\n","protected":false},"author":2,"featured_media":384002,"comment_status":"","ping_status":"","sticky":false,"template":"","format":"standard","meta":{"footnotes":""},"categories":[1825],"tags":[1941,1939,296,1937,29,30,1940,1938],"class_list":{"0":"post-384001","1":"post","2":"type-post","3":"status-publish","4":"format-standard","5":"has-post-thumbnail","7":"category-berlin","8":"tag-aktuelle-nachrichten-aus-berlin","9":"tag-aktuelle-news-aus-berlin","10":"tag-berlin","11":"tag-berlin-news","12":"tag-deutschland","13":"tag-germany","14":"tag-nachrichten-aus-berlin","15":"tag-news-aus-berlin"},"share_on_mastodon":{"url":"https:\/\/pubeurope.com\/@de\/115116839120372257","error":""},"_links":{"self":[{"href":"https:\/\/www.europesays.com\/de\/wp-json\/wp\/v2\/posts\/384001","targetHints":{"allow":["GET"]}}],"collection":[{"href":"https:\/\/www.europesays.com\/de\/wp-json\/wp\/v2\/posts"}],"about":[{"href":"https:\/\/www.europesays.com\/de\/wp-json\/wp\/v2\/types\/post"}],"author":[{"embeddable":true,"href":"https:\/\/www.europesays.com\/de\/wp-json\/wp\/v2\/users\/2"}],"replies":[{"embeddable":true,"href":"https:\/\/www.europesays.com\/de\/wp-json\/wp\/v2\/comments?post=384001"}],"version-history":[{"count":0,"href":"https:\/\/www.europesays.com\/de\/wp-json\/wp\/v2\/posts\/384001\/revisions"}],"wp:featuredmedia":[{"embeddable":true,"href":"https:\/\/www.europesays.com\/de\/wp-json\/wp\/v2\/media\/384002"}],"wp:attachment":[{"href":"https:\/\/www.europesays.com\/de\/wp-json\/wp\/v2\/media?parent=384001"}],"wp:term":[{"taxonomy":"category","embeddable":true,"href":"https:\/\/www.europesays.com\/de\/wp-json\/wp\/v2\/categories?post=384001"},{"taxonomy":"post_tag","embeddable":true,"href":"https:\/\/www.europesays.com\/de\/wp-json\/wp\/v2\/tags?post=384001"}],"curies":[{"name":"wp","href":"https:\/\/api.w.org\/{rel}","templated":true}]}}