{"id":384213,"date":"2025-08-30T10:40:23","date_gmt":"2025-08-30T10:40:23","guid":{"rendered":"https:\/\/www.europesays.com\/de\/384213\/"},"modified":"2025-08-30T10:40:23","modified_gmt":"2025-08-30T10:40:23","slug":"hier-haben-sie-die-chance-auf-freikarten-fuer-das-heimspiel-des-bergischen-hc-gegen-erlangen","status":"publish","type":"post","link":"https:\/\/www.europesays.com\/de\/384213\/","title":{"rendered":"Hier haben Sie die Chance auf Freikarten f\u00fcr das Heimspiel des Bergischen HC gegen Erlangen"},"content":{"rendered":"<p class=\"text_ohne_einzug richtext text-em-55 !leading-serif mx-6 desktop:mx-0\">Endlich wieder Erstliga-Handball in Wuppertal! Nach dem direkten Wiederaufstieg ist der Bergische HC am Sonntag zun\u00e4chst in Berlin gefordert, ehe am Mittwoch dann das erste Heimspiel ansteht. Dazu empfangen die L\u00f6wen zur Anwurfzeit um 19 Uhr, den HC Erlangen in der Uni-Halle. Die Erlanger haben ihr Auftaktspiel bereits hinter sich, unterlagen am Donnerstagabend Pokalsieger THW Kiel in eigener Halle knapp mit 29:31. Nach Wuppertal bringen sie mit Christoph Steinert unter anderem einen deutschen Nationalspieler mit. Sie k\u00f6nnen mit etwas Gl\u00fcck in der Uni-Halle kostenlos dabei sein. Dazu m\u00fcssen Sie an unserem BHC-Quiz teilnehmen und folgende Frage beantworten. Wie viele neue Spieler von anderen Vereinen, galt es f\u00fcr die Trainer Arnor Gunnarsson und Markus P\u00fctz in den Kader zu integrieren? Unter den richtigen Einsendungen verschenken wir drei mal zwei Karten f\u00fcr die Partie am Mittwoch. Ihre Antwort schicken Sie bitte bis Montag, 12 Uhr, per Mail an<\/p>\n","protected":false},"excerpt":{"rendered":"Endlich wieder Erstliga-Handball in Wuppertal! Nach dem direkten Wiederaufstieg ist der Bergische HC am Sonntag zun\u00e4chst in Berlin&hellip;\n","protected":false},"author":2,"featured_media":384214,"comment_status":"","ping_status":"","sticky":false,"template":"","format":"standard","meta":{"footnotes":""},"categories":[1840],"tags":[11621,9500,3364,29,4346,30,4062,12353,1209,20903,4418],"class_list":{"0":"post-384213","1":"post","2":"type-post","3":"status-publish","4":"format-standard","5":"has-post-thumbnail","7":"category-wuppertal","8":"tag-uni","9":"tag-bhc","10":"tag-de","11":"tag-deutschland","12":"tag-erlangen","13":"tag-germany","14":"tag-halle","15":"tag-karten","16":"tag-nordrhein-westfalen","17":"tag-quiz","18":"tag-wuppertal"},"share_on_mastodon":{"url":"https:\/\/pubeurope.com\/@de\/115117295281454769","error":""},"_links":{"self":[{"href":"https:\/\/www.europesays.com\/de\/wp-json\/wp\/v2\/posts\/384213","targetHints":{"allow":["GET"]}}],"collection":[{"href":"https:\/\/www.europesays.com\/de\/wp-json\/wp\/v2\/posts"}],"about":[{"href":"https:\/\/www.europesays.com\/de\/wp-json\/wp\/v2\/types\/post"}],"author":[{"embeddable":true,"href":"https:\/\/www.europesays.com\/de\/wp-json\/wp\/v2\/users\/2"}],"replies":[{"embeddable":true,"href":"https:\/\/www.europesays.com\/de\/wp-json\/wp\/v2\/comments?post=384213"}],"version-history":[{"count":0,"href":"https:\/\/www.europesays.com\/de\/wp-json\/wp\/v2\/posts\/384213\/revisions"}],"wp:featuredmedia":[{"embeddable":true,"href":"https:\/\/www.europesays.com\/de\/wp-json\/wp\/v2\/media\/384214"}],"wp:attachment":[{"href":"https:\/\/www.europesays.com\/de\/wp-json\/wp\/v2\/media?parent=384213"}],"wp:term":[{"taxonomy":"category","embeddable":true,"href":"https:\/\/www.europesays.com\/de\/wp-json\/wp\/v2\/categories?post=384213"},{"taxonomy":"post_tag","embeddable":true,"href":"https:\/\/www.europesays.com\/de\/wp-json\/wp\/v2\/tags?post=384213"}],"curies":[{"name":"wp","href":"https:\/\/api.w.org\/{rel}","templated":true}]}}