{"id":384488,"date":"2025-08-30T13:32:10","date_gmt":"2025-08-30T13:32:10","guid":{"rendered":"https:\/\/www.europesays.com\/de\/384488\/"},"modified":"2025-08-30T13:32:10","modified_gmt":"2025-08-30T13:32:10","slug":"pol-ge-wer-kennt-den-tatverdaechtigen-dieb-oeffentlichkeitsfahndung","status":"publish","type":"post","link":"https:\/\/www.europesays.com\/de\/384488\/","title":{"rendered":"POL-GE: Wer kennt den tatverd\u00e4chtigen Dieb? &#8211; \u00d6ffentlichkeitsfahndung"},"content":{"rendered":"<p class=\"date\">30.08.2025 \u2013 14:29<\/p>\n<p class=\"customer\">\n                        <a class=\"story-customer\" title=\"weiter zum newsroom von Polizei Gelsenkirchen\" href=\"https:\/\/www.presseportal.de\/blaulicht\/nr\/51056\" rel=\"nofollow noopener\" target=\"_blank\">Polizei Gelsenkirchen<\/a>\n                    <\/p>\n<p><a data-category=\"citylink-story-view\" data-action=\"click\" data-label=\"Citylink in Meldungsansicht\" class=\"story-city event-trigger\" href=\"https:\/\/www.presseportal.de\/regional\/Gelsenkirchen\" title=\"News aus Gelsenkirchen \" rel=\"nofollow noopener\" target=\"_blank\">Gelsenkirchen<\/a> (ots)<\/p>\n<p>Mit Hilfe von Bildern aus einer \u00dcberwachungskamera sucht die Polizei Gelsenkirchen nach einem Tatverd\u00e4chtigen in einem Fall von Diebstahl aus Kraftfahrzeugen von Montag, 7. April 2025, in Horst. Der Unbekannte steht im Verdacht, gegen 11.40 Uhr, die Beifahrerscheibe eines geparkten Autos an der Schlo\u00dfstra\u00dfe eingeschlagen und eine Umh\u00e4ngetasche, die auf dem Beifahrersitz lag, entwendet zu haben. Eine Kamera im Nahbereich filmte die Tat.<\/p>\n<p>Da sonstige Ermittlungsans\u00e4tze ausgesch\u00f6pft sind, hat das Amtsgericht Essen nun die Ver\u00f6ffentlichung der Bilder angeordnet. Wer Hinweise zu der abgebildeten Person geben kann, wird gebeten, sich bei der Polizei Gelsenkirchen unter den Rufnummern 0209 365 8212 im Kriminalkommissariat 22 oder unter 0209 365 8240 bei der Kriminalwache zu melden. Die Bilder des Gesuchten finden Sie im Fahndungsportal der Polizei NRW unter folgendem Link: <a target=\"_blank\" class=\"uri-ext outbound\" rel=\"noopener nofollow\" href=\"https:\/\/polizei.nrw\/fahndung\/178758\">https:\/\/polizei.nrw\/fahndung\/178758<\/a><\/p>\n<p class=\"contact-headline\">Nachfragen f\u00fcr Journalistinnen und Journalisten:<\/p>\n<p class=\"contact-text\">Polizei Gelsenkirchen<br \/>Annika Langner<br \/>Telefon: +49 (0) 209 365-2014<br \/>E-Mail: <a href=\"https:\/\/www.presseportal.de\/blaulicht\/pm\/51056\/mailto: pressestelle.gelsenkirchen@polizei.nrw.de\" class=\"uri-mailto\" rel=\"nofollow noopener\" target=\"_blank\"> pressestelle.gelsenkirchen@polizei.nrw.de<\/a><br \/><a target=\"_blank\" class=\"uri-ext outbound\" rel=\"noopener nofollow\" href=\"https:\/\/gelsenkirchen.polizei.nrw\/\">https:\/\/gelsenkirchen.polizei.nrw\/<\/a><\/p>\n<p class=\"originator\">Original-Content von: Polizei Gelsenkirchen, \u00fcbermittelt durch news aktuell<\/p>\n","protected":false},"excerpt":{"rendered":"30.08.2025 \u2013 14:29 Polizei Gelsenkirchen Gelsenkirchen (ots) Mit Hilfe von Bildern aus einer \u00dcberwachungskamera sucht die Polizei Gelsenkirchen&hellip;\n","protected":false},"author":2,"featured_media":381445,"comment_status":"","ping_status":"","sticky":false,"template":"","format":"standard","meta":{"footnotes":""},"categories":[1848],"tags":[3364,29,548,663,3934,3658,30,13,177,14,15,1209,176,121,178,180,179,181,12],"class_list":{"0":"post-384488","1":"post","2":"type-post","3":"status-publish","4":"format-standard","5":"has-post-thumbnail","7":"category-gelsenkirchen","8":"tag-de","9":"tag-deutschland","10":"tag-eu","11":"tag-europa","12":"tag-europe","13":"tag-gelsenkirchen","14":"tag-germany","15":"tag-headlines","16":"tag-kriminalitt","17":"tag-nachrichten","18":"tag-news","19":"tag-nordrhein-westfalen","20":"tag-nrw","21":"tag-polizei","22":"tag-presse","23":"tag-pressemeldung","24":"tag-pressemitteilung","25":"tag-pressemitteilungen","26":"tag-schlagzeilen"},"share_on_mastodon":{"url":"https:\/\/pubeurope.com\/@de\/115117971530486523","error":""},"_links":{"self":[{"href":"https:\/\/www.europesays.com\/de\/wp-json\/wp\/v2\/posts\/384488","targetHints":{"allow":["GET"]}}],"collection":[{"href":"https:\/\/www.europesays.com\/de\/wp-json\/wp\/v2\/posts"}],"about":[{"href":"https:\/\/www.europesays.com\/de\/wp-json\/wp\/v2\/types\/post"}],"author":[{"embeddable":true,"href":"https:\/\/www.europesays.com\/de\/wp-json\/wp\/v2\/users\/2"}],"replies":[{"embeddable":true,"href":"https:\/\/www.europesays.com\/de\/wp-json\/wp\/v2\/comments?post=384488"}],"version-history":[{"count":0,"href":"https:\/\/www.europesays.com\/de\/wp-json\/wp\/v2\/posts\/384488\/revisions"}],"wp:featuredmedia":[{"embeddable":true,"href":"https:\/\/www.europesays.com\/de\/wp-json\/wp\/v2\/media\/381445"}],"wp:attachment":[{"href":"https:\/\/www.europesays.com\/de\/wp-json\/wp\/v2\/media?parent=384488"}],"wp:term":[{"taxonomy":"category","embeddable":true,"href":"https:\/\/www.europesays.com\/de\/wp-json\/wp\/v2\/categories?post=384488"},{"taxonomy":"post_tag","embeddable":true,"href":"https:\/\/www.europesays.com\/de\/wp-json\/wp\/v2\/tags?post=384488"}],"curies":[{"name":"wp","href":"https:\/\/api.w.org\/{rel}","templated":true}]}}