{"id":384578,"date":"2025-08-30T14:55:17","date_gmt":"2025-08-30T14:55:17","guid":{"rendered":"https:\/\/www.europesays.com\/de\/384578\/"},"modified":"2025-08-30T14:55:17","modified_gmt":"2025-08-30T14:55:17","slug":"3-liga-1860-muenchen-kaempft-sich-gegen-stuttgart-zurueck","status":"publish","type":"post","link":"https:\/\/www.europesays.com\/de\/384578\/","title":{"rendered":"3. Liga: 1860 M\u00fcnchen k\u00e4mpft sich gegen Stuttgart zur\u00fcck"},"content":{"rendered":"<p class=\"metatextline\">Stand: 30.08.2025 16:23 Uhr<\/p>\n<p class=\"textabsatz columns twelve  m-ten  m-offset-one l-eight l-offset-two\">\n        <strong>Der TSV 1860 M\u00fcnchen hat am vierten Spieltag der 3. Liga in letzter Minute die erste Saisonniederlage verhindert. Lange rannten die L\u00f6wen gegen den VfB Stuttgart II einem R\u00fcckstand hinterher bis Sigurd Haugen kurz vor Schluss zum 1:1 traf.<\/strong>\n    <\/p>\n<p class=\"textabsatz m-ten m-offset-one l-eight l-offset-two columns twelve\">\nDer TSV 1860 M\u00fcnchen konnte die erste Saisonniederlage gerade noch so verhindern. Im altehrw\u00fcrdigen Gr\u00fcnwalder Stadion rannten die L\u00f6wen lange einem R\u00fcckstand hinterher. Der VfB Stuttgart II nutzte eine seiner wenigen Chancen und ging in der 25. Minute in F\u00fchrung. Die L\u00f6wen k\u00e4mpften um den Ausgleich: Quasi mit dem Schlusspfiff traf der eingwechselte Sigurd Haugen zum erl\u00f6senden 1:1.<\/p>\n<p>    Erste H\u00e4lfte kaum Torgefahr durch den TSV 1860 M\u00fcnchen<\/p>\n<p class=\"textabsatz m-ten m-offset-one l-eight l-offset-two columns twelve\">\nTrainer Patrick Gl\u00f6ckner prophezeite es schon vor dem Spiel: &#8222;Es wird mit die schwerste Aufgabe in dieser Saison.&#8220; Und der 1860-Coach sollte recht behalten. Seine L\u00f6wen erwischten zwar den besseren Start und \u00fcbernahmen fr\u00fch die Spielkontrolle &#8211; doch der Offensive um Kevin Volland und Florian Niederlechner fiel in H\u00e4lfte eins nur wenig ein.<\/p>\n<p class=\"textabsatz m-ten m-offset-one l-eight l-offset-two columns twelve\">\nMit zunehmender Spieldauer setzten sich die Stuttgarter in der M\u00fcnchner H\u00e4lfte fest und nutzten gleich die erste Chance zur F\u00fchrung: Nach butterweicher Flanke von Leny Meyer k\u00f6pfte Mirza Catovic v\u00f6llig frei zum 1:0 (25.). Wenige Minuten vor Pausenpfiff verpassten die G\u00e4ste knapp das 2:0. Der TSV 1860 M\u00fcnchen hatte zwar weiter Feldvorteile, kam aber nicht zu zwingenden Chancen.<\/p>\n<p>    L\u00f6wen zeigen sich in H\u00e4lfte zwei bissig<\/p>\n<p class=\"textabsatz m-ten m-offset-one l-eight l-offset-two columns twelve\">\nNach Wiederanpfiff zeigten sich die L\u00f6wen bissig &#8211; das Auftreten der Mannschaft war mit dem aus der ersten H\u00e4lfte nicht vergleichbar. Die Gastgeber legten schwungvoll los und erarbeiteten sich eine Chance nach der anderen &#8211; doch der Ball wollte nicht ins Stuttgarter Tor. In der 52. Minute verpasste Maximilian Wolfram den mittlerweile verdienten Ausgleich: Seinen Kopfball kl\u00e4rte Stuttgarts Keeper<\/p>\n<p>    Sigurd Haugen mit dem Jokertor<\/p>\n<p class=\"textabsatz m-ten m-offset-one l-eight l-offset-two columns twelve\">\nDie M\u00fcnchner bestimmten nun klar das Spiel und strahlten nun auch in der Offensive deutlich mehr Gefahr aus. Die G\u00e4ste konnten kaum mehr f\u00fcr Entlastung sorgen und konzentrierten sich auf die Defensivarbeit.<\/p>\n<p class=\"textabsatz m-ten m-offset-one l-eight l-offset-two columns twelve\">\nIn der 88. Minute brachte Gl\u00f6ckner Sigurd Haugen &#8211; und bewies damit ein gl\u00fcckliches H\u00e4ndchen. Haugen traf nach einer Standardsituation zum erl\u00f6senden 1:1 in der siebten Minute der Nachspielzeit. Damit bleibt der TSV 1860 M\u00fcnchen weiter ungeschlagen.<\/p>\n<p class=\"textabsatz m-ten m-offset-one l-eight l-offset-two columns twelve\">Am Samstag, 6. September, trifft der TSV 1860 M\u00fcnchen im Bayerischen Landespokal auf den FV Illertissen. BR24Sport \u00fcbertr\u00e4gt die Partie ab 14 Uhr im <a href=\"https:\/\/www.br.de\/br-fernsehen\/programmkalender\/ausstrahlung-3899600.html\" title=\"Livestream und im BR Fernsehen\" class=\"textlink--extern\" target=\"_blank\" rel=\"noopener\">Livestream und im BR Fernsehen<\/a>.<\/p>\n<p class=\"textabsatz m-ten m-offset-one l-eight l-offset-two columns twelve\">\nQuelle: Blickpunkt Sport 30.08.2025 &#8211; 17:15 Uhr<\/p>\n<p>                                        <a class=\"backlink__link\" href=\"https:\/\/www.br.de\/nachrichten\/sport\/fussball-3-liga-4-spieltag-tsv-1860-muenchen-gegen-den-vfb-stuttgart-ii-last-minute-ausgleich,UvLfihh\" target=\"_blank\" rel=\"noopener\"><\/p>\n<p>                                                <img decoding=\"async\" src=\"https:\/\/images.sportschau.de\/image\/05fe9eb0-903d-4c3a-83ba-894c6893cc80\/AAABlap_YQI\/AAABmKJi16M\/original\/lra-br-logo-100.svg\" alt=\"Bayerischer Rundfunk\"\/><\/p>\n<p>                                        <\/a><\/p>\n","protected":false},"excerpt":{"rendered":"Stand: 30.08.2025 16:23 Uhr Der TSV 1860 M\u00fcnchen hat am vierten Spieltag der 3. Liga in letzter Minute&hellip;\n","protected":false},"author":2,"featured_media":384579,"comment_status":"","ping_status":"","sticky":false,"template":"","format":"standard","meta":{"footnotes":""},"categories":[1827],"tags":[995,772,3204,29,347,30,1268,265,8811,15437],"class_list":{"0":"post-384578","1":"post","2":"type-post","3":"status-publish","4":"format-standard","5":"has-post-thumbnail","7":"category-muenchen","8":"tag-3-liga","9":"tag-bayern","10":"tag-br","11":"tag-deutschland","12":"tag-fussball","13":"tag-germany","14":"tag-muenchen","15":"tag-sport","16":"tag-tsv-1860-muenchen","17":"tag-vfb-stuttgart-ii"},"share_on_mastodon":{"url":"https:\/\/pubeurope.com\/@de\/115118297917681854","error":""},"_links":{"self":[{"href":"https:\/\/www.europesays.com\/de\/wp-json\/wp\/v2\/posts\/384578","targetHints":{"allow":["GET"]}}],"collection":[{"href":"https:\/\/www.europesays.com\/de\/wp-json\/wp\/v2\/posts"}],"about":[{"href":"https:\/\/www.europesays.com\/de\/wp-json\/wp\/v2\/types\/post"}],"author":[{"embeddable":true,"href":"https:\/\/www.europesays.com\/de\/wp-json\/wp\/v2\/users\/2"}],"replies":[{"embeddable":true,"href":"https:\/\/www.europesays.com\/de\/wp-json\/wp\/v2\/comments?post=384578"}],"version-history":[{"count":0,"href":"https:\/\/www.europesays.com\/de\/wp-json\/wp\/v2\/posts\/384578\/revisions"}],"wp:featuredmedia":[{"embeddable":true,"href":"https:\/\/www.europesays.com\/de\/wp-json\/wp\/v2\/media\/384579"}],"wp:attachment":[{"href":"https:\/\/www.europesays.com\/de\/wp-json\/wp\/v2\/media?parent=384578"}],"wp:term":[{"taxonomy":"category","embeddable":true,"href":"https:\/\/www.europesays.com\/de\/wp-json\/wp\/v2\/categories?post=384578"},{"taxonomy":"post_tag","embeddable":true,"href":"https:\/\/www.europesays.com\/de\/wp-json\/wp\/v2\/tags?post=384578"}],"curies":[{"name":"wp","href":"https:\/\/api.w.org\/{rel}","templated":true}]}}