{"id":384921,"date":"2025-08-30T19:20:12","date_gmt":"2025-08-30T19:20:12","guid":{"rendered":"https:\/\/www.europesays.com\/de\/384921\/"},"modified":"2025-08-30T19:20:12","modified_gmt":"2025-08-30T19:20:12","slug":"1500-stimmen-bei-grossem-konzert-auf-chemnitzer-neumarkt","status":"publish","type":"post","link":"https:\/\/www.europesays.com\/de\/384921\/","title":{"rendered":"1500 Stimmen bei gro\u00dfem Konzert auf Chemnitzer Neumarkt"},"content":{"rendered":"<p class=\"bold\">\n\t\t\t\t\t\t\t\t\t\tDie Chemnitzer Kirchen haben ihren wichtigsten Beitrag zum Kulturhauptstadtjahr abgeliefert. Im Mittelpunkt des Kirchenkulturfests stand eine Kunstform, die angeblich jeder Mensch beherrscht.\t\t\t\t<\/p>\n<p>\t\t\t\t Als sich das gro\u00dfe Chorkonzert auf dem Chemnitzer Neumarkt am Samstagnachmittag dem Ende zuneigt \u2013 und mit Felix Mendelssohn Bartholdys \u201eVerleih uns Frieden gn\u00e4diglich\u201c auch dem musikalischen H\u00f6hepunkt \u2013 da taucht pl\u00f6tzlich von irgendwoher eine Seifenblase auf. Einsam schwebt sie \u00fcber den K\u00f6pfen der S\u00e4nger und S\u00e4ngerinnen hinweg in&#8230;<\/p>\n<p>\t\t<img decoding=\"async\" class=\"fp-plus-logo\" src=\"https:\/\/www.freiepresse.de\/img\/fpplus.svg\" alt=\"Freie Presse plus Logo\"\/><\/p>\n<p>Registrieren und testen.<\/p>\n<p>Jetzt mit Ihrer Registrierung 1 Monat gratis testen und alle Beitr\u00e4ge lesen.<\/p>\n<p>Schon Abonnent? Melden Sie sich mit ihren Zugangsdaten an.<\/p>\n","protected":false},"excerpt":{"rendered":"Die Chemnitzer Kirchen haben ihren wichtigsten Beitrag zum Kulturhauptstadtjahr abgeliefert. Im Mittelpunkt des Kirchenkulturfests stand eine Kunstform, die&hellip;\n","protected":false},"author":2,"featured_media":384922,"comment_status":"","ping_status":"","sticky":false,"template":"","format":"standard","meta":{"footnotes":""},"categories":[1851],"tags":[2770,3364,29,548,663,3934,30,13,14,15,859,12,3866],"class_list":{"0":"post-384921","1":"post","2":"type-post","3":"status-publish","4":"format-standard","5":"has-post-thumbnail","7":"category-chemnitz","8":"tag-chemnitz","9":"tag-de","10":"tag-deutschland","11":"tag-eu","12":"tag-europa","13":"tag-europe","14":"tag-germany","15":"tag-headlines","16":"tag-nachrichten","17":"tag-news","18":"tag-sachsen","19":"tag-schlagzeilen","20":"tag-veranstaltungen"},"share_on_mastodon":{"url":"https:\/\/pubeurope.com\/@de\/115119339990656578","error":""},"_links":{"self":[{"href":"https:\/\/www.europesays.com\/de\/wp-json\/wp\/v2\/posts\/384921","targetHints":{"allow":["GET"]}}],"collection":[{"href":"https:\/\/www.europesays.com\/de\/wp-json\/wp\/v2\/posts"}],"about":[{"href":"https:\/\/www.europesays.com\/de\/wp-json\/wp\/v2\/types\/post"}],"author":[{"embeddable":true,"href":"https:\/\/www.europesays.com\/de\/wp-json\/wp\/v2\/users\/2"}],"replies":[{"embeddable":true,"href":"https:\/\/www.europesays.com\/de\/wp-json\/wp\/v2\/comments?post=384921"}],"version-history":[{"count":0,"href":"https:\/\/www.europesays.com\/de\/wp-json\/wp\/v2\/posts\/384921\/revisions"}],"wp:featuredmedia":[{"embeddable":true,"href":"https:\/\/www.europesays.com\/de\/wp-json\/wp\/v2\/media\/384922"}],"wp:attachment":[{"href":"https:\/\/www.europesays.com\/de\/wp-json\/wp\/v2\/media?parent=384921"}],"wp:term":[{"taxonomy":"category","embeddable":true,"href":"https:\/\/www.europesays.com\/de\/wp-json\/wp\/v2\/categories?post=384921"},{"taxonomy":"post_tag","embeddable":true,"href":"https:\/\/www.europesays.com\/de\/wp-json\/wp\/v2\/tags?post=384921"}],"curies":[{"name":"wp","href":"https:\/\/api.w.org\/{rel}","templated":true}]}}