{"id":385323,"date":"2025-08-31T00:07:11","date_gmt":"2025-08-31T00:07:11","guid":{"rendered":"https:\/\/www.europesays.com\/de\/385323\/"},"modified":"2025-08-31T00:07:11","modified_gmt":"2025-08-31T00:07:11","slug":"31-august-1990-in-berlin-wird-der-deutsch-deutsche-vertrag-ueber-die-herstellung-der-staatlichen-einheit-deutschlands-unterschrieben","status":"publish","type":"post","link":"https:\/\/www.europesays.com\/de\/385323\/","title":{"rendered":"31. August 1990: In Berlin wird der deutsch-deutsche &#8222;Vertrag \u00fcber die Herstellung der staatlichen Einheit Deutschlands&#8220; unterschrieben"},"content":{"rendered":"<p><strong>1900:<\/strong> Er\u00f6ffnung des Kabelverkehrs zwischen den USA und Deutschland durch einen Depeschenwechsel des Pr\u00e4sidenten McKinley mit Kaiser Wilhelm II. Der 13.000 Kilometer lange Transatlantik-Nachrichtenkanal bricht das britische Monopol \u00fcber fast alle internationalen Kabelverbindungen.<br \/><strong>1900:<\/strong> In S\u00fcdafrika besetzen britische Truppen Johannesburg.<br \/><strong>1915:<\/strong> Deutschland und \u00d6sterreich-Ungarn teilen Polen in zwei Milit\u00e4rverwaltungsbezirke auf.<br \/><strong>1935:<\/strong> In der Sowjetunion beginnt die nach dem Grubenarbeiter Alexej Stachanow benannte Arbeitsnormbewegung (&#8222;Stachanowismus&#8220;). Stachanow hatte in einer Schicht sein Soll um 1.300 Prozent \u00fcbererf\u00fcllt. Zur Steigerung der Arbeitsproduktivit\u00e4t bilden sich Aktivistenbrigaden.<br \/><strong>1945:<\/strong> In Innsbruck tritt die provisorische Tiroler Landesversammlung unter dem Vorsitz von Landeshauptmann Karl Gruber zu ihrer ersten Sitzung zusammen.<br \/><strong>1950:<\/strong> Das Lebensmittelbewirtschaftungsgesetz wird au\u00dfer Kraft gesetzt. Damit endet die Rationierung.<br \/><strong>1980:<\/strong> Polnische Arbeiterf\u00fchrer unterzeichnen in Danzig (Gda\u0144sk) mit Vertretern der Regierung ein Abkommen, das erstmals in einem kommunistischen Staat die Bildung von unabh\u00e4ngigen Gewerkschaften erm\u00f6glicht. Die Regierung geht auf alle Punkte des Forderungskatalogs ein, die Streiks werden daraufhin abgebrochen.<br \/><strong>1990:<\/strong> In Berlin wird der deutsch-deutsche &#8222;Vertrag \u00fcber die Herstellung der staatlichen Einheit Deutschlands&#8220; von BRD-Innenminister Sch\u00e4uble und DDR-Staatssekret\u00e4r Krause unterschrieben.<br \/><strong>2005:<\/strong> Ein Ger\u00fccht \u00fcber einen drohenden Terroranschlag auf eine schiitische Wallfahrt in Bagdad l\u00f6st eine Massenpanik mit bis zu 1.000 Todesopfern aus.<br \/><strong>2015:<\/strong> Hunderte Fl\u00fcchtlinge st\u00fcrmen in der ungarischen Hauptstadt Budapest Z\u00fcge in Richtung Wien. Am Abend herrscht Chaos am Wiener Westbahnhof, als die Migranten versuchen, Anschlussz\u00fcge nach Deutschland zu erreichen. Kontrolliert wird kaum.<\/p>\n<p><strong>Geburtstage:<\/strong> Giovanni Verga, ital. Schriftsteller (1840-1922); Maria Montessori, ital. \u00c4rztin und P\u00e4dagogin (1870-1952); Adolf Grabowsky, dt. Philologe (1880-1969); Wilhelmina, Niederl. K\u00f6nigin (1880-1962); Peter W. Staub, schwz. Schauspieler (1910-2000); Raoul Lubac, frz.-belg. Maler (1910-1985); Ram\u00f3n Vinay, chil. Tenor (1912-1996); Eldridge Cleaver, US-B\u00fcrgerrechtler und Schriftsteller, F\u00fchrer der &#8222;Black Panther&#8220; (1935-1998); Itzhak Perlman, israel.-amer. Violinvirtuose (1945); Van Morrison, irisch-amer. Rock- u. Blues-Musiker (1945); Edwin Moses, US-Leichtathlet (1955); K\u00f6nigin Rania von Jordanien (1970).<br \/><strong>Todestage:<\/strong> Oscar Peschel, dt. Geograf (1826-1875); Adolf Jarisch, \u00f6st. Pharmakologe (1891-1965); Sir Frank MacFarlane Burnet, austral. Mediziner, Vater der modernen Immunologie (1899-1985); Horst Janssen, dt. Maler (1929-1995).<br \/><strong>Namenstage:<\/strong> Raimund, Paulinus, Anja, Albert, Isabella, Cyprian, Johannes, Aristides.<\/p>\n","protected":false},"excerpt":{"rendered":"1900: Er\u00f6ffnung des Kabelverkehrs zwischen den USA und Deutschland durch einen Depeschenwechsel des Pr\u00e4sidenten McKinley mit Kaiser Wilhelm&hellip;\n","protected":false},"author":2,"featured_media":385324,"comment_status":"","ping_status":"","sticky":false,"template":"","format":"standard","meta":{"footnotes":""},"categories":[1825],"tags":[296,29,30],"class_list":{"0":"post-385323","1":"post","2":"type-post","3":"status-publish","4":"format-standard","5":"has-post-thumbnail","7":"category-berlin","8":"tag-berlin","9":"tag-deutschland","10":"tag-germany"},"share_on_mastodon":{"url":"https:\/\/pubeurope.com\/@de\/115120468364904858","error":""},"_links":{"self":[{"href":"https:\/\/www.europesays.com\/de\/wp-json\/wp\/v2\/posts\/385323","targetHints":{"allow":["GET"]}}],"collection":[{"href":"https:\/\/www.europesays.com\/de\/wp-json\/wp\/v2\/posts"}],"about":[{"href":"https:\/\/www.europesays.com\/de\/wp-json\/wp\/v2\/types\/post"}],"author":[{"embeddable":true,"href":"https:\/\/www.europesays.com\/de\/wp-json\/wp\/v2\/users\/2"}],"replies":[{"embeddable":true,"href":"https:\/\/www.europesays.com\/de\/wp-json\/wp\/v2\/comments?post=385323"}],"version-history":[{"count":0,"href":"https:\/\/www.europesays.com\/de\/wp-json\/wp\/v2\/posts\/385323\/revisions"}],"wp:featuredmedia":[{"embeddable":true,"href":"https:\/\/www.europesays.com\/de\/wp-json\/wp\/v2\/media\/385324"}],"wp:attachment":[{"href":"https:\/\/www.europesays.com\/de\/wp-json\/wp\/v2\/media?parent=385323"}],"wp:term":[{"taxonomy":"category","embeddable":true,"href":"https:\/\/www.europesays.com\/de\/wp-json\/wp\/v2\/categories?post=385323"},{"taxonomy":"post_tag","embeddable":true,"href":"https:\/\/www.europesays.com\/de\/wp-json\/wp\/v2\/tags?post=385323"}],"curies":[{"name":"wp","href":"https:\/\/api.w.org\/{rel}","templated":true}]}}