{"id":385427,"date":"2025-08-31T01:10:10","date_gmt":"2025-08-31T01:10:10","guid":{"rendered":"https:\/\/www.europesays.com\/de\/385427\/"},"modified":"2025-08-31T01:10:10","modified_gmt":"2025-08-31T01:10:10","slug":"unfaelle-auto-erfasst-familie-auf-parkdeck-in-essen-fuenf-verletzte-2","status":"publish","type":"post","link":"https:\/\/www.europesays.com\/de\/385427\/","title":{"rendered":"Unf\u00e4lle: Auto erfasst Familie auf Parkdeck in Essen &#8211; f\u00fcnf Verletzte"},"content":{"rendered":"<p>        Unf\u00e4lle<br \/>\n      Auto erfasst Familie auf Parkdeck in Essen &#8211; f\u00fcnf Verletzte<\/p>\n<p>            Kopiere den aktuellen Link<\/p>\n<p>          Zur Merkliste hinzuf\u00fcgen<\/p>\n<p>Dramatische Szenen auf dem Parkdeck eines Einkaufscenters: Ein Fahrzeug ger\u00e4t au\u00dfer Kontrolle, eine ganze Familie muss ins Krankenhaus. Was die Polizei bisher zum Unfallhergang wei\u00df.<\/p>\n<p class=\"typo-body-md typo-body-lg@lg is-initial\">Ein Auto hat eine f\u00fcnfk\u00f6pfige Familie auf dem <a class=\"taxonomy-entity keyword\" data-target-type=\"article\" href=\"https:\/\/www.stern.de\/kultur\/tv\/themen\/parkdeck-6489842.html\" rel=\"nofollow noopener\" target=\"_blank\">Parkdeck<\/a> eines Einkaufs-Centers in Essen erfasst. Die zwei Erwachsenen und drei Kinder wurden verletzt und in Krankenh\u00e4user gebracht, wie Feuerwehr und Polizei mitteilten. Nach ersten Erkenntnissen habe der Fahrer oder die Fahrerin die Kontrolle \u00fcber den Wagen verloren. Zur Identit\u00e4t der Person am Steuer gab es zun\u00e4chst keine Angaben.<\/p>\n<p class=\"typo-body-md typo-body-lg@lg\">Drei <a class=\"taxonomy-entity keyword\" data-target-type=\"article\" href=\"https:\/\/www.stern.de\/digital\/webvideo\/beliebte-videos\/themen\/kinder-6869136.html\" rel=\"nofollow noopener\" target=\"_blank\">Kinder<\/a> im Alter von sieben, 13 und 14 Jahren gerieten am Samstagnachmittag unter das Fahrzeug. &#8222;Zwei von ihnen konnten sich selbstst\u00e4ndig befreien, ein drittes Kind war unter dem Pkw eingeklemmt&#8220;, hie\u00df es. Eine 13-J\u00e4hrige klemmte so fest, dass die Feuerwehr sie befreien musste. Sie wurde schwer verletzt.<\/p>\n<p class=\"typo-body-md typo-body-lg@lg\">Wie es zu dem <a class=\"taxonomy-entity keyword\" data-target-type=\"article\" href=\"https:\/\/www.stern.de\/panorama\/themen\/unfall-4173754.html\" rel=\"nofollow noopener\" target=\"_blank\">Unfall<\/a> kam, ist nach noch unklar, so die Polizei. F\u00fcr Passanten wurde seelsorgerische Betreuung angeboten.<\/p>\n<p>\n    dpa\n  <\/p>\n","protected":false},"excerpt":{"rendered":"Unf\u00e4lle Auto erfasst Familie auf Parkdeck in Essen &#8211; f\u00fcnf Verletzte Kopiere den aktuellen Link Zur Merkliste hinzuf\u00fcgen&hellip;\n","protected":false},"author":2,"featured_media":385428,"comment_status":"","ping_status":"","sticky":false,"template":"","format":"standard","meta":{"footnotes":""},"categories":[1834],"tags":[3364,29,3688,30,1209],"class_list":{"0":"post-385427","1":"post","2":"type-post","3":"status-publish","4":"format-standard","5":"has-post-thumbnail","7":"category-essen","8":"tag-de","9":"tag-deutschland","10":"tag-essen","11":"tag-germany","12":"tag-nordrhein-westfalen"},"share_on_mastodon":{"url":"https:\/\/pubeurope.com\/@de\/115120716114466613","error":""},"_links":{"self":[{"href":"https:\/\/www.europesays.com\/de\/wp-json\/wp\/v2\/posts\/385427","targetHints":{"allow":["GET"]}}],"collection":[{"href":"https:\/\/www.europesays.com\/de\/wp-json\/wp\/v2\/posts"}],"about":[{"href":"https:\/\/www.europesays.com\/de\/wp-json\/wp\/v2\/types\/post"}],"author":[{"embeddable":true,"href":"https:\/\/www.europesays.com\/de\/wp-json\/wp\/v2\/users\/2"}],"replies":[{"embeddable":true,"href":"https:\/\/www.europesays.com\/de\/wp-json\/wp\/v2\/comments?post=385427"}],"version-history":[{"count":0,"href":"https:\/\/www.europesays.com\/de\/wp-json\/wp\/v2\/posts\/385427\/revisions"}],"wp:featuredmedia":[{"embeddable":true,"href":"https:\/\/www.europesays.com\/de\/wp-json\/wp\/v2\/media\/385428"}],"wp:attachment":[{"href":"https:\/\/www.europesays.com\/de\/wp-json\/wp\/v2\/media?parent=385427"}],"wp:term":[{"taxonomy":"category","embeddable":true,"href":"https:\/\/www.europesays.com\/de\/wp-json\/wp\/v2\/categories?post=385427"},{"taxonomy":"post_tag","embeddable":true,"href":"https:\/\/www.europesays.com\/de\/wp-json\/wp\/v2\/tags?post=385427"}],"curies":[{"name":"wp","href":"https:\/\/api.w.org\/{rel}","templated":true}]}}