{"id":385521,"date":"2025-08-31T01:59:27","date_gmt":"2025-08-31T01:59:27","guid":{"rendered":"https:\/\/www.europesays.com\/de\/385521\/"},"modified":"2025-08-31T01:59:27","modified_gmt":"2025-08-31T01:59:27","slug":"die-highlights-im-herbst-und-winter","status":"publish","type":"post","link":"https:\/\/www.europesays.com\/de\/385521\/","title":{"rendered":"Die Highlights im Herbst und Winter"},"content":{"rendered":"<p class=\"fp-paragraph\">Das Jahr neigt sich so langsam dem Ende zu. Nun hei\u00dft es: Blo\u00df nicht Tr\u00fcbsal blasen! In M\u00fcnster bleibt es zum Gl\u00fcck ereignisreich. Unsere Redaktion hat einige Ausflugs- und Eventtipps zusammengestellt \u2013 als Mittel gegen Langeweile.<\/p>\n<p>Nachts im Zoo<\/p>\n<p class=\"fp-paragraph\">Festlich beleuchtete Wege und Tierbereiche laden am letzten Samstag im August zu einer exklusiven Entdeckungstour durch den <a href=\"https:\/\/www.wn.de\/muenster\/themen\/allwetterzoo-muenster\" rel=\"nofollow noopener\" target=\"_blank\">Allwetterzoo M\u00fcnster<\/a> ein. <a data-li-document-ref=\"3375581\" href=\"https:\/\/www.wn.de\/muenster\/programm-nachts-zoo-allwetterzoo-3375581\" rel=\"nofollow noopener\" target=\"_blank\">Hier lesen Sie mehr zum Programm bei &#8222;Nachts im Zoo&#8220;<\/a>.<\/p>\n<ul class=\"fp-article-view-list fp-article-view-list__unordered\">\n<li class=\"fp-list-item\"><strong>Wann?<\/strong> 30. August<\/li>\n<li class=\"fp-list-item\"><strong>Wo?<\/strong> Allwetterzoo M\u00fcnster<\/li>\n<li class=\"fp-list-item\"><strong>Eintritt<\/strong>: Erwachsene 23,90, Kinder 14,90, Studenten 17,90 und Senioren 20,90 Euro<\/li>\n<li class=\"fp-list-item\"><strong>Weitere Infos<\/strong>: <a target=\"_blank\" rel=\"nofollow noopener\" href=\"https:\/\/www.allwetterzoo.de\/de\/termine-und-events\/nachts-im-zoo\/\">www.allwetterzoo.de<\/a><\/li>\n<\/ul>\n<p>Kreuzviertelfest<\/p>\n<p class=\"fp-paragraph\">Das Kreuzviertel in M\u00fcnster l\u00e4dt zum j\u00e4hrlichen \u201ex4tel-Fest\u201c ein. Neben buntem Programm aus Musik, Tanz und Show werden Kinderschminken, eine H\u00fcpfburg und ein Flohmarkt angeboten. <a data-li-document-ref=\"3088253\" href=\"https:\/\/www.wn.de\/muenster\/kreuzviertelfest-2024-termin-programm-line-up-3088253\" rel=\"nofollow noopener\" target=\"_blank\">Hier lesen Sie mehr zum Programm beim diesj\u00e4hrigen Kreuzviertelfest<\/a>.<\/p>\n<ul class=\"fp-article-view-list fp-article-view-list__unordered\">\n<li class=\"fp-list-item\"><strong>Wann?<\/strong> 30. und 31. August<\/li>\n<li class=\"fp-list-item\"><strong>Wo?<\/strong> Kreuzviertel<\/li>\n<li class=\"fp-list-item\"><strong>Eintritt<\/strong>: frei<\/li>\n<li class=\"fp-list-item\"><strong>Weitere Infos<\/strong>: <a target=\"_blank\" rel=\"nofollow noopener\" href=\"https:\/\/www.x4tel.de\/\">www.x4tel.de<\/a><\/li>\n<\/ul>\n<p>Kreuzviertelfest 2024 lockt viele Besucher an<\/p>\n<p>            <img loading=\"lazy\" decoding=\"async\" height=\"540\" width=\"960\" data- src=\"https:\/\/www.europesays.com\/de\/wp-content\/uploads\/2025\/08\/f30b7105-c07b-4c04-a6f0-e96759b575bd.jpeg\"  class=\"lazyload\" alt=\"Viel los war am Wochenende beim Kreuzviertelfest.\"\/><\/p>\n<p class=\"fp-gallery-carousel__images--caption\">Viel los war am Wochenende beim Kreuzviertelfest.<\/p>\n<p class=\"fp-gallery-carousel__images--source\">Foto: Oliver Werner<\/p>\n<p>            <img height=\"540\" width=\"960\" data-lazy=\"https:\/\/asc-images.forward-publishing.io\/2024\/08\/24\/59d85071-1cbb-421b-bfd7-53025a978149.jpeg?width=809&amp;auto=compress%2Cformat\" alt=\"Viel los war am Wochenende beim Kreuzviertelfest.\"\/><\/p>\n<p class=\"fp-gallery-carousel__images--caption\">Viel los war am Wochenende beim Kreuzviertelfest.<\/p>\n<p class=\"fp-gallery-carousel__images--source\">Foto: Oliver Werner<\/p>\n<p>            <img height=\"540\" width=\"960\" data-lazy=\"https:\/\/asc-images.forward-publishing.io\/2024\/08\/24\/f0cf25ec-03de-4404-a724-a6710decd953.jpeg?width=809&amp;auto=compress%2Cformat\" alt=\"Viel los war am Wochenende beim Kreuzviertelfest.\"\/><\/p>\n<p class=\"fp-gallery-carousel__images--caption\">Viel los war am Wochenende beim Kreuzviertelfest.<\/p>\n<p class=\"fp-gallery-carousel__images--source\">Foto: Oliver Werner<\/p>\n<p>            <img height=\"540\" width=\"960\" data-lazy=\"https:\/\/asc-images.forward-publishing.io\/2024\/08\/24\/9100219b-f447-4f28-9602-41744ef02b02.jpeg?width=809&amp;auto=compress%2Cformat\" alt=\"Viel los war am Wochenende beim Kreuzviertelfest.\"\/><\/p>\n<p class=\"fp-gallery-carousel__images--caption\">Viel los war am Wochenende beim Kreuzviertelfest.<\/p>\n<p class=\"fp-gallery-carousel__images--source\">Foto: Oliver Werner<\/p>\n<p>            <img height=\"540\" width=\"960\" data-lazy=\"https:\/\/asc-images.forward-publishing.io\/2024\/08\/24\/33ea1bc5-7a6e-4463-99ff-e18a8c2437a5.jpeg?width=809&amp;auto=compress%2Cformat\" alt=\"Viel los war am Wochenende beim Kreuzviertelfest.\"\/><\/p>\n<p class=\"fp-gallery-carousel__images--caption\">Viel los war am Wochenende beim Kreuzviertelfest.<\/p>\n<p class=\"fp-gallery-carousel__images--source\">Foto: Oliver Werner<\/p>\n<p>            <img height=\"540\" width=\"960\" data-lazy=\"https:\/\/asc-images.forward-publishing.io\/2024\/08\/24\/7c9a5bfe-437d-44e5-b3c9-99b089c3b6fd.jpeg?width=809&amp;auto=compress%2Cformat\" alt=\"Viel los war am Wochenende beim Kreuzviertelfest.\"\/><\/p>\n<p class=\"fp-gallery-carousel__images--caption\">Viel los war am Wochenende beim Kreuzviertelfest.<\/p>\n<p class=\"fp-gallery-carousel__images--source\">Foto: Oliver Werner<\/p>\n<p>            <img height=\"540\" width=\"960\" data-lazy=\"https:\/\/asc-images.forward-publishing.io\/2024\/08\/24\/5528d75f-660d-4a37-a08d-c2c5b6f6d37a.jpeg?width=809&amp;auto=compress%2Cformat\" alt=\"Viel los war am Wochenende beim Kreuzviertelfest.\"\/><\/p>\n<p class=\"fp-gallery-carousel__images--caption\">Viel los war am Wochenende beim Kreuzviertelfest.<\/p>\n<p class=\"fp-gallery-carousel__images--source\">Foto: Oliver Werner<\/p>\n<p>            <img height=\"540\" width=\"960\" data-lazy=\"https:\/\/asc-images.forward-publishing.io\/2024\/08\/24\/a8c29b92-02fb-491b-a3b0-f3d165c35274.jpeg?width=809&amp;auto=compress%2Cformat\" alt=\"Viel los war am Wochenende beim Kreuzviertelfest.\"\/><\/p>\n<p class=\"fp-gallery-carousel__images--caption\">Viel los war am Wochenende beim Kreuzviertelfest.<\/p>\n<p class=\"fp-gallery-carousel__images--source\">Foto: Oliver Werner<\/p>\n<p>            <img height=\"540\" width=\"960\" data-lazy=\"https:\/\/asc-images.forward-publishing.io\/2024\/08\/24\/767af172-76ce-4ab9-925e-920549eb5c6a.jpeg?width=809&amp;auto=compress%2Cformat\" alt=\"Viel los war am Wochenende beim Kreuzviertelfest.\"\/><\/p>\n<p class=\"fp-gallery-carousel__images--caption\">Viel los war am Wochenende beim Kreuzviertelfest.<\/p>\n<p class=\"fp-gallery-carousel__images--source\">Foto: Oliver Werner<\/p>\n<p>            <img height=\"540\" width=\"960\" data-lazy=\"https:\/\/asc-images.forward-publishing.io\/2024\/08\/24\/d7e4e19e-fb30-453c-bda6-7e15527a20c7.jpeg?width=809&amp;auto=compress%2Cformat\" alt=\"Viel los war am Wochenende beim Kreuzviertelfest.\"\/><\/p>\n<p class=\"fp-gallery-carousel__images--caption\">Viel los war am Wochenende beim Kreuzviertelfest.<\/p>\n<p class=\"fp-gallery-carousel__images--source\">Foto: Oliver Werner<\/p>\n<p>            <img height=\"540\" width=\"960\" data-lazy=\"https:\/\/asc-images.forward-publishing.io\/2024\/08\/24\/b7a76ea5-61d5-4532-b7da-7dd21959c5ed.jpeg?width=809&amp;auto=compress%2Cformat\" alt=\"Viel los war am Wochenende beim Kreuzviertelfest.\"\/><\/p>\n<p class=\"fp-gallery-carousel__images--caption\">Viel los war am Wochenende beim Kreuzviertelfest.<\/p>\n<p class=\"fp-gallery-carousel__images--source\">Foto: Oliver Werner<\/p>\n<p>            <img height=\"540\" width=\"960\" data-lazy=\"https:\/\/asc-images.forward-publishing.io\/2024\/08\/24\/8544c1c1-6162-4b75-ba95-66f4420291b9.jpeg?width=809&amp;auto=compress%2Cformat\" alt=\"Viel los war am Wochenende beim Kreuzviertelfest.\"\/><\/p>\n<p class=\"fp-gallery-carousel__images--caption\">Viel los war am Wochenende beim Kreuzviertelfest.<\/p>\n<p class=\"fp-gallery-carousel__images--source\">Foto: Oliver Werner<\/p>\n<p>            <img height=\"540\" width=\"960\" data-lazy=\"https:\/\/asc-images.forward-publishing.io\/2024\/08\/25\/95de5c6c-ff58-4e2f-9e5d-9e09869f8a42.jpeg?width=809&amp;auto=compress%2Cformat\" alt=\"Viel los war am Wochenende beim Kreuzviertelfest.\"\/><\/p>\n<p class=\"fp-gallery-carousel__images--caption\">Viel los war am Wochenende beim Kreuzviertelfest.<\/p>\n<p class=\"fp-gallery-carousel__images--source\">Foto: Oliver Werner<\/p>\n<p>            <img height=\"540\" width=\"960\" data-lazy=\"https:\/\/asc-images.forward-publishing.io\/2024\/08\/25\/3b97d1e0-fcf5-46af-aecd-8baf280ca10d.jpeg?width=809&amp;auto=compress%2Cformat\" alt=\"Viel los war am Wochenende beim Kreuzviertelfest.\"\/><\/p>\n<p class=\"fp-gallery-carousel__images--caption\">Viel los war am Wochenende beim Kreuzviertelfest.<\/p>\n<p class=\"fp-gallery-carousel__images--source\">Foto: Oliver Werner<\/p>\n<p>            <img height=\"540\" width=\"960\" data-lazy=\"https:\/\/asc-images.forward-publishing.io\/2024\/08\/25\/efd0121c-99d8-43fc-ae3d-6b1373aec91d.jpeg?width=809&amp;auto=compress%2Cformat\" alt=\"Viel los war am Wochenende beim Kreuzviertelfest.\"\/><\/p>\n<p class=\"fp-gallery-carousel__images--caption\">Viel los war am Wochenende beim Kreuzviertelfest.<\/p>\n<p class=\"fp-gallery-carousel__images--source\">Foto: Oliver Werner<\/p>\n<p>            <img height=\"540\" width=\"960\" data-lazy=\"https:\/\/asc-images.forward-publishing.io\/2024\/08\/25\/af9d5417-c90c-4e8b-9eca-9c532120b43f.jpeg?width=809&amp;auto=compress%2Cformat\" alt=\"Viel los war am Wochenende beim Kreuzviertelfest.\"\/><\/p>\n<p class=\"fp-gallery-carousel__images--caption\">Viel los war am Wochenende beim Kreuzviertelfest.<\/p>\n<p class=\"fp-gallery-carousel__images--source\">Foto: Oliver Werner<\/p>\n<p>            <img height=\"540\" width=\"960\" data-lazy=\"https:\/\/asc-images.forward-publishing.io\/2024\/08\/25\/81bae9dd-07c8-4ada-a84c-fd1be56c213e.jpeg?width=809&amp;auto=compress%2Cformat\" alt=\"Viel los war am Wochenende beim Kreuzviertelfest.\"\/><\/p>\n<p class=\"fp-gallery-carousel__images--caption\">Viel los war am Wochenende beim Kreuzviertelfest.<\/p>\n<p class=\"fp-gallery-carousel__images--source\">Foto: Oliver Werner<\/p>\n<p>            <img height=\"540\" width=\"960\" data-lazy=\"https:\/\/asc-images.forward-publishing.io\/2024\/08\/25\/9a6a00b4-d4f6-48a2-828c-5fc776e232f5.jpeg?width=809&amp;auto=compress%2Cformat\" alt=\"Viel los war am Wochenende beim Kreuzviertelfest.\"\/><\/p>\n<p class=\"fp-gallery-carousel__images--caption\">Viel los war am Wochenende beim Kreuzviertelfest.<\/p>\n<p class=\"fp-gallery-carousel__images--source\">Foto: Oliver Werner<\/p>\n<p>            <img height=\"540\" width=\"960\" data-lazy=\"https:\/\/asc-images.forward-publishing.io\/2024\/08\/25\/a563af7a-6dbb-4c83-80b2-2e23fe3147bb.jpeg?width=809&amp;auto=compress%2Cformat\" alt=\"Viel los war am Wochenende beim Kreuzviertelfest.\"\/><\/p>\n<p class=\"fp-gallery-carousel__images--caption\">Viel los war am Wochenende beim Kreuzviertelfest.<\/p>\n<p class=\"fp-gallery-carousel__images--source\">Foto: Oliver Werner<\/p>\n<p>            <img height=\"540\" width=\"960\" data-lazy=\"https:\/\/asc-images.forward-publishing.io\/2024\/08\/25\/150e4be9-53d9-43b7-afce-ab8c736052ca.jpeg?width=809&amp;auto=compress%2Cformat\" alt=\"Viel los war am Wochenende beim Kreuzviertelfest.\"\/><\/p>\n<p class=\"fp-gallery-carousel__images--caption\">Viel los war am Wochenende beim Kreuzviertelfest.<\/p>\n<p class=\"fp-gallery-carousel__images--source\">Foto: Oliver Werner<\/p>\n<p>            <img height=\"540\" width=\"960\" data-lazy=\"https:\/\/asc-images.forward-publishing.io\/2024\/08\/25\/08981f15-2986-45c6-9943-96ea71a185e8.jpeg?width=809&amp;auto=compress%2Cformat\" alt=\"Viel los war am Wochenende beim Kreuzviertelfest.\"\/><\/p>\n<p class=\"fp-gallery-carousel__images--caption\">Viel los war am Wochenende beim Kreuzviertelfest.<\/p>\n<p class=\"fp-gallery-carousel__images--source\">Foto: Oliver Werner<\/p>\n<p>            <img height=\"540\" width=\"960\" data-lazy=\"https:\/\/asc-images.forward-publishing.io\/2024\/08\/25\/3a17f26b-8adc-425a-8f29-50ab25949896.jpeg?width=809&amp;auto=compress%2Cformat\" alt=\"Viel los war am Wochenende beim Kreuzviertelfest.\"\/><\/p>\n<p class=\"fp-gallery-carousel__images--caption\">Viel los war am Wochenende beim Kreuzviertelfest.<\/p>\n<p class=\"fp-gallery-carousel__images--source\">Foto: Oliver Werner<\/p>\n<p>            <img height=\"540\" width=\"960\" data-lazy=\"https:\/\/asc-images.forward-publishing.io\/2024\/08\/25\/90d662d0-cfe9-46da-8e6c-63ebbc587a9e.jpeg?width=809&amp;auto=compress%2Cformat\" alt=\"Viel los war am Wochenende beim Kreuzviertelfest.\"\/><\/p>\n<p class=\"fp-gallery-carousel__images--caption\">Viel los war am Wochenende beim Kreuzviertelfest.<\/p>\n<p class=\"fp-gallery-carousel__images--source\">Foto: Oliver Werner<\/p>\n<p>            <img height=\"540\" width=\"960\" data-lazy=\"https:\/\/asc-images.forward-publishing.io\/2024\/08\/25\/7e166991-c294-484b-9d3d-f5abf5fafe22.jpeg?width=809&amp;auto=compress%2Cformat\" alt=\"Viel los war am Wochenende beim Kreuzviertelfest.\"\/><\/p>\n<p class=\"fp-gallery-carousel__images--caption\">Viel los war am Wochenende beim Kreuzviertelfest.<\/p>\n<p class=\"fp-gallery-carousel__images--source\">Foto: Oliver Werner<\/p>\n<p>            <img height=\"540\" width=\"960\" data-lazy=\"https:\/\/asc-images.forward-publishing.io\/2024\/08\/25\/f9eb378b-ee0d-4bf4-869d-b1e5e63ca24a.jpeg?width=809&amp;auto=compress%2Cformat\" alt=\"Viel los war am Wochenende beim Kreuzviertelfest.\"\/><\/p>\n<p class=\"fp-gallery-carousel__images--caption\">Viel los war am Wochenende beim Kreuzviertelfest.<\/p>\n<p class=\"fp-gallery-carousel__images--source\">Foto: Oliver Werner<\/p>\n<p>            <img height=\"540\" width=\"960\" data-lazy=\"https:\/\/asc-images.forward-publishing.io\/2024\/08\/25\/c323f208-246d-48d4-9949-c0956a36ae32.jpeg?width=809&amp;auto=compress%2Cformat\" alt=\"Viel los war am Wochenende beim Kreuzviertelfest.\"\/><\/p>\n<p class=\"fp-gallery-carousel__images--caption\">Viel los war am Wochenende beim Kreuzviertelfest.<\/p>\n<p class=\"fp-gallery-carousel__images--source\">Foto: Oliver Werner<\/p>\n<p>            <img loading=\"lazy\" decoding=\"async\" height=\"540\" width=\"960\" data- src=\"https:\/\/www.europesays.com\/de\/wp-content\/uploads\/2025\/08\/e15c0762-9df0-47f8-9688-c92848933891.jpeg\"  class=\"lazyload\" alt=\"Viel los war am Wochenende beim Kreuzviertelfest.\"\/><\/p>\n<p class=\"fp-gallery-carousel__images--caption\">Viel los war am Wochenende beim Kreuzviertelfest.<\/p>\n<p class=\"fp-gallery-carousel__images--source\">Foto: Oliver Werner<\/p>\n<p>Sommerfest der Tierfreunde<\/p>\n<p class=\"fp-paragraph\">Ein Sommerfest, das automatisch den Tierschutz unterst\u00fctzt. Auf dem Gel\u00e4nde des Tierheims sollen Tombola, Verkaufsst\u00e4nde, H\u00fcpfburg und Infost\u00e4nde neben Essen und Trinken f\u00fcr einen gro\u00dfartigen Tag sorgen.<\/p>\n<ul class=\"fp-article-view-list fp-article-view-list__unordered\">\n<li class=\"fp-list-item\"><strong>Wann?<\/strong> 31. August (Sonntag)<\/li>\n<li class=\"fp-list-item\"><strong>Wo?<\/strong> Tierheim M\u00fcnster<\/li>\n<li class=\"fp-list-item\"><strong>Eintritt<\/strong>: frei<\/li>\n<li class=\"fp-list-item\"><strong>Weitere Infos<\/strong>: <a target=\"_blank\" rel=\"nofollow noopener\" href=\"https:\/\/www.tierfreunde-ms.de\/2025\/06\/19\/sommerfest-2025\/\">www.tierfreunde-ms.de<\/a><\/li>\n<\/ul>\n<p>Luminiscence im St.-Paulus-Dom<img loading=\"lazy\" decoding=\"async\" class=\"fp-lazyload lazyload\" height=\"768\" width=\"1024\" src=\"https:\/\/www.europesays.com\/de\/wp-content\/uploads\/2025\/08\/39c00cde-1f48-4d5f-bc54-cd11307e3191.jpg\"  data- alt=\"Erfolgreiches Deb\u00fct in Frankreich: Mehr als 500.000 Zuschauer besuchten bislang die franz\u00f6sischen \u201eLuminiscence\u201c-Events.\"\/>Erfolgreiches Deb\u00fct in Frankreich: Mehr als 500.000 Zuschauer besuchten bislang die franz\u00f6sischen \u201eLuminiscence\u201c-Events. Foto: Laura Vesmare<\/p>\n<p class=\"fp-paragraph\">M\u00fcnsters St.-Paulus-Dom wird hell: Durch Orgelmusik, Chorgesang und Illumination entsteht eine musikalische Lichtshow, die die Besucher und Besucherinnen in vier Akten auf eine 50\u2013min\u00fctige Reise durch die Vergangenheit des Doms mitnimmt \u2013 untermalt von einer mystischen Stimme aus dem Off, die durch die unterschiedlichen Epochen des Doms f\u00fchrt. <a data-li-document-ref=\"3323523\" href=\"https:\/\/www.wn.de\/muenster\/luminiscence-deutschland-premiere-paulus-dom-3323523\" rel=\"nofollow noopener\" target=\"_blank\">Hier erhalten Sie weitere Informationen zum\u00a0multimedialen Live-Event \u201eLuminiscene\u201c in M\u00fcnsters Paulusdom<\/a>.<\/p>\n<ul class=\"fp-article-view-list fp-article-view-list__unordered\">\n<li class=\"fp-list-item\"><strong>Wann?<\/strong> ab 4. September bis voraussichtlich Anfang 2026<\/li>\n<li class=\"fp-list-item\"><strong>Wo?<\/strong> St.-Paulus-Dom M\u00fcnster<\/li>\n<li class=\"fp-list-item\"><strong>Eintritt<\/strong>: ab 23 Euro, freier Eintritt f\u00fcr Kinder unter 4 Jahren auf dem Scho\u00df der Eltern<\/li>\n<li class=\"fp-list-item\"><strong>Weitere Infos<\/strong>: <a target=\"_blank\" rel=\"nofollow noopener\" href=\"https:\/\/luminiscence.com\/muenster\/#info-program\">www.luminiscence.com<\/a><\/li>\n<\/ul>\n<p>MEHR ZUM THEMASchauraum \u2013 Das Fest der Museen und Galerien<\/p>\n<p class=\"fp-paragraph\">Kunst mal ganz anders: Museen, Galerien, Ateliers und weitere laden zu besonderen Besuchen ein. Nicht nur tags\u00fcber, sondern auch nachts versprechen die Veranstalter besondere Programme und Inszenierungen. <a data-li-document-ref=\"3370812\" href=\"https:\/\/www.wn.de\/muenster\/schauraum-2025-programm-hoehepunkte-lange-nacht-3370812\" rel=\"nofollow noopener\" target=\"_blank\">Hier lesen Sie mehr zum 25. \u201e<\/a><a href=\"https:\/\/www.wn.de\/muenster\/themen\/schauraum\" rel=\"nofollow noopener\" target=\"_blank\">Schauraum<\/a>\u201c in M\u00fcnster.<\/p>\n<ul class=\"fp-article-view-list fp-article-view-list__unordered\">\n<li class=\"fp-list-item\"><strong>Wann?<\/strong> 4. bis 6. September<\/li>\n<li class=\"fp-list-item\"><strong>Wo?<\/strong> Innenstadt M\u00fcnster<\/li>\n<li class=\"fp-list-item\"><strong>Eintritt<\/strong>: frei<\/li>\n<li class=\"fp-list-item\"><strong>Weitere Infos<\/strong>: <a target=\"_blank\" rel=\"nofollow noopener\" href=\"https:\/\/schauraum.kunstraum-muenster.de\/\">www.schauraum.kunstraum-muenster.de<\/a><\/li>\n<\/ul>\n<p>Theaterfest<\/p>\n<p class=\"fp-paragraph\">Das Theater M\u00fcnster mal auf eine andere Art kennenlernen \u2013 das wird m\u00f6glich beim Theaterfest, wo neben einem abwechslungsreichen Programm auch Musik und Kulinarik zum Entdecken dazugeh\u00f6ren.<\/p>\n<ul class=\"fp-article-view-list fp-article-view-list__unordered\">\n<li class=\"fp-list-item\"><strong>Wann?<\/strong> 6. September<\/li>\n<li class=\"fp-list-item\"><strong>Wo?<\/strong> Theater M\u00fcnster<\/li>\n<li class=\"fp-list-item\"><strong>Eintritt<\/strong>: frei<\/li>\n<li class=\"fp-list-item\"><strong>Weitere Infos<\/strong>: <a target=\"_blank\" rel=\"nofollow noopener\" href=\"https:\/\/www.theater-muenster.com\/produktionen\/theaterfest-776.html\">www.theater-muenster.com<\/a><\/li>\n<\/ul>\n<p>Wilsbergs Promikellnern<img loading=\"lazy\" decoding=\"async\" class=\"fp-lazyload lazyload\" height=\"768\" width=\"1024\" src=\"https:\/\/www.europesays.com\/de\/wp-content\/uploads\/2025\/08\/55539533-2dfe-4ad4-9309-2e465f7cf48e.jpg\"  data- alt=\"Die diesj\u00e4hrige Crew des &quot;Promikellnerns&quot; steht bereits in den Startl\u00f6chern.\"\/>Die diesj\u00e4hrige Crew des &#8222;Promikellnerns&#8220; steht bereits in den Startl\u00f6chern. Foto: hpe<\/p>\n<p class=\"fp-paragraph\">Rollenwechsel: Promis schl\u00fcpfen in die Positionen von Kellnerinnen und Kellnern. Auf den Aaseeterrassen kann man sich am Sonntag bewirten lassen, und das auch noch f\u00fcr den guten Zweck: Der Erl\u00f6s geht an die Krebshilfe in M\u00fcnster. Im Anschluss findet eine Open-Air-Vorstellung des neuesten Wilsberg Krimis statt.<\/p>\n<ul class=\"fp-article-view-list fp-article-view-list__unordered\">\n<li class=\"fp-list-item\"><strong>Wann?<\/strong> 7. September<\/li>\n<li class=\"fp-list-item\"><strong>Wo?<\/strong> Aaseeterrassen<\/li>\n<li class=\"fp-list-item\"><strong>Eintritt<\/strong>: frei<\/li>\n<li class=\"fp-list-item\"><strong>Weitere Infos<\/strong>: <a target=\"_blank\" rel=\"nofollow noopener\" href=\"https:\/\/krebsberatung-muenster.de\/2025\/03\/07\/07-09-2025-wilsbergs-promi-kellnern\/\">www.krebsberatung-muenster.de<\/a><\/li>\n<\/ul>\n<p>Lange Nacht der Universit\u00e4tsmedizin<\/p>\n<p class=\"fp-paragraph\">\u00dcber 12.000 Mitarbeitende gew\u00e4hren bei der Langen Nacht der Universit\u00e4tsmedizin einen seltenen Einblick f\u00fcr Interessierte. Ob man einen Blick in den OP-Saal werfen oder einen Endoskopie-Simulator testen m\u00f6chte: Die T\u00fcren stehen offen.<\/p>\n<ul class=\"fp-article-view-list fp-article-view-list__unordered\">\n<li class=\"fp-list-item\"><strong>Wann?<\/strong> 12. September<\/li>\n<li class=\"fp-list-item\"><strong>Wo?<\/strong> Universit\u00e4tsklinikum M\u00fcnster<\/li>\n<li class=\"fp-list-item\"><strong>Eintritt<\/strong>: frei<\/li>\n<li class=\"fp-list-item\"><strong>Weitere Infos<\/strong>: <a target=\"_blank\" rel=\"nofollow noopener\" href=\"https:\/\/lange-nacht-muenster.de\/\">www.lange-nacht-muenster.de<\/a><\/li>\n<\/ul>\n<p>Volksbank-M\u00fcnster-Marathon<\/p>\n<p class=\"fp-paragraph\">Rennen und \u2026 Feiern? Das wird beim 23. M\u00fcnster-Marathon m\u00f6glich. Dort werden rund 300 K\u00fcnstlerinnen und K\u00fcnstler, Bands und Themen-Power Points vor Ort sein.<\/p>\n<ul class=\"fp-article-view-list fp-article-view-list__unordered\">\n<li class=\"fp-list-item\"><strong>Wann?<\/strong> 21. September<\/li>\n<li class=\"fp-list-item\"><strong>Wo?<\/strong>  Innenstadt M\u00fcnster<\/li>\n<li class=\"fp-list-item\"><strong>Eintritt<\/strong>: frei<\/li>\n<li class=\"fp-list-item\"><strong>Weitere Infos<\/strong>: <a target=\"_blank\" rel=\"nofollow noopener\" href=\"https:\/\/www.volksbank-muenster-marathon.de\/_rubric\/index.php?rubric=Home+DE\">www.volksbank-muenster-marathon.de<\/a><\/li>\n<\/ul>\n<p>M\u00fcnsteraner Oktoberfest<img loading=\"lazy\" decoding=\"async\" class=\"fp-lazyload lazyload\" height=\"768\" width=\"1024\" src=\"https:\/\/www.europesays.com\/de\/wp-content\/uploads\/2025\/08\/a68ef526-28d3-43a6-85c1-302423bb056e.jpg\"  data- alt=\"Das Oktoberfest in M\u00fcnster.\"\/>Das Oktoberfest in M\u00fcnster. Foto: Matthias Ahlke<\/p>\n<p class=\"fp-paragraph\">Gek\u00fcrt zum besten <a href=\"https:\/\/www.wn.de\/muensterland\/themen\/oktoberfest\" rel=\"nofollow noopener\" target=\"_blank\">Oktoberfest<\/a> in ganz NRW: Ende September geht es auch in M\u00fcnster wieder los und Bier und Dirndl werden zum Tageshighlight. Der Ticketvorverkauf f\u00fcr das beliebte Herbstevent ist bereits im Mai gestartet. Was die Besucherinnen und Besucher erwartet \u2013 und was in diesem Jahr die Maas Bier kosten wird \u2013\u00a0<a data-li-document-ref=\"3307497\" href=\"https:\/\/www.wn.de\/muenster\/oktoberfest-2025-tickets-vorverkauf-bier-preise-3307497\" rel=\"nofollow noopener\" target=\"_blank\">lesen Sie in unserem Artikel zum Oktoberfest 2025 in M\u00fcnster<\/a>.<\/p>\n<ul class=\"fp-article-view-list fp-article-view-list__unordered\">\n<li class=\"fp-list-item\"><strong>Wann?<\/strong> 26. September bis 11. Oktober<\/li>\n<li class=\"fp-list-item\"><strong>Wo?<\/strong> Am Albersloher Weg<\/li>\n<li class=\"fp-list-item\"><strong>Eintritt<\/strong>: ab 5 Euro<\/li>\n<li class=\"fp-list-item\"><strong>Weitere Infos<\/strong>: <a target=\"_blank\" rel=\"nofollow noopener\" href=\"https:\/\/www.oktoberfest-muenster.de\/\">www.oktoberfest-muenster.de<\/a><\/li>\n<\/ul>\n<p>Handorfer Herbst<\/p>\n<p class=\"fp-paragraph\">Das Fest mit rund 30.000 Besuchern ist jeden September ein Highlight in M\u00fcnster: Neben einem \u201ebeliebten Flohmarkt\u201c sollen Programm, Attraktionen und Musik den Stadtteil beleben.<\/p>\n<ul class=\"fp-article-view-list fp-article-view-list__unordered\">\n<li class=\"fp-list-item\"><strong>Wann?<\/strong> 28. September<\/li>\n<li class=\"fp-list-item\"><strong>Wo?<\/strong> Handorf<\/li>\n<li class=\"fp-list-item\"><strong>Eintritt<\/strong>: frei<\/li>\n<li class=\"fp-list-item\"><strong>Weitere Infos<\/strong>: <a target=\"_blank\" rel=\"nofollow noopener\" href=\"https:\/\/handorfer-kaufmannsgilde.de\/handorfer-herbst\/\">www.handorfer-kaufmannsgilde.de<\/a><\/li>\n<\/ul>\n<p>Sparkassen M\u00fcnsterland Giro<img loading=\"lazy\" decoding=\"async\" class=\"fp-lazyload lazyload\" height=\"768\" width=\"1024\" src=\"https:\/\/www.europesays.com\/de\/wp-content\/uploads\/2025\/08\/f045d805-9666-4fae-b901-7fb1ac58ae3a.jpeg\"  data- alt=\"Rennradfahrer radeln beim M\u00fcnsterland-Giro um die Wette.\"\/>Rennradfahrer radeln beim M\u00fcnsterland-Giro um die Wette. Foto: Andre Fischer<\/p>\n<p class=\"fp-paragraph\">Rennradfahrer und gem\u00fctliche Leezenliebhaber finden am 3.10. ihren Spa\u00df: Verschiedene Routen sowie buntes Programm sollen bei dem Radrennen f\u00fcr Freude und Abwechslung sorgen. <a data-li-document-ref=\"3368904\" href=\"https:\/\/www.wn.de\/sport\/lokalsport\/sport-events\/muensterland-giro\/viele-top-sprinter-und-neuer-rekord-muensterland-giro-knackt-7000er-marke-3368904\" rel=\"nofollow noopener\" target=\"_blank\">Hier erfahren Sie mehr zum diesj\u00e4hrigen Sparkassen M\u00fcnsterland-Giro<\/a>.<\/p>\n<ul class=\"fp-article-view-list fp-article-view-list__unordered\">\n<li class=\"fp-list-item\"><strong>Wann?<\/strong> 3. Oktober<\/li>\n<li class=\"fp-list-item\"><strong>Wo?<\/strong> M\u00fcnster<\/li>\n<li class=\"fp-list-item\"><strong>Eintritt<\/strong>: frei<\/li>\n<li class=\"fp-list-item\"><strong>Weitere Infos<\/strong>: <a target=\"_blank\" rel=\"nofollow noopener\" href=\"https:\/\/muensterland-giro.de\/\">www.muensterland-giro.de<\/a><\/li>\n<\/ul>\n<p>Herbstsend<\/p>\n<p class=\"fp-paragraph\">M\u00fcnsters gr\u00f6\u00dftes Volksfest kommt zur\u00fcck auf den Schlossplatz: Der Herbstsend mit circa 200 Schaustellerbetrieben lockt pro Jahr bis zu einer Million Besucherinnen und Besucher an.<\/p>\n<ul class=\"fp-article-view-list fp-article-view-list__unordered\">\n<li class=\"fp-list-item\"><strong>Wann?<\/strong> 25. Oktober bis 2. November<\/li>\n<li class=\"fp-list-item\"><strong>Wo?<\/strong> auf dem Schlossplatz<\/li>\n<li class=\"fp-list-item\"><strong>Eintritt<\/strong>: frei<\/li>\n<li class=\"fp-list-item\"><strong>Weitere Infos<\/strong>: <a target=\"_blank\" rel=\"nofollow noopener\" href=\"https:\/\/www.stadt-muenster.de\/send\/startseite\">www.stadt-muenster.de<\/a><\/li>\n<\/ul>\n<p>Der Auftakt zum Sommersend 2025 in M\u00fcnster<\/p>\n<p>            <img loading=\"lazy\" decoding=\"async\" height=\"540\" width=\"960\" data- src=\"https:\/\/www.europesays.com\/de\/wp-content\/uploads\/2025\/08\/53f06649-9651-411b-ac24-d2373e2e4226.jpg\"  class=\"lazyload\" alt=\"Trotz grauer Wolken zieht der bunte Sommersend bereits am Er\u00f6ffnungstag viele Besucher an.\"\/><\/p>\n<p class=\"fp-gallery-carousel__images--caption\">Trotz grauer Wolken zieht der bunte Sommersend bereits am Er\u00f6ffnungstag viele Besucher an.<\/p>\n<p class=\"fp-gallery-carousel__images--source\">Foto: Oliver Werner<\/p>\n<p>            <img height=\"540\" width=\"960\" data-lazy=\"https:\/\/asc-images.forward-publishing.io\/2025\/07\/18\/194bd7ee-41d6-439f-8d0f-67098a502b6c.jpg?width=809&amp;auto=compress%2Cformat\" alt=\"Fahren wie die Gro\u00dfen - das kann man am besten beim Auto-Scooter auf dem Volksfest \u00fcben.\"\/><\/p>\n<p class=\"fp-gallery-carousel__images--caption\">Fahren wie die Gro\u00dfen &#8211; das kann man am besten beim Auto-Scooter auf dem Volksfest \u00fcben.<\/p>\n<p class=\"fp-gallery-carousel__images--source\">Foto: Oliver Werner<\/p>\n<p>            <img height=\"540\" width=\"960\" data-lazy=\"https:\/\/asc-images.forward-publishing.io\/2025\/07\/18\/5563cfb6-f878-4cb7-8dac-6c958952e267.jpg?width=809&amp;auto=compress%2Cformat\" alt=\"Wer gerne in alle Richtungen gedreht und gehoben wird, ist beim Fahrgesch\u00e4ft \u201eTake Off\u201c an der richtigen Adresse.\"\/><\/p>\n<p class=\"fp-gallery-carousel__images--caption\">Wer gerne in alle Richtungen gedreht und gehoben wird, ist beim Fahrgesch\u00e4ft \u201eTake Off\u201c an der richtigen Adresse.<\/p>\n<p class=\"fp-gallery-carousel__images--source\">Foto: Oliver Werner<\/p>\n<p>            <img height=\"540\" width=\"960\" data-lazy=\"https:\/\/asc-images.forward-publishing.io\/2025\/07\/18\/aabecfb5-35f4-4838-80a5-913368e8c9d5.jpg?width=809&amp;auto=compress%2Cformat\" alt=\"Am Donnerstag startete der Sommersend mit dem Familientag.\"\/><\/p>\n<p class=\"fp-gallery-carousel__images--caption\">Am Donnerstag startete der Sommersend mit dem Familientag.<\/p>\n<p class=\"fp-gallery-carousel__images--source\">Foto: Oliver Werner<\/p>\n<p>            <img height=\"540\" width=\"960\" data-lazy=\"https:\/\/asc-images.forward-publishing.io\/2025\/07\/18\/53c1b880-7599-496e-b589-0fb09bb64504.jpg?width=809&amp;auto=compress%2Cformat\" alt=\"\u201eGut festhalten! Jetzt kommt noch eine Runde - und zwar r\u00fcckw\u00e4rts!\u201c\"\/><\/p>\n<p class=\"fp-gallery-carousel__images--caption\">\u201eGut festhalten! Jetzt kommt noch eine Runde &#8211; und zwar r\u00fcckw\u00e4rts!\u201c<\/p>\n<p class=\"fp-gallery-carousel__images--source\">Foto: Oliver Werner<\/p>\n<p>            <img height=\"540\" width=\"960\" data-lazy=\"https:\/\/asc-images.forward-publishing.io\/2025\/07\/18\/e8ffc7a3-b595-467a-9123-d046cee47483.jpg?width=809&amp;auto=compress%2Cformat\" alt=\"Der Kinderzirkus bietet ein spannendes Programm, auch f\u00fcr die ganz kleinen Besucher.\"\/><\/p>\n<p class=\"fp-gallery-carousel__images--caption\">Der Kinderzirkus bietet ein spannendes Programm, auch f\u00fcr die ganz kleinen Besucher.<\/p>\n<p class=\"fp-gallery-carousel__images--source\">Foto: Oliver Werner<\/p>\n<p>            <img height=\"540\" width=\"960\" data-lazy=\"https:\/\/asc-images.forward-publishing.io\/2025\/07\/18\/1b62c7ff-043e-4345-8818-d0056d0202ec.jpg?width=809&amp;auto=compress%2Cformat\" alt=\"Akrobatik darf im Kinderzirkus nicht fehlen.\"\/><\/p>\n<p class=\"fp-gallery-carousel__images--caption\">Akrobatik darf im Kinderzirkus nicht fehlen.<\/p>\n<p class=\"fp-gallery-carousel__images--source\">Foto: Oliver Werner<\/p>\n<p>            <img height=\"540\" width=\"960\" data-lazy=\"https:\/\/asc-images.forward-publishing.io\/2025\/07\/18\/7c829ffd-2245-4a1c-9c72-6b7e3adfa8b9.jpg?width=809&amp;auto=compress%2Cformat\" alt=\"Die klassische Losbude wirbt mit gro\u00dfen Gewinnen, vom Pl\u00fcschtier bis zum Motorcross-Rad.\"\/><\/p>\n<p class=\"fp-gallery-carousel__images--caption\">Die klassische Losbude wirbt mit gro\u00dfen Gewinnen, vom Pl\u00fcschtier bis zum Motorcross-Rad.<\/p>\n<p class=\"fp-gallery-carousel__images--source\">Foto: Oliver Werner<\/p>\n<p>            <img height=\"540\" width=\"960\" data-lazy=\"https:\/\/asc-images.forward-publishing.io\/2025\/07\/18\/9f63aeeb-868c-42c2-ac9c-e38fa2528dae.jpg?width=809&amp;auto=compress%2Cformat\" alt=\"Auch Superhelden sind auf dem Send vertreten.\"\/><\/p>\n<p class=\"fp-gallery-carousel__images--caption\">Auch Superhelden sind auf dem Send vertreten.<\/p>\n<p class=\"fp-gallery-carousel__images--source\">Foto: Oliver Werner<\/p>\n<p>            <img height=\"540\" width=\"960\" data-lazy=\"https:\/\/asc-images.forward-publishing.io\/2025\/07\/18\/35ddd4e6-8b88-4c96-a24e-1c0fa1dc8a83.jpg?width=809&amp;auto=compress%2Cformat\" alt=\"Das solarbetriebene Riesenrad bietet eine entspannte Fahrt in die H\u00f6he und damit einen Blick \u00fcber die gesamte Kirmes.\"\/><\/p>\n<p class=\"fp-gallery-carousel__images--caption\">Das solarbetriebene Riesenrad bietet eine entspannte Fahrt in die H\u00f6he und damit einen Blick \u00fcber die gesamte Kirmes.<\/p>\n<p class=\"fp-gallery-carousel__images--source\">Foto: Oliver Werner<\/p>\n<p>            <img height=\"540\" width=\"960\" data-lazy=\"https:\/\/asc-images.forward-publishing.io\/2025\/07\/18\/ddf8f634-5493-420c-a316-1ea928928ce6.jpg?width=809&amp;auto=compress%2Cformat\" alt=\"Ob jung oder alt ist ganz egal - die Fahrgesch\u00e4fte auf dem Send werden von allen Generationen gerne genutzt.\"\/><\/p>\n<p class=\"fp-gallery-carousel__images--caption\">Ob jung oder alt ist ganz egal &#8211; die Fahrgesch\u00e4fte auf dem Send werden von allen Generationen gerne genutzt.<\/p>\n<p class=\"fp-gallery-carousel__images--source\">Foto: Oliver Werner<\/p>\n<p>            <img height=\"540\" width=\"960\" data-lazy=\"https:\/\/asc-images.forward-publishing.io\/2025\/07\/18\/b66dc9f0-5c63-40d2-8667-8160676d345e.jpg?width=809&amp;auto=compress%2Cformat\" alt=\"Verkehrschaos ist beim Auto-Scooter unvermeidbar.\"\/><\/p>\n<p class=\"fp-gallery-carousel__images--caption\">Verkehrschaos ist beim Auto-Scooter unvermeidbar.<\/p>\n<p class=\"fp-gallery-carousel__images--source\">Foto: Oliver Werner<\/p>\n<p>            <img height=\"540\" width=\"960\" data-lazy=\"https:\/\/asc-images.forward-publishing.io\/2025\/07\/18\/e325a671-872f-4177-b340-39de839bef0a.jpg?width=809&amp;auto=compress%2Cformat\" alt=\"Klassiker wie der \u201eBreak Dancer\u201c sind auch wieder auf der Kirmes dabei.\"\/><\/p>\n<p class=\"fp-gallery-carousel__images--caption\">Klassiker wie der \u201eBreak Dancer\u201c sind auch wieder auf der Kirmes dabei.<\/p>\n<p class=\"fp-gallery-carousel__images--source\">Foto: Oliver Werner<\/p>\n<p>            <img loading=\"lazy\" decoding=\"async\" height=\"540\" width=\"960\" data- src=\"https:\/\/www.europesays.com\/de\/wp-content\/uploads\/2025\/08\/1b9b550e-960e-47b5-8ada-f28ecf034798.jpg\"  class=\"lazyload\" alt=\"Mit etwas Gl\u00fcck und Geschick kann man auf dem Send gro\u00dfe Preise gewinnen.\"\/><\/p>\n<p class=\"fp-gallery-carousel__images--caption\">Mit etwas Gl\u00fcck und Geschick kann man auf dem Send gro\u00dfe Preise gewinnen.<\/p>\n<p class=\"fp-gallery-carousel__images--source\">Foto: Oliver Werner<\/p>\n<p>Weihnachtsm\u00e4rkte<\/p>\n<p class=\"fp-paragraph\">Erleuchtete Innenstadt: Sechs Weihnachtsm\u00e4rkte laden in M\u00fcnster traditionell zum Weihnachtsbummel ein. Gl\u00fchwein, Kakao und Kinderpunsch w\u00e4rmen auch diesen Winter wieder die Besucherinnen und Besucher.<\/p>\n<ul class=\"fp-article-view-list fp-article-view-list__unordered\">\n<li class=\"fp-list-item\"><strong>Wann?<\/strong> ab 24. November<\/li>\n<li class=\"fp-list-item\"><strong>Wo?<\/strong> Innenstadt<\/li>\n<li class=\"fp-list-item\"><strong>Eintritt<\/strong>: frei<\/li>\n<li class=\"fp-list-item\"><strong>Weitere Infos<\/strong>: <a target=\"_blank\" rel=\"nofollow noopener\" href=\"https:\/\/www.stadt-muenster.de\/weihnachten\/startseite\">www.stadt-muenster.de<\/a><\/li>\n<\/ul>\n<p>Die Weihnachtsm\u00e4rkte in M\u00fcnster sind er\u00f6ffnet<\/p>\n<p>            <img loading=\"lazy\" decoding=\"async\" height=\"540\" width=\"960\" data- src=\"https:\/\/www.europesays.com\/de\/wp-content\/uploads\/2025\/08\/27e4d072-844c-4631-9d15-aec518afbb0e.jpeg\"  class=\"lazyload\" alt=\"Die Weihnachtsm\u00e4rkte in M\u00fcnster sind er\u00f6ffnet.\"\/><\/p>\n<p class=\"fp-gallery-carousel__images--caption\">Die Weihnachtsm\u00e4rkte in M\u00fcnster sind er\u00f6ffnet.<\/p>\n<p class=\"fp-gallery-carousel__images--source\">Foto: Oliver Werner<\/p>\n<p>            <img height=\"540\" width=\"960\" data-lazy=\"https:\/\/asc-images.forward-publishing.io\/2024\/11\/25\/d22f42b9-93bc-4375-ad33-f7f8f6254707.jpeg?width=809&amp;auto=compress%2Cformat\" alt=\"Die Weihnachtsm\u00e4rkte in M\u00fcnster sind er\u00f6ffnet.\"\/><\/p>\n<p class=\"fp-gallery-carousel__images--caption\">Die Weihnachtsm\u00e4rkte in M\u00fcnster sind er\u00f6ffnet.<\/p>\n<p class=\"fp-gallery-carousel__images--source\">Foto: Oliver Werner<\/p>\n<p>            <img height=\"540\" width=\"960\" data-lazy=\"https:\/\/asc-images.forward-publishing.io\/2024\/11\/25\/87796daa-e634-4b63-a10b-b569e07ada75.jpeg?width=809&amp;auto=compress%2Cformat\" alt=\"Die Weihnachtsm\u00e4rkte in M\u00fcnster sind er\u00f6ffnet.\"\/><\/p>\n<p class=\"fp-gallery-carousel__images--caption\">Die Weihnachtsm\u00e4rkte in M\u00fcnster sind er\u00f6ffnet.<\/p>\n<p class=\"fp-gallery-carousel__images--source\">Foto: Oliver Werner<\/p>\n<p>            <img height=\"540\" width=\"960\" data-lazy=\"https:\/\/asc-images.forward-publishing.io\/2024\/11\/25\/1d8b08af-0e46-44ca-ab98-8ae4954d51c4.jpeg?width=809&amp;auto=compress%2Cformat\" alt=\"Die Weihnachtsm\u00e4rkte in M\u00fcnster sind er\u00f6ffnet.\"\/><\/p>\n<p class=\"fp-gallery-carousel__images--caption\">Die Weihnachtsm\u00e4rkte in M\u00fcnster sind er\u00f6ffnet.<\/p>\n<p class=\"fp-gallery-carousel__images--source\">Foto: Oliver Werner<\/p>\n<p>            <img height=\"540\" width=\"960\" data-lazy=\"https:\/\/asc-images.forward-publishing.io\/2024\/11\/25\/667da176-e403-47dd-8a88-238afad9ea7a.jpeg?width=809&amp;auto=compress%2Cformat\" alt=\"Die Weihnachtsm\u00e4rkte in M\u00fcnster sind er\u00f6ffnet.\"\/><\/p>\n<p class=\"fp-gallery-carousel__images--caption\">Die Weihnachtsm\u00e4rkte in M\u00fcnster sind er\u00f6ffnet.<\/p>\n<p class=\"fp-gallery-carousel__images--source\">Foto: Oliver Werner<\/p>\n<p>            <img height=\"540\" width=\"960\" data-lazy=\"https:\/\/asc-images.forward-publishing.io\/2024\/11\/25\/ec090ecf-44ee-43d5-b383-4ea8866471fc.jpeg?width=809&amp;auto=compress%2Cformat\" alt=\"Am Montag, 25. November, haben die sechs Weihnachtsm\u00e4rkte in M\u00fcnster ihre St\u00e4nde ge\u00f6ffnet.\"\/><\/p>\n<p class=\"fp-gallery-carousel__images--caption\">Am Montag, 25. November, haben die sechs Weihnachtsm\u00e4rkte in M\u00fcnster ihre St\u00e4nde ge\u00f6ffnet.<\/p>\n<p class=\"fp-gallery-carousel__images--source\">Foto: Oliver Werner<\/p>\n<p>            <img height=\"540\" width=\"960\" data-lazy=\"https:\/\/asc-images.forward-publishing.io\/2024\/11\/25\/3ddfb22f-80a6-491b-a0c0-aa00f92096dd.jpeg?width=809&amp;auto=compress%2Cformat\" alt=\"Der X-MS Weihnachtsmarkt auf dem Harsewinkelplatz, der Weihnachtsmarkt rund um das Rathaus, der Lichtermarkt St. Lamberti, das Weihnachtsdorf am Kiepenkerl, der Giebelh\u00fc\u00fcskesmarkt vor der \u00dcberwasserkirche und der Aegidii-Weihnachtsmarkt laden zum Adventsbummel ein.\"\/><\/p>\n<p class=\"fp-gallery-carousel__images--caption\">Der X-MS Weihnachtsmarkt auf dem Harsewinkelplatz, der Weihnachtsmarkt rund um das Rathaus, der Lichtermarkt St. Lamberti, das Weihnachtsdorf am Kiepenkerl, der Giebelh\u00fc\u00fcskesmarkt vor der \u00dcberwasserkirche und der Aegidii-Weihnachtsmarkt laden zum Adventsbummel ein.<\/p>\n<p class=\"fp-gallery-carousel__images--source\">Foto: Oliver Werner<\/p>\n<p>            <img height=\"540\" width=\"960\" data-lazy=\"https:\/\/asc-images.forward-publishing.io\/2024\/11\/25\/28c8c58c-817b-4ee7-85c7-92c4979f2759.jpeg?width=809&amp;auto=compress%2Cformat\" alt=\"Auf dem \u00e4ltesten und gr\u00f6\u00dften Weihnachtsmarkt M\u00fcnsters rund um das Rathaus \u00f6ffnen in diesem Jahr f\u00fcnf Pop-up-H\u00fctten mit wechselndem Kunsthandwerk.\"\/><\/p>\n<p class=\"fp-gallery-carousel__images--caption\">Auf dem \u00e4ltesten und gr\u00f6\u00dften Weihnachtsmarkt M\u00fcnsters rund um das Rathaus \u00f6ffnen in diesem Jahr f\u00fcnf Pop-up-H\u00fctten mit wechselndem Kunsthandwerk.<\/p>\n<p class=\"fp-gallery-carousel__images--source\">Foto: Oliver Werner<\/p>\n<p>            <img height=\"540\" width=\"960\" data-lazy=\"https:\/\/asc-images.forward-publishing.io\/2024\/11\/25\/d077ebdd-0a22-44e1-a5f5-54a420b0b65b.jpeg?width=809&amp;auto=compress%2Cformat\" alt=\"W\u00e4hrend der Weihnachtsm\u00e4rkte stellt die Stadt M\u00fcnster zahlreiche Sperren gegen unberechtigte Zufahrten in die Altstadt auf.\"\/><\/p>\n<p class=\"fp-gallery-carousel__images--caption\">W\u00e4hrend der Weihnachtsm\u00e4rkte stellt die Stadt M\u00fcnster zahlreiche Sperren gegen unberechtigte Zufahrten in die Altstadt auf.<\/p>\n<p class=\"fp-gallery-carousel__images--source\">Foto: Oliver Werner<\/p>\n<p>            <img height=\"540\" width=\"960\" data-lazy=\"https:\/\/asc-images.forward-publishing.io\/2024\/11\/25\/28411fec-e52a-452a-b55b-e50ff3fb9b87.jpeg?width=809&amp;auto=compress%2Cformat\" alt=\"Gesperrt werden unter anderem die Zufahrten in die Salzstra\u00dfe auf H\u00f6he Klosterstra\u00dfe, in die Ludgeristra\u00dfe auf H\u00f6he Verspoel und zum Drubbel. Die Sperrungen werden zu Beginn der M\u00e4rkte um 11 Uhr eingerichtet und abends zum Ende der M\u00e4rkte wieder aufgehoben. Auf den Weihnachtsm\u00e4rkten wird zudem der Kommunale Ordnungsdienst (KOD) der Stadt verst\u00e4rkt Pr\u00e4senz zeigen.\"\/><\/p>\n<p class=\"fp-gallery-carousel__images--caption\">Gesperrt werden unter anderem die Zufahrten in die Salzstra\u00dfe auf H\u00f6he Klosterstra\u00dfe, in die Ludgeristra\u00dfe auf H\u00f6he Verspoel und zum Drubbel. Die Sperrungen werden zu Beginn der M\u00e4rkte um 11 Uhr eingerichtet und abends zum Ende der M\u00e4rkte wieder aufgehoben. Auf den Weihnachtsm\u00e4rkten wird zudem der Kommunale Ordnungsdienst (KOD) der Stadt verst\u00e4rkt Pr\u00e4senz zeigen.<\/p>\n<p class=\"fp-gallery-carousel__images--source\">Foto: Oliver Werner<\/p>\n<p>            <img height=\"540\" width=\"960\" data-lazy=\"https:\/\/asc-images.forward-publishing.io\/2024\/11\/25\/618e1afa-1fb1-4b79-8100-f3891ac408d3.jpeg?width=809&amp;auto=compress%2Cformat\" alt=\"Die St\u00e4nde sind wie in jedem Jahr vielf\u00e4ltig. Ute Liedtke verkauft beispielsweise Blechschilder.\"\/><\/p>\n<p class=\"fp-gallery-carousel__images--caption\">Die St\u00e4nde sind wie in jedem Jahr vielf\u00e4ltig. Ute Liedtke verkauft beispielsweise Blechschilder.<\/p>\n<p class=\"fp-gallery-carousel__images--source\">Foto: Pjer Biederst\u00e4dt<\/p>\n<p>            <img height=\"540\" width=\"960\" data-lazy=\"https:\/\/asc-images.forward-publishing.io\/2024\/11\/25\/394ee56e-a70e-40bb-b3dd-a50de7326d55.jpeg?width=809&amp;auto=compress%2Cformat\" alt=\"Am Sonntag, 8. Dezember, l\u00e4dt M\u00fcnster Marketing in Kooperation mit der \u201eInitiative Starke Innenstadt\u201c (ISI) und dem Messe- und Congress-Centrum Halle M\u00fcnsterland zum Adventssingen auf den Domplatz ein. Um 16.30 Uhr treffen sich alle, die gerne Weihnachtslieder singen, und bilden einen vielstimmigen Chor. Von einer B\u00fchne aus begleitet der \u201eVater des Rudelsingens\u201c, David Rauterberg, die S\u00e4ngerinnen und S\u00e4nger. Der Eintritt ist frei. Wer lieber Musik h\u00f6rt, als selbst zu singen, ist bei Konzerten an den Adventssamstagen willkommen. Dann spielen am Nachmittag Blechbl\u00e4serensembles vom Sentenzbogen des Historischen Rathauses.\"\/><\/p>\n<p class=\"fp-gallery-carousel__images--caption\">Am Sonntag, 8. Dezember, l\u00e4dt M\u00fcnster Marketing in Kooperation mit der \u201eInitiative Starke Innenstadt\u201c (ISI) und dem Messe- und Congress-Centrum Halle M\u00fcnsterland zum Adventssingen auf den Domplatz ein. Um 16.30 Uhr treffen sich alle, die gerne Weihnachtslieder singen, und bilden einen vielstimmigen Chor. Von einer B\u00fchne aus begleitet der \u201eVater des Rudelsingens\u201c, David Rauterberg, die S\u00e4ngerinnen und S\u00e4nger. Der Eintritt ist frei. Wer lieber Musik h\u00f6rt, als selbst zu singen, ist bei Konzerten an den Adventssamstagen willkommen. Dann spielen am Nachmittag Blechbl\u00e4serensembles vom Sentenzbogen des Historischen Rathauses.<\/p>\n<p class=\"fp-gallery-carousel__images--source\">Foto: Oliver Werner<\/p>\n<p>            <img height=\"540\" width=\"960\" data-lazy=\"https:\/\/asc-images.forward-publishing.io\/2024\/11\/25\/b50960eb-e587-4518-95c4-2d20df2fd0dd.jpeg?width=809&amp;auto=compress%2Cformat\" alt=\"Passendes Outfit: Dieser Weihnachtsmarkt-Enthusiast macht quasi eine Deutschland-Weihnachtsmarkt-Tour. Nach Essen stand nun M\u00fcnster auf seinem Programm.\"\/><\/p>\n<p class=\"fp-gallery-carousel__images--caption\">Passendes Outfit: Dieser Weihnachtsmarkt-Enthusiast macht quasi eine Deutschland-Weihnachtsmarkt-Tour. Nach Essen stand nun M\u00fcnster auf seinem Programm.<\/p>\n<p class=\"fp-gallery-carousel__images--source\">Foto: Pjer Biederst\u00e4dt<\/p>\n<p>            <img height=\"540\" width=\"960\" data-lazy=\"https:\/\/asc-images.forward-publishing.io\/2024\/11\/25\/c2aeb49b-00a5-4ca7-8e54-bdfbc8dbfc59.jpeg?width=809&amp;auto=compress%2Cformat\" alt=\"Der X-MS Weihnachtsmarkt, die Weihnachtsm\u00e4rkte rund um das Rathaus, an Kiepenkerl und Aegidiimarkt laden bis Montag, 23. Dezember, zum Bummel ein. Der Lichtermarkt St. Lamberti und der Giebelh\u00fc\u00fcskesmarkt an der \u00dcberwasserkirche schlie\u00dfen am Sonntag, 22. Dezember. Ge\u00f6ffnet sind alle Weihnachtsm\u00e4rkte sonntags bis donnerstags von 11 bis 20 Uhr sowie freitags und samstags von 11 bis 21 Uhr.\"\/><\/p>\n<p class=\"fp-gallery-carousel__images--caption\">Der X-MS Weihnachtsmarkt, die Weihnachtsm\u00e4rkte rund um das Rathaus, an Kiepenkerl und Aegidiimarkt laden bis Montag, 23. Dezember, zum Bummel ein. Der Lichtermarkt St. Lamberti und der Giebelh\u00fc\u00fcskesmarkt an der \u00dcberwasserkirche schlie\u00dfen am Sonntag, 22. Dezember. Ge\u00f6ffnet sind alle Weihnachtsm\u00e4rkte sonntags bis donnerstags von 11 bis 20 Uhr sowie freitags und samstags von 11 bis 21 Uhr.<\/p>\n<p class=\"fp-gallery-carousel__images--source\">Foto: Oliver Werner<\/p>\n<p>            <img height=\"540\" width=\"960\" data-lazy=\"https:\/\/asc-images.forward-publishing.io\/2024\/11\/25\/46c22f69-0e7c-400e-915d-5ba9d530122f.jpeg?width=809&amp;auto=compress%2Cformat\" alt=\"Weihnachtsm\u00e4rkte\"\/><\/p>\n<p class=\"fp-gallery-carousel__images--caption\">Weihnachtsm\u00e4rkte<\/p>\n<p class=\"fp-gallery-carousel__images--source\">Foto: Oliver Werner<\/p>\n<p>            <img height=\"540\" width=\"960\" data-lazy=\"https:\/\/asc-images.forward-publishing.io\/2024\/11\/25\/57801130-9e51-4d8e-aff8-efc784fe6fdb.jpeg?width=809&amp;auto=compress%2Cformat\" alt=\"Weihnachtsm\u00e4rkte\"\/><\/p>\n<p class=\"fp-gallery-carousel__images--caption\">Weihnachtsm\u00e4rkte<\/p>\n<p class=\"fp-gallery-carousel__images--source\">Foto: Oliver Werner<\/p>\n<p>            <img height=\"540\" width=\"960\" data-lazy=\"https:\/\/asc-images.forward-publishing.io\/2024\/11\/25\/dc828890-8138-428e-8e55-1f8c267f7d30.jpeg?width=809&amp;auto=compress%2Cformat\" alt=\"Weihnachtsm\u00e4rkte\"\/><\/p>\n<p class=\"fp-gallery-carousel__images--caption\">Weihnachtsm\u00e4rkte<\/p>\n<p class=\"fp-gallery-carousel__images--source\">Foto: Oliver Werner<\/p>\n<p>            <img height=\"540\" width=\"960\" data-lazy=\"https:\/\/asc-images.forward-publishing.io\/2024\/11\/25\/a0493880-2177-4feb-acb8-027f348cb381.jpeg?width=809&amp;auto=compress%2Cformat\" alt=\"Weihnachtsm\u00e4rkte\"\/><\/p>\n<p class=\"fp-gallery-carousel__images--caption\">Weihnachtsm\u00e4rkte<\/p>\n<p class=\"fp-gallery-carousel__images--source\">Foto: Oliver Werner<\/p>\n<p>            <img height=\"540\" width=\"960\" data-lazy=\"https:\/\/asc-images.forward-publishing.io\/2024\/11\/25\/3238a65a-e060-4d56-b8a9-a3ea7e2500d9.jpeg?width=809&amp;auto=compress%2Cformat\" alt=\"Weihnachtsm\u00e4rkte\"\/><\/p>\n<p class=\"fp-gallery-carousel__images--caption\">Weihnachtsm\u00e4rkte<\/p>\n<p class=\"fp-gallery-carousel__images--source\">Foto: Oliver Werner<\/p>\n<p>            <img height=\"540\" width=\"960\" data-lazy=\"https:\/\/asc-images.forward-publishing.io\/2024\/11\/25\/9daeb1ff-9660-4ecc-b125-fa7d1cda17b0.jpeg?width=809&amp;auto=compress%2Cformat\" alt=\"Weihnachtsm\u00e4rkte\"\/><\/p>\n<p class=\"fp-gallery-carousel__images--caption\">Weihnachtsm\u00e4rkte<\/p>\n<p class=\"fp-gallery-carousel__images--source\">Foto: Oliver Werner<\/p>\n<p>            <img height=\"540\" width=\"960\" data-lazy=\"https:\/\/asc-images.forward-publishing.io\/2024\/11\/25\/e3dc1485-83ba-4af6-a3bf-339055f0deb6.jpeg?width=809&amp;auto=compress%2Cformat\" alt=\"Weihnachtsm\u00e4rkte\"\/><\/p>\n<p class=\"fp-gallery-carousel__images--caption\">Weihnachtsm\u00e4rkte<\/p>\n<p class=\"fp-gallery-carousel__images--source\">Foto: Oliver Werner<\/p>\n<p>            <img height=\"540\" width=\"960\" data-lazy=\"https:\/\/asc-images.forward-publishing.io\/2024\/11\/25\/b7785e62-3ce1-4679-b16c-2f523f541132.jpeg?width=809&amp;auto=compress%2Cformat\" alt=\"Weihnachtsm\u00e4rkte\"\/><\/p>\n<p class=\"fp-gallery-carousel__images--caption\">Weihnachtsm\u00e4rkte<\/p>\n<p class=\"fp-gallery-carousel__images--source\">Foto: Oliver Werner<\/p>\n<p>            <img height=\"540\" width=\"960\" data-lazy=\"https:\/\/asc-images.forward-publishing.io\/2024\/11\/25\/677357dd-a925-4cf8-a1e1-4916a56506a8.jpeg?width=809&amp;auto=compress%2Cformat\" alt=\"Weihnachtsm\u00e4rkte\"\/><\/p>\n<p class=\"fp-gallery-carousel__images--caption\">Weihnachtsm\u00e4rkte<\/p>\n<p class=\"fp-gallery-carousel__images--source\">Foto: Oliver Werner<\/p>\n<p>            <img height=\"540\" width=\"960\" data-lazy=\"https:\/\/asc-images.forward-publishing.io\/2024\/11\/25\/e68d3b3c-01f6-45af-8129-32d82b7aac11.jpeg?width=809&amp;auto=compress%2Cformat\" alt=\"Weihnachtsm\u00e4rkte\"\/><\/p>\n<p class=\"fp-gallery-carousel__images--caption\">Weihnachtsm\u00e4rkte<\/p>\n<p class=\"fp-gallery-carousel__images--source\">Foto: Oliver Werner<\/p>\n<p>            <img height=\"540\" width=\"960\" data-lazy=\"https:\/\/asc-images.forward-publishing.io\/2024\/11\/25\/9dae65c8-f8c8-4e7b-8dea-46fa9da1abd0.jpeg?width=809&amp;auto=compress%2Cformat\" alt=\"Weihnachtsm\u00e4rkte\"\/><\/p>\n<p class=\"fp-gallery-carousel__images--caption\">Weihnachtsm\u00e4rkte<\/p>\n<p class=\"fp-gallery-carousel__images--source\">Foto: Oliver Werner<\/p>\n<p>            <img height=\"540\" width=\"960\" data-lazy=\"https:\/\/asc-images.forward-publishing.io\/2024\/11\/25\/b3dbf9f6-beaa-47ee-94f2-ead8e94913a6.jpeg?width=809&amp;auto=compress%2Cformat\" alt=\"Weihnachtsm\u00e4rkte\"\/><\/p>\n<p class=\"fp-gallery-carousel__images--caption\">Weihnachtsm\u00e4rkte<\/p>\n<p class=\"fp-gallery-carousel__images--source\">Foto: Oliver Werner<\/p>\n<p>            <img height=\"540\" width=\"960\" data-lazy=\"https:\/\/asc-images.forward-publishing.io\/2024\/11\/25\/0b17984f-6b95-41da-8b1a-7e0ad132f792.jpeg?width=809&amp;auto=compress%2Cformat\" alt=\"Weihnachtsm\u00e4rkte\"\/><\/p>\n<p class=\"fp-gallery-carousel__images--caption\">Weihnachtsm\u00e4rkte<\/p>\n<p class=\"fp-gallery-carousel__images--source\">Foto: Oliver Werner<\/p>\n<p>            <img height=\"540\" width=\"960\" data-lazy=\"https:\/\/asc-images.forward-publishing.io\/2024\/11\/25\/f8000f6e-d7f5-44b0-ad87-8983c22178ec.jpeg?width=809&amp;auto=compress%2Cformat\" alt=\"Weihnachtsm\u00e4rkte\"\/><\/p>\n<p class=\"fp-gallery-carousel__images--caption\">Weihnachtsm\u00e4rkte<\/p>\n<p class=\"fp-gallery-carousel__images--source\">Foto: Oliver Werner<\/p>\n<p>            <img height=\"540\" width=\"960\" data-lazy=\"https:\/\/asc-images.forward-publishing.io\/2024\/11\/25\/d850f452-d430-46b4-b83b-516588f8f9a9.jpeg?width=809&amp;auto=compress%2Cformat\" alt=\"Weihnachtsm\u00e4rkte\"\/><\/p>\n<p class=\"fp-gallery-carousel__images--caption\">Weihnachtsm\u00e4rkte<\/p>\n<p class=\"fp-gallery-carousel__images--source\">Foto: Oliver Werner<\/p>\n<p>            <img height=\"540\" width=\"960\" data-lazy=\"https:\/\/asc-images.forward-publishing.io\/2024\/11\/25\/0859bb4c-70f9-470e-a768-adba6d2e6ab0.jpeg?width=809&amp;auto=compress%2Cformat\" alt=\"Weihnachtsm\u00e4rkte\"\/><\/p>\n<p class=\"fp-gallery-carousel__images--caption\">Weihnachtsm\u00e4rkte<\/p>\n<p class=\"fp-gallery-carousel__images--source\">Foto: Oliver Werner<\/p>\n<p>            <img height=\"540\" width=\"960\" data-lazy=\"https:\/\/asc-images.forward-publishing.io\/2024\/11\/25\/8c34215f-5c6c-4627-b3b7-ed29c5748f53.jpeg?width=809&amp;auto=compress%2Cformat\" alt=\"Weihnachtsm\u00e4rkte\"\/><\/p>\n<p class=\"fp-gallery-carousel__images--caption\">Weihnachtsm\u00e4rkte<\/p>\n<p class=\"fp-gallery-carousel__images--source\">Foto: Oliver Werner<\/p>\n<p>            <img loading=\"lazy\" decoding=\"async\" height=\"540\" width=\"960\" data- src=\"https:\/\/www.europesays.com\/de\/wp-content\/uploads\/2025\/08\/bbe2d06e-662b-4278-bedf-09e0e57b06e8.jpeg\"  class=\"lazyload\" alt=\"Weihnachtsm\u00e4rkte\"\/><\/p>\n<p class=\"fp-gallery-carousel__images--caption\">Weihnachtsm\u00e4rkte<\/p>\n<p class=\"fp-gallery-carousel__images--source\">Foto: Oliver Werner<\/p>\n<p>M\u00fcnster singt<\/p>\n<p class=\"fp-paragraph\">Passend zu den Weihnachtsm\u00e4rkten, die in der Stadt verteilt sind, findet erneut das Singevent statt, bei dem Weihnachtslieder die Innenstadt M\u00fcnsters mit Musik f\u00fcllen.<\/p>\n<ul class=\"fp-article-view-list fp-article-view-list__unordered\">\n<li class=\"fp-list-item\"><strong>Wann?<\/strong> 7. Dezember<\/li>\n<li class=\"fp-list-item\"><strong>Wo?<\/strong> auf dem Domplatz<\/li>\n<li class=\"fp-list-item\"><strong>Eintritt<\/strong>: frei<\/li>\n<li class=\"fp-list-item\"><strong>Weitere Infos<\/strong>: <a target=\"_blank\" rel=\"nofollow noopener\" href=\"https:\/\/www.muenster.de\/veranstaltungskalender\/scripts\/frontend\/tourismus\/top-veranstaltungen.php?guestID=101\">www.muenster.de<\/a><\/li>\n<\/ul>\n<p>2772398<\/p>\n<p>        <img decoding=\"async\" src=\"https:\/\/www.europesays.com\/de\/wp-content\/uploads\/2025\/08\/1756605567_440_28de53d0-d157-4487-93ee-50be9cccabe9.jpeg\" data- class=\"lazyload\" alt=\"Newsletter Picture\"\/><\/p>\n<p>Was in M\u00fcnster und Umgebung wichtig ist:<\/p>\n<p>        Der Tag in M\u00fcnster<\/p>\n<p class=\"fp-newsletter__opt-in-modul__description\">Wir begleiten Sie durch den Tag: Von Montag bis Freitag kommt dreimal t\u00e4glich das Neueste aus der M\u00fcnster-Region in Ihr Mailpostfach. Melden Sie sich jetzt an und erfahren Sie, was M\u00fcnster heute bewegt.<\/p>\n","protected":false},"excerpt":{"rendered":"Das Jahr neigt sich so langsam dem Ende zu. Nun hei\u00dft es: Blo\u00df nicht Tr\u00fcbsal blasen! In M\u00fcnster&hellip;\n","protected":false},"author":2,"featured_media":385522,"comment_status":"","ping_status":"","sticky":false,"template":"","format":"standard","meta":{"footnotes":""},"categories":[1843],"tags":[3364,29,30,8970,1209],"class_list":{"0":"post-385521","1":"post","2":"type-post","3":"status-publish","4":"format-standard","5":"has-post-thumbnail","7":"category-muenster","8":"tag-de","9":"tag-deutschland","10":"tag-germany","11":"tag-muenster","12":"tag-nordrhein-westfalen"},"share_on_mastodon":{"url":"https:\/\/pubeurope.com\/@de\/115120909161648140","error":""},"_links":{"self":[{"href":"https:\/\/www.europesays.com\/de\/wp-json\/wp\/v2\/posts\/385521","targetHints":{"allow":["GET"]}}],"collection":[{"href":"https:\/\/www.europesays.com\/de\/wp-json\/wp\/v2\/posts"}],"about":[{"href":"https:\/\/www.europesays.com\/de\/wp-json\/wp\/v2\/types\/post"}],"author":[{"embeddable":true,"href":"https:\/\/www.europesays.com\/de\/wp-json\/wp\/v2\/users\/2"}],"replies":[{"embeddable":true,"href":"https:\/\/www.europesays.com\/de\/wp-json\/wp\/v2\/comments?post=385521"}],"version-history":[{"count":0,"href":"https:\/\/www.europesays.com\/de\/wp-json\/wp\/v2\/posts\/385521\/revisions"}],"wp:featuredmedia":[{"embeddable":true,"href":"https:\/\/www.europesays.com\/de\/wp-json\/wp\/v2\/media\/385522"}],"wp:attachment":[{"href":"https:\/\/www.europesays.com\/de\/wp-json\/wp\/v2\/media?parent=385521"}],"wp:term":[{"taxonomy":"category","embeddable":true,"href":"https:\/\/www.europesays.com\/de\/wp-json\/wp\/v2\/categories?post=385521"},{"taxonomy":"post_tag","embeddable":true,"href":"https:\/\/www.europesays.com\/de\/wp-json\/wp\/v2\/tags?post=385521"}],"curies":[{"name":"wp","href":"https:\/\/api.w.org\/{rel}","templated":true}]}}