{"id":385714,"date":"2025-08-31T03:56:10","date_gmt":"2025-08-31T03:56:10","guid":{"rendered":"https:\/\/www.europesays.com\/de\/385714\/"},"modified":"2025-08-31T03:56:10","modified_gmt":"2025-08-31T03:56:10","slug":"leser-zeigen-knoellchenfallen-in-dortmund","status":"publish","type":"post","link":"https:\/\/www.europesays.com\/de\/385714\/","title":{"rendered":"Leser zeigen Kn\u00f6llchenfallen in Dortmund"},"content":{"rendered":"<p>\t\tKn\u00f6llchenfallen in Dortmund<br \/>\n\t\t\t\t\tLeser zeigen, wo Parken teuer werden kann &#8211; mit interaktiver Karte<\/p>\n<p>    <a href=\"https:\/\/www.ruhrnachrichten.de\/wp-content\/uploads\/2025\/08\/29\/14\/630_0900_4984141_Titelbild_Querformat_52_-1623x824.jpg\" rel=\"nofollow noopener\" target=\"_blank\"><\/p>\n<p>            <img loading=\"lazy\" decoding=\"async\" src=\"https:\/\/www.europesays.com\/de\/wp-content\/uploads\/2025\/08\/630_0900_4984140_Titelbild_Querformat_52_-640x428.jpg\" width=\"640\" height=\"428\"  alt=\"Kn\u00f6llchen in Dortmund: Ein Autofahrer h\u00e4lt ein rotes Verwarnungsformular in der Hand. Im Hintergrund eine zugeparkte Stra\u00dfe im Kreuzviertel, daneben ein teils \u00fcberklebtes Verkehrsschild mit Parksymbol.\"\/><\/p>\n<p>    <\/a><br \/>\n    Von Kreuzviertel bis H\u00f6rde: Unsere Leser berichten, wo Parken in Dortmund besonders riskant ist. Wir haben ihre Hinweise auf einer Karte gesammelt. \u00a9 dpa\/Menne, Montage: Redaktion<\/p>\n<p class=\"article__teaser-text\">Von Kreuzviertel bis H\u00f6rde: Unsere Leser berichten, wo Parken in Dortmund besonders riskant ist. Wir haben ihre Hinweise auf einer Karte gesammelt.<\/p>\n<p>2 Min Lesezeit<\/p>\n<p>Unsere Kn\u00f6llchenfallen-KarteDas berichten unsere Leser:<\/p>\n","protected":false},"excerpt":{"rendered":"Kn\u00f6llchenfallen in Dortmund Leser zeigen, wo Parken teuer werden kann &#8211; mit interaktiver Karte Von Kreuzviertel bis H\u00f6rde:&hellip;\n","protected":false},"author":2,"featured_media":385715,"comment_status":"","ping_status":"","sticky":false,"template":"","format":"standard","meta":{"footnotes":""},"categories":[1833],"tags":[3364,29,217,30,1209,103969,3587],"class_list":{"0":"post-385714","1":"post","2":"type-post","3":"status-publish","4":"format-standard","5":"has-post-thumbnail","7":"category-dortmund","8":"tag-de","9":"tag-deutschland","10":"tag-dortmund","11":"tag-germany","12":"tag-nordrhein-westfalen","13":"tag-parkaerger","14":"tag-verkehr-mobilitaet"},"share_on_mastodon":{"url":"","error":""},"_links":{"self":[{"href":"https:\/\/www.europesays.com\/de\/wp-json\/wp\/v2\/posts\/385714","targetHints":{"allow":["GET"]}}],"collection":[{"href":"https:\/\/www.europesays.com\/de\/wp-json\/wp\/v2\/posts"}],"about":[{"href":"https:\/\/www.europesays.com\/de\/wp-json\/wp\/v2\/types\/post"}],"author":[{"embeddable":true,"href":"https:\/\/www.europesays.com\/de\/wp-json\/wp\/v2\/users\/2"}],"replies":[{"embeddable":true,"href":"https:\/\/www.europesays.com\/de\/wp-json\/wp\/v2\/comments?post=385714"}],"version-history":[{"count":0,"href":"https:\/\/www.europesays.com\/de\/wp-json\/wp\/v2\/posts\/385714\/revisions"}],"wp:featuredmedia":[{"embeddable":true,"href":"https:\/\/www.europesays.com\/de\/wp-json\/wp\/v2\/media\/385715"}],"wp:attachment":[{"href":"https:\/\/www.europesays.com\/de\/wp-json\/wp\/v2\/media?parent=385714"}],"wp:term":[{"taxonomy":"category","embeddable":true,"href":"https:\/\/www.europesays.com\/de\/wp-json\/wp\/v2\/categories?post=385714"},{"taxonomy":"post_tag","embeddable":true,"href":"https:\/\/www.europesays.com\/de\/wp-json\/wp\/v2\/tags?post=385714"}],"curies":[{"name":"wp","href":"https:\/\/api.w.org\/{rel}","templated":true}]}}