{"id":385882,"date":"2025-08-31T05:37:11","date_gmt":"2025-08-31T05:37:11","guid":{"rendered":"https:\/\/www.europesays.com\/de\/385882\/"},"modified":"2025-08-31T05:37:11","modified_gmt":"2025-08-31T05:37:11","slug":"experte-klagt-an-die-wohnungsnot-in-berlin-hat-zwei-hauptschuldige","status":"publish","type":"post","link":"https:\/\/www.europesays.com\/de\/385882\/","title":{"rendered":"Experte klagt an: Die Wohnungsnot in Berlin hat zwei Hauptschuldige"},"content":{"rendered":"<p>Wer in Berlin keine Wohnung findet, leidet unter einer Krise mit Ansage: Die regierenden Parteien tragen seit Jahren Verantwortung und befeuern mit ideologischer Politik den Mangel weiter.<\/p>\n<p>Wer in Berlin eine Wohnung sucht, wei\u00df, dass es schwer ist. Sehr schwer. Kleine, heruntergekommene Wohnungen werden teilweise zu Mondpreisen angeboten. <a href=\"https:\/\/www.focus.de\/experts\/immobilien-berlin-plant-nur-noch-kleine-wohnungen-fuer-singles-die-werden-massiv-draufzahlen_id_230396970.html\" rel=\"follow nofollow noopener\" target=\"_self\">Besonders junge Menschen sind verzweifelt.<\/a> Bei Wohnungsbesichtigungen stehen manchmal Hunderte Menschen Schlange. Und nur wenige Mieter trauen sich auszuziehen, auch wenn sie eine neue Wohnung br\u00e4uchten, z.B. weil Kinder dazu gekommen sind. Aber sie wissen, dass es kaum m\u00f6glich sein wird, eine neue Wohnung zu finden \u2013 und wenn, dann nur zu sehr viel h\u00f6heren Mieten. Doch wer tr\u00e4gt die Schuld und was kann man dagegen tun?\u00a0<\/p>\n<p>ANZEIGEWer hat in Berlin in den letzten 20 Jahren regiert?<\/p>\n<p>LINKE, SPD und GR\u00dcNE geben Immobilienunternehmen die Schuld. Die LINKE wirbt mit aggressiven Spr\u00fcchen wie \u201eMiethaie zu Fischst\u00e4bchen\u201c (merke: bevor ein Hai zum Fischst\u00e4bchen wird, musst du ihn t\u00f6ten). Das Thema Wohnungsnot bringt vor allem der LINKEN immer mehr Stimmen. In der letzten Umfrage legten sie von sechs auf 19 Prozent zu und ist damit die st\u00e4rkte der linken Parteien in Berlin.<\/p>\n<p>ANZEIGE<\/p>\n<p>Man reibt sich die Augen. Wer hat denn in den vergangenen zwei Jahrzehnten in Berlin regiert? Die SPD nahezu ununterbrochen 20 Jahre! Auch die Linke hat die meiste Zeit mitregiert &#8211; in 12 von 20 Jahren. Niemand hat dem <a href=\"https:\/\/www.focus.de\/immobilien\/bauen\/nur-177-000-neue-wohnungen-in-2024-deutschland-reisst-wohnungsbau-ziele-krachend-experten-alarmiert_id_199485820.html\" rel=\"follow nofollow noopener\" target=\"_self\">Wohnungsbau<\/a> in Berlin so geschadet wie Katrin\u202fLompscher (LINKE), die vom Dezember\u202f 2016\u00a0\u202fbis August\u202f 2020 Senatorin f\u00fcr Stadtentwicklung und Wohnen in der rot-rot-gr\u00fcnen Landesregierung von Berlin war. Man hatte das Gef\u00fchl, dass sie sich t\u00e4glich nach dem Z\u00e4hneputzen direkt die Frage stellte: \u201eWas kann ich heute wieder tun, um Bautr\u00e4ger in meiner Stadt zu \u00e4rgern?\u201c\u00a0<\/p>\n<p>ANZEIGE<\/p>\n<p>Meistgelesene Artikel der WocheDa ruft nun der Dieb \u201eHaltet den Dieb\u201c.\u00a0<\/p>\n<p>Die linken Parteien tragen die Hauptschuld an der Wohnungsnot in Berlin:<\/p>\n<ul>\n<li>Sie haben in ihrer Regierungszeit zuerst mehr als 60.000 Wohnungen im \u00f6ffentlichen Besitz verkauft und wollen nun die K\u00e4ufer wieder enteignen. Und daf\u00fcr nicht einmal den Verkehrswert bezahlen. Was sie vorhaben, liegt also irgendwo zwischen Enteignung und Konfiskation.<\/li>\n<li>Sie haben einen <a href=\"https:\/\/www.focus.de\/immobilien\/mieten\/mietpreisbremse-gilt-weiter-berliner-mietendeckel-ist-verfassungswidrig-das-sind-die-auswirkungen-des-urteils_id_13192163.html\" rel=\"follow nofollow noopener\" target=\"_self\">\u201eMietendeckel\u201c<\/a> beschlossen, der gegen das Grundgesetz verstie\u00df, wie das Bundesverfassungsgericht feststellte. Mit diesem verfassungswidrigen \u201eMietendeckel\u201c und einer t\u00e4glichen Nadelstichpolitik haben sie Investoren und Bautr\u00e4ger aus Berlin vertrieben. Viele Bautr\u00e4ger sind gegangen und investieren lieber anderswo, zum Beispiel in Brandenburg, wo sogar die linken Parteien oft weniger ideologisch sind als in der Hauptstadt. Das ist eine entscheidende Ursache der Wohnungsnot. <\/li>\n<li>Die gleichen Parteien propagieren in Berlin \u00fcbrigens eine nicht oder nur wenig beschr\u00e4nkte Zuwanderung in die Sozialsysteme mit der Parole \u201eWir haben Platz\u201c. Wenn wenig gebaut wird, aber viele Menschen dazu kommen, wird der Wohnraum knapp und die Mieten steigen. Eigentlich nicht schwer, das zu verstehen.<\/li>\n<\/ul>\n<p>\u201ePl\u00f6tzlich Kommunist?\u201c<\/p>\n<p>Die LINKE hat derzeit gute Chancen, in Berlin den n\u00e4chsten Regierenden B\u00fcrgermeister im Rahmen einer Rot-Rot-Gr\u00fcnen Koalition zu stellen &#8211; und zwar Ferat Ali Ko\u00e7ak<strong>. <\/strong>Ko\u00e7ak ist regelm\u00e4\u00dfiger Organisator von Anti-Israel-Demonstrationen und Marxist. Er wurde 2025 in den Bundestag gew\u00e4hlt und gewann direkt das Direktmandat im Wahlkreis Neuk\u00f6lln.\u00a0<\/p>\n<p>ANZEIGE<\/p>\n<p>ANZEIGE<\/p>\n<p>Die SPD versucht sich schon mal bei der LINKEN anzubiedern und hat ein \u201eVergesellschaftungsgesetz\u201c vorbereitet, das \u201eVergRG Berlin\u201c. Die linke taz berichtete \u00fcber Raed Saleh, seit 2011 Fraktionsvorsitzender der SPD in Berlin, der sich lautstark f\u00fcr die \u201eVergesellschaftung\u201c stark macht, mit der \u00dcberschrift: \u201ePl\u00f6tzlich Kommunist\u201c.\u00a0<\/p>\n<p>Der Gesetzentwurf der SPD umfasst 27 Seiten und soll den Volksentscheid aus dem ahr 2021 umsetzen. Damals hatten sich mehr als 56 Prozent der 1,8 Millionen teilnehmenden Berliner daf\u00fcr ausgesprochen, gro\u00dfe Wohnungskonzerne wie Deutsche Wohnen und Vonovia zu enteignen.\u00a0<\/p>\n<p>ANZEIGE<\/p>\n<p><a href=\"https:\/\/www.focus.de\/politik\/deutschland\/streit-um-joachim-gauck-die-linkspartei-hat-ihre-sed-vergangenheit-noch-lange-nicht-aufgearbeitet_id_4244747.html\" rel=\"follow nofollow noopener\" target=\"_self\">Die LINKE, die rechtsidentisch ist mit der SED<\/a>, hofft nun, wieder das umzusetzen, was schon in der DDR Grundlage der Wohnungspolitik war. Wohin hat die DDR-Philosophie \u201enur Staatswohnungen sind gute Wohnungen\u201c und \u201eMietendeckel\u201c in der Praxis gef\u00fchrt? Das wissen leider nur wenige Berliner!<\/p>\n<p>1989 wurden 65 Prozent aller DDR-Wohnungen (die 3,2 Millionen Nachkriegsbauten eingerechnet) mit Kohle\u00f6fen beheizt.<\/p>\n<p>ANZEIGE<\/p>\n<p>24 Prozent hatten keine Innentoilette.<\/p>\n<p>18 Prozent hatten kein Bad.<\/p>\n<p>40 Prozent der DDR-Mehrfamilienh\u00e4user galten als schwer gesch\u00e4digt, 11 Prozent waren g\u00e4nzlich unbewohnbar.<\/p>\n<p>200 Altstadtkerne in der DDR waren akut gef\u00e4hrdet.<\/p>\n<p>Mit 80 Milliarden Euro Steuergeldern musste der b\u00f6se kapitalistische Westen die heruntergekommenen Wohnungen in Ostdeutschland wieder bewohnbar machen und neuen Wohnraum schaffen. Mehr Fakten zum Thema finden Sie <a href=\"https:\/\/hubertus-knabe.de\/auferstanden-in-ruinen\/\" rel=\"nofollow noopener\" target=\"_blank\">hier<\/a>.<\/p>\n<p>ANZEIGE<\/p>\n<p>Die Immobilienunternehmen tragen leider eine Mitschuld, da sie zu wenig getan haben, dar\u00fcber aufzukl\u00e4ren. Sie h\u00e4tten das Geld, ganz Berlin mit Fotos der heruntergekommenen H\u00e4user aus der DDR zu plakatieren und diese Fakten dazu zu nennen. Waren sie sich daf\u00fcr zu fein und waren sie daf\u00fcr zu geizig?\u00a0<\/p>\n<p>Tatsache ist: LINKE stehen f\u00fcr Wohnungsnot. Gerade in Berlin. Sie haben eine unglaubliche Wohnungsnot zu verantworten, als sie unter dem Namen SED in der DDR regierten. Und sie haben die aktuelle Wohnungsnot in Berlin zu verantworten.\u00a0<\/p>\n","protected":false},"excerpt":{"rendered":"Wer in Berlin keine Wohnung findet, leidet unter einer Krise mit Ansage: Die regierenden Parteien tragen seit Jahren&hellip;\n","protected":false},"author":2,"featured_media":385883,"comment_status":"","ping_status":"","sticky":false,"template":"","format":"standard","meta":{"footnotes":""},"categories":[1825],"tags":[1941,1939,296,1937,29,30,1940,1938],"class_list":{"0":"post-385882","1":"post","2":"type-post","3":"status-publish","4":"format-standard","5":"has-post-thumbnail","7":"category-berlin","8":"tag-aktuelle-nachrichten-aus-berlin","9":"tag-aktuelle-news-aus-berlin","10":"tag-berlin","11":"tag-berlin-news","12":"tag-deutschland","13":"tag-germany","14":"tag-nachrichten-aus-berlin","15":"tag-news-aus-berlin"},"share_on_mastodon":{"url":"https:\/\/pubeurope.com\/@de\/115121766050014002","error":""},"_links":{"self":[{"href":"https:\/\/www.europesays.com\/de\/wp-json\/wp\/v2\/posts\/385882","targetHints":{"allow":["GET"]}}],"collection":[{"href":"https:\/\/www.europesays.com\/de\/wp-json\/wp\/v2\/posts"}],"about":[{"href":"https:\/\/www.europesays.com\/de\/wp-json\/wp\/v2\/types\/post"}],"author":[{"embeddable":true,"href":"https:\/\/www.europesays.com\/de\/wp-json\/wp\/v2\/users\/2"}],"replies":[{"embeddable":true,"href":"https:\/\/www.europesays.com\/de\/wp-json\/wp\/v2\/comments?post=385882"}],"version-history":[{"count":0,"href":"https:\/\/www.europesays.com\/de\/wp-json\/wp\/v2\/posts\/385882\/revisions"}],"wp:featuredmedia":[{"embeddable":true,"href":"https:\/\/www.europesays.com\/de\/wp-json\/wp\/v2\/media\/385883"}],"wp:attachment":[{"href":"https:\/\/www.europesays.com\/de\/wp-json\/wp\/v2\/media?parent=385882"}],"wp:term":[{"taxonomy":"category","embeddable":true,"href":"https:\/\/www.europesays.com\/de\/wp-json\/wp\/v2\/categories?post=385882"},{"taxonomy":"post_tag","embeddable":true,"href":"https:\/\/www.europesays.com\/de\/wp-json\/wp\/v2\/tags?post=385882"}],"curies":[{"name":"wp","href":"https:\/\/api.w.org\/{rel}","templated":true}]}}