{"id":386055,"date":"2025-08-31T08:10:17","date_gmt":"2025-08-31T08:10:17","guid":{"rendered":"https:\/\/www.europesays.com\/de\/386055\/"},"modified":"2025-08-31T08:10:17","modified_gmt":"2025-08-31T08:10:17","slug":"grossbrand-in-wiefels-halle-im-abfallwirtschaftszentrum-brennt-seit-mitternacht","status":"publish","type":"post","link":"https:\/\/www.europesays.com\/de\/386055\/","title":{"rendered":"Gro\u00dfbrand in Wiefels: Halle im Abfallwirtschaftszentrum brennt seit Mitternacht"},"content":{"rendered":"<p>In Wiefels brennt seit Mitternacht eine Halle im Abfallwirtschaftszentrum. Wegen des gro\u00dfen Feuers sind mehrere Feuerwehren im Einsatz. Die L\u00f6scharbeiten dauern an.<\/p>\n<p>Um diesen Artikel zu lesen, schlie\u00dfen Sie eines unserer Angebote ab oder loggen sich als Abonnent ein. Alle Inhalte auf NWZonline und in der NWZ-Nachrichten-App stehen Ihnen dann uneingeschr\u00e4nkt zur Verf\u00fcgung.<\/p>\n<p>    Wiefels &#8211;<br \/>\nGro\u00dfbrand in Wiefels: In der Nacht von Samstag auf Sonntag sind die Feuerwehren um Mitternacht in die Fuhlrieger Allee alarmiert worden. Auf dem Gel\u00e4nde des Abfallwirtschaftszentrums brannte eine Halle in voller Ausdehnung. Passanten hatten einen Feuerschein wahrgenommen und die Feuerwehr alarmiert.\n<\/p>\n<p>Aufgrund des Ausma\u00dfes des Feuers alarmierten die Einsatzleiter weitere Feuerwehren, sowie die Bereitschaft des DRK Jever nach. Das teilt die Feuerwehr Jever auf ihrer Facebook-Seite mit.<\/p>\n<p>Bereits zu Anfang des Einsatzes war den Rettungskr\u00e4ften klar, dass es sich im einen l\u00e4ngeren Einsatz handeln wird, da ein Sekund\u00e4rbrennstoff, sogenannter Fluff, in Brand geraten ist. <\/p>\n<p>                        <img decoding=\"async\" src=\"https:\/\/www.europesays.com\/de\/wp-content\/uploads\/2025\/08\/die-feuerwehr-wilhelmshaven-unterstuetzte-ebenfalls-in-wiefels-.webp.webp\" style=\"width:100%\" alt=\"Die Feuerwehr Wilhelmshaven unterst\u00fctzte ebenfalls in Wiefels.\"\/><\/p>\n<p>Die Feuerwehr Wilhelmshaven unterst\u00fctzte ebenfalls in Wiefels.<\/p>\n<p>    Feuerwehr Wilhelmshaven<\/p>\n<p>                        <img decoding=\"async\" src=\"https:\/\/www.europesays.com\/de\/wp-content\/uploads\/2025\/08\/auch-loeschroboter-kamen-zum-einsatz-.webp.webp\" style=\"width:100%\" alt=\"Auch L\u00f6schroboter kamen zum Einsatz.\"\/><\/p>\n<p>Auch L\u00f6schroboter kamen zum Einsatz.<\/p>\n<p>    Feuerwehr Hohenkirchen<\/p>\n<p>Im Laufe des Einsatzes wurden der L\u00f6schroboter \u201eWolf\u201c der Feuerwehr Vechta sowieso das \u201eTAF35\u201c der Feuerwehr Holdorf alarmiert und unterst\u00fctzen bei den L\u00f6scharbeiten. <\/p>\n<p>Am Sonntagmorgen wurden weitere Feuerwehren alarmiert, um die Einsatzkr\u00e4fte der Nacht abzul\u00f6sen. Bewohner werden aufgefordert, Fenster und T\u00fcren geschlossen zu halten.<\/p>\n<p>Lade Inhalt<\/p>\n<p>            Einwilligung und Werberichtlinie<\/p>\n<p>Ja, ich m\u00f6chte den Newsletter &#8222;Friesland kompakt &#8211; Ein schneller News-\u00dcberblick f\u00fcr Friesland&#8220; der <a href=\"https:\/\/nwzmedien.de\/datenschutz\/jca-werbeeinwilligung\" target=\"_blank\" rel=\"nofollow noopener\">Nordwest Mediengruppe<\/a> erhalten. Meine E-Mailadresse wird ausschlie\u00dflich f\u00fcr den Versand des Newsletters verwendet. Ich kann diese Einwilligung jederzeit widerrufen, indem ich mich vom Newsletter abmelde (Hinweise zur Abmeldung sind in jeder E-Mail enthalten). N\u00e4here Informationen zur Verarbeitung meiner Daten finde ich in der <a href=\"https:\/\/www.nwzmedien.de\/datenschutz\/newsletter\" target=\"_blank\" rel=\"nofollow noopener\">Datenschutzerkl\u00e4rung<\/a>, die ich zur Kenntnis genommen habe.<\/p>\n<p style=\"text-align: center;\">Schlie\u00dfen<\/p>\n<p>Einwilligung und Werberichtlinie<\/p>\n<p class=\"fs:14\">Ja, ich m\u00f6chte den Newsletter &#8222;Friesland kompakt &#8211; Ein schneller News-\u00dcberblick f\u00fcr Friesland&#8220; der <a href=\"https:\/\/nwzmedien.de\/datenschutz\/jca-werbeeinwilligung\" target=\"_blank\" rel=\"nofollow noopener\">Nordwest Mediengruppe<\/a> erhalten. Meine E-Mailadresse wird ausschlie\u00dflich f\u00fcr den Versand des Newsletters verwendet. Ich kann diese Einwilligung jederzeit widerrufen, indem ich mich vom Newsletter abmelde (Hinweise zur Abmeldung sind in jeder E-Mail enthalten). N\u00e4here Informationen zur Verarbeitung meiner Daten finde ich in der <a href=\"https:\/\/www.nwzmedien.de\/datenschutz\/newsletter\" target=\"_blank\" rel=\"nofollow noopener\">Datenschutzerkl\u00e4rung<\/a>, die ich zur Kenntnis genommen habe.<\/p>\n<p style=\"text-align: center;\"><a href=\"#\" class=\"legalinfo-link-close button dyn-margin dyn-padding fs:12 lh:1\/2 block text-uc text-white weight-medium dyn-width\" style=\"--margin-top: 1rem; background-color: #00963e;\">Schlie\u00dfen<\/a><\/p>\n<p>Nachbarschaftliche Hilfe leistete auch die Feuerwehr Wilhelmshaven am fr\u00fchen Sonntagmorgen, da bei dem Gro\u00dfbrand auf der M\u00fclldeponie erhebliche Mengen an Schaummittel ben\u00f6tigt wurden.<\/p>\n<p>Auf Anforderung der Einsatzleitung stellte die Feuerwehr Wilhelmshaven kurzfristig die erforderliche Menge an Schaummittel bereit und transportierte diese mit einem Logistikfahrzeug zur Einsatzstelle. Durch die schnelle und unb\u00fcrokratische Unterst\u00fctzung konnte die Brandbek\u00e4mpfung vor Ort wirkungsvoll unterst\u00fctzt werden, teilte die Stadt Wilhelmshaven mit.<\/p>\n<p>Im Einsatz waren alle Freiwilligen Feuerwehren aus dem Wangerland &#8211; Hohenkirchen, Hooksiel, Minsen, Neugarmssiel, Tettens, Wiarden, Waddewarden und Jever sowie Berdum (Landkreis Wittmund). Das THW half mit Radladern und Baggern.<\/p>\n<p>Nach bisherigem Angaben der Feuerwehr Hohenkirchen wurden drei Einsatzkr\u00e4fte bei den L\u00f6scharbeiten verletzt.<\/p>\n<p>Der Brand ist mittlerweile einged\u00e4mmt. Die Katwarnmeldung, Fenster und T\u00fcren geschlossen zu halten, ist wieder aufgehoben.<\/p>\n<p>Die Brandbek\u00e4mpfung dauert an. Der Artikel wird fortlaufend aktualisiert.<\/p>\n<p>        <img decoding=\"async\" class=\"profile\" src=\"&#10;    &#10;&#10;&#10;        &#10;&#10;&#10;&#10;&#10;&#10;                    &#10;            &#10;&#10;&#10;&#10;                https:\/\/imgneu.nwzonline.de\/image\/027d-170f2aae33f7-18009ffd4712-1000\/414,1-1,med,50,50,1_352_352_150_150_0.426477_0_0_0.426477_-0.9729_-22.23678\/image.webp&#10;&#10;\" alt=\"Cornelia L\u00fcers\"\/><\/p>\n<p>            <a href=\"https:\/\/www.nwzonline.de\/autor\/cornelia-lueers\/\" class=\"name text-black font-work-bold fs:20 ls:03\" rel=\"nofollow noopener\" target=\"_blank\">Cornelia L\u00fcers<\/a><br \/>\n        Gesamtredaktionsleitung,<br \/>\n        Jeversches Wochenblatt,<br \/>\n        Wilhelmshavener Zeitung<\/p>\n","protected":false},"excerpt":{"rendered":"In Wiefels brennt seit Mitternacht eine Halle im Abfallwirtschaftszentrum. Wegen des gro\u00dfen Feuers sind mehrere Feuerwehren im Einsatz.&hellip;\n","protected":false},"author":2,"featured_media":386056,"comment_status":"","ping_status":"","sticky":false,"template":"","format":"standard","meta":{"footnotes":""},"categories":[1860],"tags":[3364,29,548,663,3934,30,4062,17332,13,14,15,17331,860,12],"class_list":{"0":"post-386055","1":"post","2":"type-post","3":"status-publish","4":"format-standard","5":"has-post-thumbnail","7":"category-halle-saale","8":"tag-de","9":"tag-deutschland","10":"tag-eu","11":"tag-europa","12":"tag-europe","13":"tag-germany","14":"tag-halle","15":"tag-halle-saale","16":"tag-headlines","17":"tag-nachrichten","18":"tag-news","19":"tag-saale","20":"tag-sachsen-anhalt","21":"tag-schlagzeilen"},"share_on_mastodon":{"url":"https:\/\/pubeurope.com\/@de\/115122367733070312","error":""},"_links":{"self":[{"href":"https:\/\/www.europesays.com\/de\/wp-json\/wp\/v2\/posts\/386055","targetHints":{"allow":["GET"]}}],"collection":[{"href":"https:\/\/www.europesays.com\/de\/wp-json\/wp\/v2\/posts"}],"about":[{"href":"https:\/\/www.europesays.com\/de\/wp-json\/wp\/v2\/types\/post"}],"author":[{"embeddable":true,"href":"https:\/\/www.europesays.com\/de\/wp-json\/wp\/v2\/users\/2"}],"replies":[{"embeddable":true,"href":"https:\/\/www.europesays.com\/de\/wp-json\/wp\/v2\/comments?post=386055"}],"version-history":[{"count":0,"href":"https:\/\/www.europesays.com\/de\/wp-json\/wp\/v2\/posts\/386055\/revisions"}],"wp:featuredmedia":[{"embeddable":true,"href":"https:\/\/www.europesays.com\/de\/wp-json\/wp\/v2\/media\/386056"}],"wp:attachment":[{"href":"https:\/\/www.europesays.com\/de\/wp-json\/wp\/v2\/media?parent=386055"}],"wp:term":[{"taxonomy":"category","embeddable":true,"href":"https:\/\/www.europesays.com\/de\/wp-json\/wp\/v2\/categories?post=386055"},{"taxonomy":"post_tag","embeddable":true,"href":"https:\/\/www.europesays.com\/de\/wp-json\/wp\/v2\/tags?post=386055"}],"curies":[{"name":"wp","href":"https:\/\/api.w.org\/{rel}","templated":true}]}}