{"id":386270,"date":"2025-08-31T11:03:10","date_gmt":"2025-08-31T11:03:10","guid":{"rendered":"https:\/\/www.europesays.com\/de\/386270\/"},"modified":"2025-08-31T11:03:10","modified_gmt":"2025-08-31T11:03:10","slug":"niedersachsen-bremen-schwuler-vor-supermarkt-in-bremen-angegriffen","status":"publish","type":"post","link":"https:\/\/www.europesays.com\/de\/386270\/","title":{"rendered":"Niedersachsen &#038; Bremen: Schwuler vor Supermarkt in Bremen angegriffen"},"content":{"rendered":"<p>                    Niedersachsen &amp; Bremen<br \/>\n                Schwuler vor Supermarkt in Bremen angegriffen<\/p>\n<p>\t\t\t\t              31.08.2025, 12:58 Uhr<\/p>\n<p><strong>Ein 27-J\u00e4hriger ist mit seinem Partner unterwegs und wird aus einer Gruppe heraus angegriffen. Die T\u00e4ter fliehen, die Polizei sucht Zeugen.<\/strong><\/p>\n<p>Bremen (dpa\/lni) &#8211; Ein 27 Jahre alter Schwuler ist in Bremen aus einer Gruppe heraus angegriffen worden. Der Mann wurde leicht verletzt, wie die Polizei mitteilte. Demnach hatte der Mann mit seinem Partner am Samstagabend vor einem Supermarkt gestanden, als sich f\u00fcnf Personen n\u00e4herten. Ein Mann beleidigte den 27-J\u00e4hrigen mehrfach, dann bedr\u00e4ngte die Gruppe das Paar.\u00a0<\/p>\n<p>Als der 27-J\u00e4hrige ank\u00fcndigte, die Polizei zu rufen, attackierten ihn zwei aus der Gruppe. Sie traten gegen sein Bein und schlugen ihm gegen den Kopf, wie die Polizei weiter mitteilte. Anschlie\u00dfend flohen sie.\u00a0<\/p>\n<p>Eine sofort eingeleitete Fahndung blieb zun\u00e4chst erfolglos. Nach bisherigen Erkenntnissen geschah die Tat aufgrund der sexuellen Orientierung des 27-J\u00e4hrigen. Die Polizei hat die Ermittlungen aufgenommen und sucht Zeugen.<\/p>\n","protected":false},"excerpt":{"rendered":"Niedersachsen &amp; Bremen Schwuler vor Supermarkt in Bremen angegriffen 31.08.2025, 12:58 Uhr Ein 27-J\u00e4hriger ist mit seinem Partner&hellip;\n","protected":false},"author":2,"featured_media":386271,"comment_status":"","ping_status":"","sticky":false,"template":"","format":"standard","meta":{"footnotes":""},"categories":[1824],"tags":[2420,3364,29,30,1411,104025,925],"class_list":{"0":"post-386270","1":"post","2":"type-post","3":"status-publish","4":"format-standard","5":"has-post-thumbnail","7":"category-bremen","8":"tag-bremen","9":"tag-de","10":"tag-deutschland","11":"tag-germany","12":"tag-niedersachsen","13":"tag-schwuler","14":"tag-supermarkt"},"share_on_mastodon":{"url":"https:\/\/pubeurope.com\/@de\/115123047936217037","error":""},"_links":{"self":[{"href":"https:\/\/www.europesays.com\/de\/wp-json\/wp\/v2\/posts\/386270","targetHints":{"allow":["GET"]}}],"collection":[{"href":"https:\/\/www.europesays.com\/de\/wp-json\/wp\/v2\/posts"}],"about":[{"href":"https:\/\/www.europesays.com\/de\/wp-json\/wp\/v2\/types\/post"}],"author":[{"embeddable":true,"href":"https:\/\/www.europesays.com\/de\/wp-json\/wp\/v2\/users\/2"}],"replies":[{"embeddable":true,"href":"https:\/\/www.europesays.com\/de\/wp-json\/wp\/v2\/comments?post=386270"}],"version-history":[{"count":0,"href":"https:\/\/www.europesays.com\/de\/wp-json\/wp\/v2\/posts\/386270\/revisions"}],"wp:featuredmedia":[{"embeddable":true,"href":"https:\/\/www.europesays.com\/de\/wp-json\/wp\/v2\/media\/386271"}],"wp:attachment":[{"href":"https:\/\/www.europesays.com\/de\/wp-json\/wp\/v2\/media?parent=386270"}],"wp:term":[{"taxonomy":"category","embeddable":true,"href":"https:\/\/www.europesays.com\/de\/wp-json\/wp\/v2\/categories?post=386270"},{"taxonomy":"post_tag","embeddable":true,"href":"https:\/\/www.europesays.com\/de\/wp-json\/wp\/v2\/tags?post=386270"}],"curies":[{"name":"wp","href":"https:\/\/api.w.org\/{rel}","templated":true}]}}