{"id":386354,"date":"2025-08-31T12:14:23","date_gmt":"2025-08-31T12:14:23","guid":{"rendered":"https:\/\/www.europesays.com\/de\/386354\/"},"modified":"2025-08-31T12:14:23","modified_gmt":"2025-08-31T12:14:23","slug":"von-magnifest-bis-trendsporterlebnis-september-highlights-in-braunschweig","status":"publish","type":"post","link":"https:\/\/www.europesays.com\/de\/386354\/","title":{"rendered":"Von Magnifest bis trendsporterlebnis &#8211; September-Highlights in Braunschweig"},"content":{"rendered":"<p>Stra\u00dfenfestival im Magniviertel: Auch in diesem Jahr l\u00e4dt das Magnifest vom 5. bis zum 7. September mit buntem Musikprogramm, Streetfood und jeder Menge Unterhaltung f\u00fcr Kinder und Familien nach Braunschweig ein.  | Foto: Braunschweig Stadtmarketing GmbH \/ Daniel M\u00f6ller<\/p>\n<p class=\"datum\">31.08.2025, 14:00 Uhr<\/p>\n<p><strong>Braunschweig. In der Braunschweiger Innenstadt das stadtsommervergn\u00fcgen besuchen oder beim Tag der offenen T\u00fcr die Physikalisch-Technische Bundesanstalt kennenlernen: Im September erleben G\u00e4ste und Einheimische vielf\u00e4ltige Veranstaltungen in der L\u00f6wenstadt. Einen \u00dcberblick \u00fcber die Highlights gibt die Braunschweig Stadtmarketing GmbH in einer Pressemitteilung.<br \/><\/strong><br \/>\n <\/p>\n<p>Der September bringt noch einmal Festivalstimmung nach Braunschweig: G\u00e4ste und Einheimische erleben bei zahlreichen Veranstaltungen die letzten Sommertage unter freiem Himmel. Mit dem Magnifest vom 5. bis zum 7. September und der Zal\u00fc Summer Night am 13. September laden gleich zwei Stra\u00dfenfeste mit Musik, Foodtrucks und buntem Programm f\u00fcr Kinder und Familien in die Innenstadt ein. <\/p>\n<p>Attraktionen mitten in Braunschweig<\/p>\n<p>Von Twister-Karussell \u00fcber gebrannte Mandeln und Strietzel bis hin zur Fahrt im Riesenrad \u2013 vom 5. bis zum 13. September genie\u00dfen die Besucherinnen und Besucher beim stadtsommervergn\u00fcgen Jahrmarktsatmosph\u00e4re und -attraktionen mitten <a class=\"redlink\" href=\"https:\/\/regionalheute.de\/braunschweig\/\" rel=\"nofollow noopener\" target=\"_blank\">in Braunschweig<\/a>. Noch bis zum 10. September erf\u00fcllen Kl\u00e4nge der italienischen Oper \u201eLa traviata\u201c den Burgplatz bei den Auff\u00fchrungen des Burgplatz Open Airs und die Strandkonzerte in der Grinsekatz bieten noch bis zum 30. September einen entspannten Abendausklang.<\/p>\n<p><a href=\"https:\/\/cdn.regionalheute.de\/images\/2025\/8\/1000\/4f88bd7945e34c48b3f656b28ad70769.jpg\" target=\"_new\" rel=\"nofollow noopener\"><img decoding=\"async\" src=\"https:\/\/www.europesays.com\/de\/wp-content\/uploads\/2025\/08\/4f88bd7945e34c48b3f656b28ad70769.jpg\" loading=\"lazy\" alt=\"Mit dem Riesenrad hoch hinaus, leckere Strietzel essen oder mit dem Twister-Karussell fahren: Das stadtsommervergn\u00fcgen bringt vom 5. bis zum 13. September Jahrmarktattraktionen mitten in die Innenstadt. \"\/><\/a><br \/>Mit dem Riesenrad hoch hinaus, leckere Strietzel essen oder mit dem Twister-Karussell fahren: Das stadtsommervergn\u00fcgen bringt vom 5. bis zum 13. September Jahrmarktattraktionen mitten in die Innenstadt.  Foto: Braunschweig Stadtmarketing GmbH<\/p>\n<p>Von Konzerten \u00fcber Lesungen bis hin zu Theaterauff\u00fchrungen \u2013 auch auf den B\u00fchnen der Stadt ist im September einiges los: Bis zum 21. September spielt die Veranstaltungsreihe KulturImZelt noch im B\u00fcrgerpark. Auf eine musikalische Reise zu den Facetten der Liebe brechen die Mesdames Musicales am 16. September in der Dornse des Altstadtrathauses auf. Beim WEITBLICK-Festival vom 19. bis zum 28. September tauchen Theaterbegeisterte in die Welten des Figuren- und Objekttheaters ein.<\/p>\n<p><a href=\"https:\/\/cdn.regionalheute.de\/images\/2025\/8\/1000\/2be4664aa5de484384f2365395a33393.jpg\" target=\"_new\" rel=\"nofollow noopener\"><img decoding=\"async\" src=\"https:\/\/www.europesays.com\/de\/wp-content\/uploads\/2025\/08\/2be4664aa5de484384f2365395a33393.jpg\" loading=\"lazy\" alt=\"Beim WEITBLICK Festival vom 19. bis zum 28. September tauchen die Besucherinnen und Besucher bei unterschiedlichen Performances in die Welt des Figuren- und Objekttheaters ein und erleben Tanz und Installationen. \"\/><\/a><br \/>Beim WEITBLICK Festival vom 19. bis zum 28. September tauchen die Besucherinnen und Besucher bei unterschiedlichen Performances in die Welt des Figuren- und Objekttheaters ein und erleben Tanz und Installationen.  Foto: Kostiantyn Antonenko<\/p>\n<p>Schultheatergruppen aus ganz Deutschland pr\u00e4sentieren beim Bundeswettbewerb Schultheater der L\u00e4nder ab dem 27. September ihre Produktionen auf der B\u00fchne des Gro\u00dfen und Kleinen Hauses des Staatstheater Braunschweig. Der k\u00fcnstlerische Nachwuchs Niedersachsens steht hingegen beim RENE Festival vom 4. bis zum 7. September im Vordergrund: Bei dem Theater- und Performancefestival zeigen die K\u00fcnstlerinnen und K\u00fcnstler zeitgen\u00f6ssische Theaterformen, Konzerte und verschiedene Performances auf dem Gel\u00e4nde des Zirkus Dobbelino.<\/p>\n<p>\nWer gern Neues kennenlernt und mehr \u00fcber Braunschweigs Wissenschafts- und Kulturprojekte erfahren m\u00f6chte, kommt im September auf seine Kosten: Am 13. September bietet die Physikalisch-Technische Bundesanstalt Braunschweig beim Tag der offenen T\u00fcr Einblicke in die Forschungseinrichtung. Bei der Kulturmeile am 14. September veranstalten das Staatstheater Braunschweig, das St\u00e4dtische Museum, das Herzog Anton Ulrich-Museum, das Museum f\u00fcr Photographie und die Braunschweiger Musikschule einen bunten Aktionstag mit kostenlosen Angeboten und Mitmachaktionen.<\/p>\n<p>Tag der Schiene am 20. September<\/p>\n<p>Einen Eindruck davon, wie die Menschen zuk\u00fcnftig gemeinsam und nachhaltig vorankommen, bekommen Besucherinnen und Besucher auf der Europ\u00e4ischen Mobilit\u00e4tswoche vom 16. bis zum 22. September. H\u00f6hepunkt ist der Tag der Schiene am 20. September mit einem Aktionstag auf dem Schlossplatz. Mehr Informationen zum Fairen Handel erhalten Braunschweigerinnen und Braunschweiger unter anderem bei thematischen F\u00fchrungen, Ausstellungen und Vortr\u00e4gen im Rahmen der Fairen Woche vom 12. bis zum 26. September.<\/p>\n<p>Verkaufsoffener Sonntag<\/p>\n<p>Sportlich wird es gegen Ende des Monats in der Innenstadt: Regionale Sportvereine stellen sich und ihr Angebot am 27. und 28. September beim trendsporterlebnis vor. Bei verschiedenen Mitmachaktionen k\u00f6nnen Besucherinnen und Besucher unterschiedliche Sportarten kennenlernen und ausprobieren. Viele Gesch\u00e4fte \u00f6ffnen am Sonntag zus\u00e4tzlich von 13 bis 18 Uhr ihre T\u00fcren.<\/p>\n<p>In den Braunschweiger Museen und Kunstvereinen gibt es neue und laufende Ausstellungen zu entdecken: Das Staatliche Naturhistorische Museum Braunschweig er\u00f6ffnet am 12. September die neue Dauerausstellung \u201eMinerale \u00b7 Gesteine \u00b7 Prozesse\u201c und gibt Einblicke in die Welt der Mineralogie, Kristallografie und Geologie. <\/p>\n<p>Dinosaurier im Blick<\/p>\n<p>Weiterhin k\u00f6nnen Besucherinnen und Besucher hier auch die Ausstellung \u201eDinosaurier im Blick\u201c besuchen. Im St\u00e4dtischen Museum Braunschweig entdecken Kunstinteressierte die Werke von Paul Eliasberg und im Kunstverein Braunschweig zeigen die Sommerausstellungen unter anderem Werke der Braunschweiger K\u00fcnstlerin Sine Hansen. Einen Blick auf das Leben in Israel wirft die Sonderausstellung \u201eEin Ort f\u00fcr uns\u201c im Braunschweigischen Landesmuseum und den herzoglichen Residenzwechsel beleuchtet das Schlossmuseum Braunschweig.<\/p>\n<p>Einen \u00dcberblick \u00fcber die Veranstaltungen in Braunschweig gibt es auch online unter <a class=\"redlink\" href=\"https:\/\/www.braunschweig.de\/kultur\/veranstaltungen\/\" rel=\"nofollow noopener\" target=\"_blank\">www.braunschweig.de\/veranstaltungen<\/a>.<\/p>\n","protected":false},"excerpt":{"rendered":"Stra\u00dfenfestival im Magniviertel: Auch in diesem Jahr l\u00e4dt das Magnifest vom 5. bis zum 7. September mit buntem&hellip;\n","protected":false},"author":2,"featured_media":386355,"comment_status":"","ping_status":"","sticky":false,"template":"","format":"standard","meta":{"footnotes":""},"categories":[1850],"tags":[6429,3364,29,548,663,3934,30,13,14,15,1411,12],"class_list":{"0":"post-386354","1":"post","2":"type-post","3":"status-publish","4":"format-standard","5":"has-post-thumbnail","7":"category-braunschweig","8":"tag-braunschweig","9":"tag-de","10":"tag-deutschland","11":"tag-eu","12":"tag-europa","13":"tag-europe","14":"tag-germany","15":"tag-headlines","16":"tag-nachrichten","17":"tag-news","18":"tag-niedersachsen","19":"tag-schlagzeilen"},"share_on_mastodon":{"url":"https:\/\/pubeurope.com\/@de\/115123327100840114","error":""},"_links":{"self":[{"href":"https:\/\/www.europesays.com\/de\/wp-json\/wp\/v2\/posts\/386354","targetHints":{"allow":["GET"]}}],"collection":[{"href":"https:\/\/www.europesays.com\/de\/wp-json\/wp\/v2\/posts"}],"about":[{"href":"https:\/\/www.europesays.com\/de\/wp-json\/wp\/v2\/types\/post"}],"author":[{"embeddable":true,"href":"https:\/\/www.europesays.com\/de\/wp-json\/wp\/v2\/users\/2"}],"replies":[{"embeddable":true,"href":"https:\/\/www.europesays.com\/de\/wp-json\/wp\/v2\/comments?post=386354"}],"version-history":[{"count":0,"href":"https:\/\/www.europesays.com\/de\/wp-json\/wp\/v2\/posts\/386354\/revisions"}],"wp:featuredmedia":[{"embeddable":true,"href":"https:\/\/www.europesays.com\/de\/wp-json\/wp\/v2\/media\/386355"}],"wp:attachment":[{"href":"https:\/\/www.europesays.com\/de\/wp-json\/wp\/v2\/media?parent=386354"}],"wp:term":[{"taxonomy":"category","embeddable":true,"href":"https:\/\/www.europesays.com\/de\/wp-json\/wp\/v2\/categories?post=386354"},{"taxonomy":"post_tag","embeddable":true,"href":"https:\/\/www.europesays.com\/de\/wp-json\/wp\/v2\/tags?post=386354"}],"curies":[{"name":"wp","href":"https:\/\/api.w.org\/{rel}","templated":true}]}}