{"id":386425,"date":"2025-08-31T13:23:14","date_gmt":"2025-08-31T13:23:14","guid":{"rendered":"https:\/\/www.europesays.com\/de\/386425\/"},"modified":"2025-08-31T13:23:14","modified_gmt":"2025-08-31T13:23:14","slug":"essen-einbruch-in-schule-zwei-verdaechtige-festgenommen-regional","status":"publish","type":"post","link":"https:\/\/www.europesays.com\/de\/386425\/","title":{"rendered":"Essen: Einbruch in Schule \u2013 Zwei Verd\u00e4chtige festgenommen | Regional"},"content":{"rendered":"<p>Essen \u2013 <b>Ein Einbruch in eine Schule an der Brembergstra\u00dfe endete f\u00fcr zwei Verd\u00e4chtige in Handschellen.<\/b><\/p>\n<p>Am fr\u00fchen Morgen des 31.08.2025 bemerkte eine Zeugin gegen 02:00 Uhr Taschenlampenlicht im Schulgeb\u00e4ude und alarmierte die Polizei. Die eintreffenden Beamten entdeckten drei aufgehebelte Fenster, w\u00e4hrend die Unbekannten \u00fcber einen Radweg in Richtung \u00abAm Isinger Bach\u00bb fl\u00fcchteten.<\/p>\n<p>Auch interessant<\/p>\n<p>Anzeige<\/p>\n<p>Auch interessant<\/p>\n<p>Anzeige<\/p>\n<p>Die Fahndung wurde sofort eingeleitet, unterst\u00fctzt von einem Polizeihubschrauber und einem Diensthund. Mit der W\u00e4rmebildkamera des Hubschraubers wurde eine Person im Garten eines Wohnhauses an der Stra\u00dfe \u00abZu den Brembergskotten\u00bb entdeckt. Ein Streifenteam nahm dort einen 25-j\u00e4hrigen Essener mit kosovarischer Staatsangeh\u00f6rigkeit fest.<\/p>\n<p>Kurz darauf fiel einem Polizisten ein Opel Corsa auf der Stra\u00dfe \u00abAm Isinger Bach\u00bb auf. Bei der Kontrolle fand er einen Hammer auf der R\u00fcckbank und weiteres Einbruchswerkzeug im Fahrzeug, darunter schwarze Kleidung, Handschuhe und eine Sturmhaube. Der 24-j\u00e4hrige Fahrer, ein Essener mit t\u00fcrkischer Staatsangeh\u00f6rigkeit, wurde ebenfalls vorl\u00e4ufig festgenommen.<\/p>\n<p>Die Kriminalpolizei sicherte Spuren auf dem Schulgel\u00e4nde. Das Fahrzeug und die gefundenen Gegenst\u00e4nde wurden beschlagnahmt. Gegen die beiden M\u00e4nner wird nun wegen des besonders schweren Falls des Diebstahls ermittelt.<\/p>\n<p>Dieser Text basiert auf einer offiziellen Beh\u00f6rden-Information und wurde mit Hilfe von KI erstellt.<\/p>\n","protected":false},"excerpt":{"rendered":"Essen \u2013 Ein Einbruch in eine Schule an der Brembergstra\u00dfe endete f\u00fcr zwei Verd\u00e4chtige in Handschellen. Am fr\u00fchen&hellip;\n","protected":false},"author":2,"featured_media":336041,"comment_status":"","ping_status":"","sticky":false,"template":"","format":"standard","meta":{"footnotes":""},"categories":[1834],"tags":[3364,29,1686,3688,30,2509,1209,121,45,1995],"class_list":{"0":"post-386425","1":"post","2":"type-post","3":"status-publish","4":"format-standard","5":"has-post-thumbnail","7":"category-essen","8":"tag-de","9":"tag-deutschland","10":"tag-diebstahl","11":"tag-essen","12":"tag-germany","13":"tag-ki-ots","14":"tag-nordrhein-westfalen","15":"tag-polizei","16":"tag-texttospeech","17":"tag-verbrechen"},"share_on_mastodon":{"url":"https:\/\/pubeurope.com\/@de\/115123598414490346","error":""},"_links":{"self":[{"href":"https:\/\/www.europesays.com\/de\/wp-json\/wp\/v2\/posts\/386425","targetHints":{"allow":["GET"]}}],"collection":[{"href":"https:\/\/www.europesays.com\/de\/wp-json\/wp\/v2\/posts"}],"about":[{"href":"https:\/\/www.europesays.com\/de\/wp-json\/wp\/v2\/types\/post"}],"author":[{"embeddable":true,"href":"https:\/\/www.europesays.com\/de\/wp-json\/wp\/v2\/users\/2"}],"replies":[{"embeddable":true,"href":"https:\/\/www.europesays.com\/de\/wp-json\/wp\/v2\/comments?post=386425"}],"version-history":[{"count":0,"href":"https:\/\/www.europesays.com\/de\/wp-json\/wp\/v2\/posts\/386425\/revisions"}],"wp:featuredmedia":[{"embeddable":true,"href":"https:\/\/www.europesays.com\/de\/wp-json\/wp\/v2\/media\/336041"}],"wp:attachment":[{"href":"https:\/\/www.europesays.com\/de\/wp-json\/wp\/v2\/media?parent=386425"}],"wp:term":[{"taxonomy":"category","embeddable":true,"href":"https:\/\/www.europesays.com\/de\/wp-json\/wp\/v2\/categories?post=386425"},{"taxonomy":"post_tag","embeddable":true,"href":"https:\/\/www.europesays.com\/de\/wp-json\/wp\/v2\/tags?post=386425"}],"curies":[{"name":"wp","href":"https:\/\/api.w.org\/{rel}","templated":true}]}}