{"id":386539,"date":"2025-08-31T14:59:14","date_gmt":"2025-08-31T14:59:14","guid":{"rendered":"https:\/\/www.europesays.com\/de\/386539\/"},"modified":"2025-08-31T14:59:14","modified_gmt":"2025-08-31T14:59:14","slug":"merz-ukraine-krieg-koennte-noch-lange-dauern-unterstuetzung-absolute-prioritaet","status":"publish","type":"post","link":"https:\/\/www.europesays.com\/de\/386539\/","title":{"rendered":"Merz: Ukraine-Krieg k\u00f6nnte noch lange dauern &#8211; Unterst\u00fctzung &#8222;absolute Priorit\u00e4t&#8220;"},"content":{"rendered":"<p>      Merz: Ukraine-Krieg k\u00f6nnte noch lange dauern &#8211; Unterst\u00fctzung &#8222;absolute Priorit\u00e4t&#8220;<\/p>\n<p>            Kopiere den aktuellen Link<\/p>\n<p>          Zur Merkliste hinzuf\u00fcgen<\/p>\n<p>Bundeskanzler Friedrich Merz (CDU) stellt sich nach eigenen Worten darauf ein, dass der Krieg in der Ukraine noch lange dauern k\u00f6nnte. Daher habe jetzt, aber auch in Zukunft die Unterst\u00fctzung der Verteidigungsf\u00e4higkeit des von Russland \u00fcberfallenen Landes &#8222;absolute Priorit\u00e4t&#8220;, sagte Merz am Sonntag im ZDF-&#8222;Sommerinterview&#8220;. Spekulationen \u00fcber westliche Bodentruppen in der Ukraine nach einem m\u00f6glichen Waffenstillstand machten zum jetzigen Zeitpunkt keinerlei Sinn.<\/p>\n<p class=\"typo-body-md typo-body-lg@lg is-initial\">Auf die Frage, ob er einen Waffenstillstand noch in diesem Jahr f\u00fcr m\u00f6glich halte, sagte <a class=\"\" data-target-type=\"article\" href=\"https:\/\/www.stern.de\/politik\/deutschland\/themen\/friedrich-merz-4539904.html\" rel=\"nofollow noopener\" target=\"_blank\">Merz<\/a>: &#8222;Ich gebe die Hoffnung nicht auf, dass wir es hinbekommen. Aber ich mache mir auch keine Illusionen.&#8220; Kriege endeten in der Regel entweder durch Sieg oder Niederlage oder durch wirtschaftliche oder milit\u00e4rische Ersch\u00f6pfung. Beides sehe er derzeit auf beiden Seiten nicht. &#8222;Ich stelle mich darauf ein, dass dieser Krieg noch lange dauern kann&#8220;, sagte daher der Kanzler.<\/p>\n<p class=\"typo-body-md typo-body-lg@lg\">&#8222;Wir versuchen, ihn so schnell wie m\u00f6glich zu beenden. Aber ganz sicher nicht um den Preis der Kapitulation der <a class=\"taxonomy-entity place\" data-target-type=\"article\" href=\"https:\/\/www.stern.de\/politik\/ausland\/themen\/ukraine-4540764.html\" rel=\"nofollow noopener\" target=\"_blank\">Ukraine<\/a>&#8222;, stellte er weiter klar. Ein rasches Kriegsende sei m\u00f6glich, &#8222;indem die Ukraine kapituliert, aufgibt und das Land seine Eigenst\u00e4ndigkeit verliert&#8220;. Dies sei jedoch &#8222;keine Option&#8220;. Die Folge w\u00e4re: &#8222;Dann ist \u00fcbermorgen das n\u00e4chste Land dran. Und dann sind \u00fcber\u00fcbermorgen wir dran&#8220;, warnte Merz vor weiterer Aggression durch Russland.<\/p>\n<p class=\"typo-body-md typo-body-lg@lg\">Eine Entsendung von Bodentruppen nach einem Schweigen der Waffen sei derzeit im Kreis der Verb\u00fcndeten kein Thema, widersprach der Kanzler diesbez\u00fcglichen Spekulationen. &#8222;Niemand redet \u00fcber Bodentruppen in der Ukraine zum jetzigen Zeitpunkt&#8220;, sagte er dem <a class=\"taxonomy-entity organization\" data-target-type=\"article\" href=\"https:\/\/www.stern.de\/kultur\/tv\/themen\/zdf-4540532.html\" rel=\"nofollow noopener\" target=\"_blank\">ZDF<\/a>. Gesprochen werde vielmehr \u00fcber m\u00f6gliche Sicherheitsgarantien f\u00fcr die Ukraine.<\/p>\n<p class=\"typo-body-md typo-body-lg@lg\">&#8222;Die <a class=\"taxonomy-entity keyword\" data-target-type=\"article\" href=\"https:\/\/www.stern.de\/wirtschaft\/news\/themen\/prioritaet-4114840.html\" rel=\"nofollow noopener\" target=\"_blank\">Priorit\u00e4t<\/a> Nummer eins ist die Unterst\u00fctzung f\u00fcr die ukrainische Armee, dass sie dieses Land auf Dauer verteidigen k\u00f6nnen&#8220;, hob Merz hervor. Hierf\u00fcr sei Handeln auch jetzt schon m\u00f6glich. Viele andere Dinge hingegen k\u00f6nnten &#8222;erst vollzogen werden, wenn es denn mal einen Waffenstillstand gibt&#8220;.<\/p>\n<p class=\"typo-body-md typo-body-lg@lg\">F\u00fcr eine Vereinbarung mit <a class=\"taxonomy-entity place\" data-target-type=\"article\" href=\"https:\/\/www.stern.de\/politik\/ausland\/themen\/russland-4155004.html\" rel=\"nofollow noopener\" target=\"_blank\">Russland<\/a> dar\u00fcber gebe es eine Reihe von Voraussetzungen. &#8222;Auf unserer Seite ist die Bedingung, dass die Ukraine dauerhaft ihre Eigenst\u00e4ndigkeit bewahrt, ihre B\u00fcndnisfreiheit beh\u00e4lt, ihre Freiheit erh\u00e4lt&#8220;, versicherte Merz. &#8222;Daran arbeiten wir.&#8220;<\/p>\n<p class=\"typo-body-md typo-body-lg@lg\">Die US-Regierung von Pr\u00e4sident Donald Trump setzt seit Monaten auf ein rasches Kriegsende, aktuell auch durch ein direktes Treffen der Pr\u00e4sidenten Russlands und der Ukraine, Wladimir Putin und Wolodymyr Selenskyj. Fortschritte mit Blick auf eine Friedensl\u00f6sung oder auch nur auf ein solches Treffen sind bislang jedoch nicht erkennbar.<\/p>\n<p>\n    AFP\n  <\/p>\n","protected":false},"excerpt":{"rendered":"Merz: Ukraine-Krieg k\u00f6nnte noch lange dauern &#8211; Unterst\u00fctzung &#8222;absolute Priorit\u00e4t&#8220; Kopiere den aktuellen Link Zur Merkliste hinzuf\u00fcgen Bundeskanzler&hellip;\n","protected":false},"author":2,"featured_media":386540,"comment_status":"","ping_status":"","sticky":false,"template":"","format":"standard","meta":{"footnotes":""},"categories":[4012],"tags":[331,332,13,14,15,12,317],"class_list":{"0":"post-386539","1":"post","2":"type-post","3":"status-publish","4":"format-standard","5":"has-post-thumbnail","7":"category-ukraine","8":"tag-aktuelle-nachrichten","9":"tag-aktuelle-news","10":"tag-headlines","11":"tag-nachrichten","12":"tag-news","13":"tag-schlagzeilen","14":"tag-ukraine"},"share_on_mastodon":{"url":"https:\/\/pubeurope.com\/@de\/115123975843758576","error":""},"_links":{"self":[{"href":"https:\/\/www.europesays.com\/de\/wp-json\/wp\/v2\/posts\/386539","targetHints":{"allow":["GET"]}}],"collection":[{"href":"https:\/\/www.europesays.com\/de\/wp-json\/wp\/v2\/posts"}],"about":[{"href":"https:\/\/www.europesays.com\/de\/wp-json\/wp\/v2\/types\/post"}],"author":[{"embeddable":true,"href":"https:\/\/www.europesays.com\/de\/wp-json\/wp\/v2\/users\/2"}],"replies":[{"embeddable":true,"href":"https:\/\/www.europesays.com\/de\/wp-json\/wp\/v2\/comments?post=386539"}],"version-history":[{"count":0,"href":"https:\/\/www.europesays.com\/de\/wp-json\/wp\/v2\/posts\/386539\/revisions"}],"wp:featuredmedia":[{"embeddable":true,"href":"https:\/\/www.europesays.com\/de\/wp-json\/wp\/v2\/media\/386540"}],"wp:attachment":[{"href":"https:\/\/www.europesays.com\/de\/wp-json\/wp\/v2\/media?parent=386539"}],"wp:term":[{"taxonomy":"category","embeddable":true,"href":"https:\/\/www.europesays.com\/de\/wp-json\/wp\/v2\/categories?post=386539"},{"taxonomy":"post_tag","embeddable":true,"href":"https:\/\/www.europesays.com\/de\/wp-json\/wp\/v2\/tags?post=386539"}],"curies":[{"name":"wp","href":"https:\/\/api.w.org\/{rel}","templated":true}]}}