{"id":386564,"date":"2025-08-31T15:12:13","date_gmt":"2025-08-31T15:12:13","guid":{"rendered":"https:\/\/www.europesays.com\/de\/386564\/"},"modified":"2025-08-31T15:12:13","modified_gmt":"2025-08-31T15:12:13","slug":"naechste-leihe-diop-kommt-aus-frankreich-nach-nuernberg","status":"publish","type":"post","link":"https:\/\/www.europesays.com\/de\/386564\/","title":{"rendered":"N\u00e4chste Leihe: Diop kommt aus Frankreich nach N\u00fcrnberg"},"content":{"rendered":"<p>Der 1. FC N\u00fcrnberg stemmt sich gegen den Fehlstart. Helfen soll ein Mittelfeldspieler, der aus Stra\u00dfburg zum \u201eClub\u201c kommt.<\/p>\n<p><a href=\"https:\/\/www.onetz.de\/f\/ic\/ga-large\/articlemedia\/2025\/08\/31\/5b7bdf55-47f3-4d2d-a060-0046f9dcc342.jpg\" class=\"ps-item\" data-psg=\"https:\/\/www.onetz.de\/sport\/bayern\/1\" data-size=\"960x640\" data-caption=\"&lt;div&gt;Bild: Daniel Karmann\/dpa&lt;\/div&gt;Hat einen weiteren Profi auf Leihbasis geholt: Joti Chatzialexiou.\" rel=\"nofollow noopener\" target=\"_blank\"><img loading=\"lazy\" decoding=\"async\" src=\"https:\/\/www.europesays.com\/de\/wp-content\/uploads\/2025\/08\/5b7bdf55-47f3-4d2d-a060-0046f9dcc342.jpg\" alt=\"Hat einen weiteren Profi auf Leihbasis geholt: Joti Chatzialexiou. Bild: Daniel Karmann\/dpa\" title=\"\" width=\"805\" height=\"453\" class=\"img-responsive\"\/><\/a><\/p>\n<p>Hat einen weiteren Profi auf Leihbasis geholt: Joti Chatzialexiou.<\/p>\n<p>Bild: Daniel Karmann\/dpa<\/p>\n<p>Fu\u00dfball-Zweitligist 1. FC N\u00fcrnberg hat kurz vor dem Ende der Wechselfrist nach Tim Drexler auch Pape Demba Diop ausgeliehen. Der 21-j\u00e4hrige Mittelfeldspieler kommt Racing Stra\u00dfburg, wie die Franken mitteilten.\u00a0<\/p>\n<p>\u201eUnsere Scoutingabteilung beobachtet Pape seit Langem. Bisher waren die wirtschaftlichen Rahmenbedingungen, allen voran die hohe Abl\u00f6sesumme, nicht realisierbar. Nun hat sich jedoch die M\u00f6glichkeit ergeben\u201c, sagte Sportvorstand Joti Chatzialexiou.\u00a0<\/p>\n<p>Die N\u00fcrnberger warten als Tabellenletzter in der Liga weiter auf einen Sieg. Auch im DFB-Pokal verpasste der \u201eClub\u201c beim Erstrunden-Aus beim Regionalligisten FV Illertissen ein Erfolgserlebnis.<\/p>\n<p><a href=\"http:\/\/fcn.de\/news\/artikel\/pape-demba-diop-wird-cluberer\/\" rel=\"nofollow noopener noreferrer\" target=\"_blank\">Vereinsmitteilung<\/a><\/p>\n<p>\u00a9 dpa-infocom, dpa:250831-930-979166\/1<\/p>\n","protected":false},"excerpt":{"rendered":"Der 1. FC N\u00fcrnberg stemmt sich gegen den Fehlstart. Helfen soll ein Mittelfeldspieler, der aus Stra\u00dfburg zum \u201eClub\u201c&hellip;\n","protected":false},"author":2,"featured_media":386565,"comment_status":"","ping_status":"","sticky":false,"template":"","format":"standard","meta":{"footnotes":""},"categories":[1837],"tags":[783,772,3364,29,7488,347,30,3783,7489,265],"class_list":{"0":"post-386564","1":"post","2":"type-post","3":"status-publish","4":"format-standard","5":"has-post-thumbnail","7":"category-nuernberg","8":"tag-1-fc-nuernberg","9":"tag-bayern","10":"tag-de","11":"tag-deutschland","12":"tag-dpa","13":"tag-fussball","14":"tag-germany","15":"tag-nuernberg","16":"tag-region-bayern","17":"tag-sport"},"share_on_mastodon":{"url":"https:\/\/pubeurope.com\/@de\/115124026955447667","error":""},"_links":{"self":[{"href":"https:\/\/www.europesays.com\/de\/wp-json\/wp\/v2\/posts\/386564","targetHints":{"allow":["GET"]}}],"collection":[{"href":"https:\/\/www.europesays.com\/de\/wp-json\/wp\/v2\/posts"}],"about":[{"href":"https:\/\/www.europesays.com\/de\/wp-json\/wp\/v2\/types\/post"}],"author":[{"embeddable":true,"href":"https:\/\/www.europesays.com\/de\/wp-json\/wp\/v2\/users\/2"}],"replies":[{"embeddable":true,"href":"https:\/\/www.europesays.com\/de\/wp-json\/wp\/v2\/comments?post=386564"}],"version-history":[{"count":0,"href":"https:\/\/www.europesays.com\/de\/wp-json\/wp\/v2\/posts\/386564\/revisions"}],"wp:featuredmedia":[{"embeddable":true,"href":"https:\/\/www.europesays.com\/de\/wp-json\/wp\/v2\/media\/386565"}],"wp:attachment":[{"href":"https:\/\/www.europesays.com\/de\/wp-json\/wp\/v2\/media?parent=386564"}],"wp:term":[{"taxonomy":"category","embeddable":true,"href":"https:\/\/www.europesays.com\/de\/wp-json\/wp\/v2\/categories?post=386564"},{"taxonomy":"post_tag","embeddable":true,"href":"https:\/\/www.europesays.com\/de\/wp-json\/wp\/v2\/tags?post=386564"}],"curies":[{"name":"wp","href":"https:\/\/api.w.org\/{rel}","templated":true}]}}