{"id":386662,"date":"2025-08-31T16:29:11","date_gmt":"2025-08-31T16:29:11","guid":{"rendered":"https:\/\/www.europesays.com\/de\/386662\/"},"modified":"2025-08-31T16:29:11","modified_gmt":"2025-08-31T16:29:11","slug":"ludwigshafen-verdacht-des-raubes-eines-mobiltelefons-mrn-news-de","status":"publish","type":"post","link":"https:\/\/www.europesays.com\/de\/386662\/","title":{"rendered":"Ludwigshafen \u2013 Verdacht des Raubes eines Mobiltelefons \u2013 \/\/\/ MRN-News.de"},"content":{"rendered":"<p><img loading=\"lazy\" decoding=\"async\" src=\"https:\/\/www.europesays.com\/de\/wp-content\/uploads\/2025\/08\/Achtung-7-600x3301-2.jpg\" alt=\"\" width=\"600\" height=\"330\" class=\"aligncenter size-full wp-image-600337\"\/><br \/>Ludwigshafen\/Metropolregion Rhein-Neckar \u2013 Am Samstag, den 30.08.2025, gegen 16:00 Uhr, wurde die Polizei in die N\u00e4he der Erich-Reimann-Stra\u00dfe zu einem Raubdelikt gerufen. <\/p>\n<p>Vor konnte weder Opfer noch T\u00e4ter angetroffen werden. Lediglich eine unbeteiligte Person konnte angeben, dass der vermeintliche Gesch\u00e4digte ihn bat, die Polizei zu rufen, da er zuvor seines Mobiltelefons beraubt worden sei. Nachdem der Gesch\u00e4digte dem Mitteiler dies erkl\u00e4rte, fl\u00fcchtete dieser jedoch selbst. Der Mitteiler beschrieb den Gesch\u00e4digten wie folgt: etwa 170cm gro\u00df, etwa 15 Jahre alt, trug eine schwarze \u201cICON\u201d-Kappe, ein schwarzes Adidas-T-Shirt und hatte ein H\u00e4matom am Auge und eine blutende Nase.<\/p>\n<p>Hinweise bitte an die Polizeiinspektion Ludwigshafen 1, Telefonnummer 0621 963-24150 oder per E-Mail piludwigshafen1@polizei.rlp.de.<\/p>\n<p>Quelle: Polizeipr\u00e4sidium Rheinpfalz <\/p>\n","protected":false},"excerpt":{"rendered":"Ludwigshafen\/Metropolregion Rhein-Neckar \u2013 Am Samstag, den 30.08.2025, gegen 16:00 Uhr, wurde die Polizei in die N\u00e4he der Erich-Reimann-Stra\u00dfe&hellip;\n","protected":false},"author":2,"featured_media":386663,"comment_status":"","ping_status":"","sticky":false,"template":"","format":"standard","meta":{"footnotes":""},"categories":[1845],"tags":[1634,3364,29,548,663,3934,30,13,14996,25476,2096,25488,25489,14,14480,15,19170,121,62042,62043,5206,28951,12,62150,13661],"class_list":{"0":"post-386662","1":"post","2":"type-post","3":"status-publish","4":"format-standard","5":"has-post-thumbnail","7":"category-mannheim","8":"tag-baden-wuerttemberg","9":"tag-de","10":"tag-deutschland","11":"tag-eu","12":"tag-europa","13":"tag-europe","14":"tag-germany","15":"tag-headlines","16":"tag-hinweise","17":"tag-ludwigshafen","18":"tag-mannheim","19":"tag-metropolregion","20":"tag-metropolregion-rhein-neckar","21":"tag-nachrichten","22":"tag-neckar","23":"tag-news","24":"tag-opfer","25":"tag-polizei","26":"tag-polizeipru00e4sidium","27":"tag-polizeipru00e4sidium-rheinpfalz","28":"tag-rhein","29":"tag-rhein-neckar","30":"tag-schlagzeilen","31":"tag-tu00e4ter","32":"tag-verdacht"},"share_on_mastodon":{"url":"https:\/\/pubeurope.com\/@de\/115124329844177511","error":""},"_links":{"self":[{"href":"https:\/\/www.europesays.com\/de\/wp-json\/wp\/v2\/posts\/386662","targetHints":{"allow":["GET"]}}],"collection":[{"href":"https:\/\/www.europesays.com\/de\/wp-json\/wp\/v2\/posts"}],"about":[{"href":"https:\/\/www.europesays.com\/de\/wp-json\/wp\/v2\/types\/post"}],"author":[{"embeddable":true,"href":"https:\/\/www.europesays.com\/de\/wp-json\/wp\/v2\/users\/2"}],"replies":[{"embeddable":true,"href":"https:\/\/www.europesays.com\/de\/wp-json\/wp\/v2\/comments?post=386662"}],"version-history":[{"count":0,"href":"https:\/\/www.europesays.com\/de\/wp-json\/wp\/v2\/posts\/386662\/revisions"}],"wp:featuredmedia":[{"embeddable":true,"href":"https:\/\/www.europesays.com\/de\/wp-json\/wp\/v2\/media\/386663"}],"wp:attachment":[{"href":"https:\/\/www.europesays.com\/de\/wp-json\/wp\/v2\/media?parent=386662"}],"wp:term":[{"taxonomy":"category","embeddable":true,"href":"https:\/\/www.europesays.com\/de\/wp-json\/wp\/v2\/categories?post=386662"},{"taxonomy":"post_tag","embeddable":true,"href":"https:\/\/www.europesays.com\/de\/wp-json\/wp\/v2\/tags?post=386662"}],"curies":[{"name":"wp","href":"https:\/\/api.w.org\/{rel}","templated":true}]}}