{"id":386888,"date":"2025-08-31T19:07:10","date_gmt":"2025-08-31T19:07:10","guid":{"rendered":"https:\/\/www.europesays.com\/de\/386888\/"},"modified":"2025-08-31T19:07:10","modified_gmt":"2025-08-31T19:07:10","slug":"dfb-pokal-leipzig-muss-nach-cottbus-magdeburg-mit-losglueck-sport","status":"publish","type":"post","link":"https:\/\/www.europesays.com\/de\/386888\/","title":{"rendered":"DFB-Pokal &#8211; Leipzig muss nach Cottbus &#8211; Magdeburg mit Losgl\u00fcck &#8211; Sport"},"content":{"rendered":"<p data-manual=\"teaserText\" data-schema-org-speakable=\"true\">Sowohl RB Leipzig als auch der 1. FC Magdeburg erwischen vermeintlich einfache Gegner in der 2. Runde des DFB-Pokals. Vor allem der FCM sollte aber gewarnt sein.<\/p>\n<p data-manual=\"paragraph\" data-schema-org-speakable=\"true\" class=\"css-xboolz\">Dortmund (dpa) &#8211; Auf <a href=\"https:\/\/www.sueddeutsche.de\/thema\/RB_Leipzig\" rel=\"nofollow noopener\" target=\"_blank\">RB Leipzig<\/a> wartet in der zweiten Runde des DFB-Pokals ein hitziges Ost-Duell. Der <a href=\"https:\/\/www.sueddeutsche.de\/thema\/Fu%C3%9Fball\" rel=\"nofollow noopener\" target=\"_blank\">Fu\u00dfball<\/a>-Bundesligist muss bei Drittligist Energie Cottbus ran. Letztmalig konnte Leipzig 2023 den prestigetr\u00e4chtigen Wettbewerb gewinnen.<\/p>\n<p data-manual=\"paragraph\" data-schema-org-speakable=\"true\" class=\"css-xboolz\">\u201eEin Ausw\u00e4rtsspiel in Cottbus ist eine echte Herausforderung. Energie hat eine gute Mannschaft und wird mit den Fans im R\u00fccken alles daf\u00fcr tun, uns das Leben schwer zu machen. Genau das macht den Pokal so spannend. Wir wissen um die Aufgabe und werden hochkonzentriert auftreten, um uns in dieser Atmosph\u00e4re durchzusetzen und die n\u00e4chste Runde zu erreichen\u201c, sagte Sport-Gesch\u00e4ftsf\u00fchrer Marcel Sch\u00e4fer.\u00a0<\/p>\n<p>Magdeburg trifft auf Regionalligisten\u00a0<\/p>\n<p data-manual=\"paragraph\" data-schema-org-speakable=\"true\" class=\"css-xboolz\">Zweitligist <a href=\"https:\/\/www.sueddeutsche.de\/thema\/1._FC_Magdeburg\" rel=\"nofollow noopener\" target=\"_blank\">1. FC Magdeburg<\/a> erwischte ebenfalls ein vermeintlich leichtes Los und trifft auf Regionalligist FV Illertissen. Der FCM, der beim 3:1 zum Auftakt gegen Saarbr\u00fccken wenig M\u00fche hat, sollte allerdings gewarnt sein. Denn Illertissen sorgte mit einem Sensationssieg \u00fcber den 1. FC N\u00fcrnberg schon in der ersten Runde f\u00fcr eine \u00dcberraschung.<\/p>\n<p data-manual=\"paragraph\" data-schema-org-speakable=\"true\" class=\"css-xboolz\">Die zweite Runde ist f\u00fcr den 28. und 29. Oktober angesetzt. Das Achtelfinale folgt Anfang Dezember. Das Endspiel im Berliner Olympiastadion steigt am 23. Mai 2026.<\/p>\n<p data-manual=\"paragraph\" data-schema-org-speakable=\"true\" class=\"css-xboolz\">\u00a9 dpa-infocom, dpa:250831-930-979902\/2<\/p>\n","protected":false},"excerpt":{"rendered":"Sowohl RB Leipzig als auch der 1. FC Magdeburg erwischen vermeintlich einfache Gegner in der 2. Runde des&hellip;\n","protected":false},"author":2,"featured_media":386889,"comment_status":"","ping_status":"","sticky":false,"template":"","format":"standard","meta":{"footnotes":""},"categories":[1832],"tags":[7973,3364,29,1264,347,30,71,1655,859,860,265,149],"class_list":{"0":"post-386888","1":"post","2":"type-post","3":"status-publish","4":"format-standard","5":"has-post-thumbnail","7":"category-leipzig","8":"tag-1-fc-magdeburg","9":"tag-de","10":"tag-deutschland","11":"tag-dfb-pokal","12":"tag-fussball","13":"tag-germany","14":"tag-leipzig","15":"tag-rb-leipzig","16":"tag-sachsen","17":"tag-sachsen-anhalt","18":"tag-sport","19":"tag-sueddeutsche-zeitung"},"share_on_mastodon":{"url":"https:\/\/pubeurope.com\/@de\/115124951099104827","error":""},"_links":{"self":[{"href":"https:\/\/www.europesays.com\/de\/wp-json\/wp\/v2\/posts\/386888","targetHints":{"allow":["GET"]}}],"collection":[{"href":"https:\/\/www.europesays.com\/de\/wp-json\/wp\/v2\/posts"}],"about":[{"href":"https:\/\/www.europesays.com\/de\/wp-json\/wp\/v2\/types\/post"}],"author":[{"embeddable":true,"href":"https:\/\/www.europesays.com\/de\/wp-json\/wp\/v2\/users\/2"}],"replies":[{"embeddable":true,"href":"https:\/\/www.europesays.com\/de\/wp-json\/wp\/v2\/comments?post=386888"}],"version-history":[{"count":0,"href":"https:\/\/www.europesays.com\/de\/wp-json\/wp\/v2\/posts\/386888\/revisions"}],"wp:featuredmedia":[{"embeddable":true,"href":"https:\/\/www.europesays.com\/de\/wp-json\/wp\/v2\/media\/386889"}],"wp:attachment":[{"href":"https:\/\/www.europesays.com\/de\/wp-json\/wp\/v2\/media?parent=386888"}],"wp:term":[{"taxonomy":"category","embeddable":true,"href":"https:\/\/www.europesays.com\/de\/wp-json\/wp\/v2\/categories?post=386888"},{"taxonomy":"post_tag","embeddable":true,"href":"https:\/\/www.europesays.com\/de\/wp-json\/wp\/v2\/tags?post=386888"}],"curies":[{"name":"wp","href":"https:\/\/api.w.org\/{rel}","templated":true}]}}