{"id":386939,"date":"2025-08-31T19:44:15","date_gmt":"2025-08-31T19:44:15","guid":{"rendered":"https:\/\/www.europesays.com\/de\/386939\/"},"modified":"2025-08-31T19:44:15","modified_gmt":"2025-08-31T19:44:15","slug":"gridstrafe-fuer-hamilton-in-monza","status":"publish","type":"post","link":"https:\/\/www.europesays.com\/de\/386939\/","title":{"rendered":"Gridstrafe f\u00fcr Hamilton in Monza"},"content":{"rendered":"\n<p>Und das letzte Urteil des Tages ist auch da. Gegen Sauber lief noch eine Untersuchung, weil man Gabriel Bortoleto nach seiner Ber\u00fchrung mit <a href=\"https:\/\/www.motorsport-total.com\/person\/lance-stroll\" title=\"Lance Stroll\" rel=\"nofollow noopener\" target=\"_blank\">Lance Stroll<\/a> nicht an die Box holte. Auch hier gibt es aber keine Strafe. Die Begr\u00fcndung im Wortlaut:<\/p>\n<p>&#8222;In Runde 1 kam es in Kurve 12 zu einem Rennzwischenfall zwischen Auto 5 und Auto 18. Infolge dieses Vorfalls wurde die Endplatte des Frontfl\u00fcgels von Auto 5 besch\u00e4digt; sie hing lose, war jedoch weiterhin verbunden.&#8220;<\/p>\n<p>&#8222;Das Problem wurde vom Rennleiter dem Team gemeldet. Das Team entschied sich, Auto 5 nicht an die Box zu holen, da man der Auffassung war, dass das horizontale Fl\u00fcgelelement auf der Innenseite der Endplatte seine strukturelle Integrit\u00e4t beibehielt. Eine schwarz-orangene Flagge wurde Auto 5 nicht gezeigt.&#8220;<\/p>\n<p>&#8222;Einige Runden sp\u00e4ter l\u00f6ste sich die Endplatte und fiel auf die Strecke. Die Endplatte wurde von Auto 18 \u00fcberfahren, jedoch erlitt Auto 18 weder einen Reifenschaden noch andere Folgen oder Besch\u00e4digungen.&#8220;<\/p>\n<p>&#8222;Artikel 26.10 verpflichtet einen Fahrer, die Boxengasse zu durchfahren, wenn erhebliche und offensichtliche Sch\u00e4den an einem Strukturelement dazu f\u00fchren, dass es in einem Zustand ist, der eine unmittelbare Gefahr f\u00fcr den Fahrer oder andere darstellt. Artikel 26.10 findet in diesem Fall keine Anwendung, da von den FIA-Vertretern anerkannt wurde, dass die Endplatte kein Strukturelement darstellt.&#8220;<\/p>\n<p>&#8222;Wir wurden zudem auf die FIA-Direktive REF: No F1Tm\/07-24 hingewiesen, die an alle Sportdirektoren ausgegeben wurde und die Umst\u00e4nde beschreibt, unter denen ein Teilnehmer verpflichtet ist, Sch\u00e4den an der Karosserie eigenst\u00e4ndig zu beheben &#8211; unabh\u00e4ngig davon, ob eine schwarz-orangene Flagge gezeigt wird oder nicht.&#8220;<\/p>\n<p>&#8222;Wir \u00fcberpr\u00fcften die Direktive und stellten fest, dass sie in diesem Fall keine Anwendung findet, da das Abl\u00f6sen des Fl\u00fcgelelements weder zu einem Rennabbruch oder einer Rennunterbrechung f\u00fchrte noch zu einem Schaden an einem anderen Fahrzeug.&#8220;<\/p>\n<p>&#8222;Unter den gegebenen Umst\u00e4nden ergriffen wir keine weiteren Ma\u00dfnahmen.&#8220;<\/p>\n","protected":false},"excerpt":{"rendered":"Und das letzte Urteil des Tages ist auch da. Gegen Sauber lief noch eine Untersuchung, weil man Gabriel&hellip;\n","protected":false},"author":2,"featured_media":386940,"comment_status":"","ping_status":"","sticky":false,"template":"","format":"standard","meta":{"footnotes":""},"categories":[136],"tags":[29,30,265],"class_list":{"0":"post-386939","1":"post","2":"type-post","3":"status-publish","4":"format-standard","5":"has-post-thumbnail","7":"category-sport","8":"tag-deutschland","9":"tag-germany","10":"tag-sport"},"share_on_mastodon":{"url":"https:\/\/pubeurope.com\/@de\/115125096451695382","error":""},"_links":{"self":[{"href":"https:\/\/www.europesays.com\/de\/wp-json\/wp\/v2\/posts\/386939","targetHints":{"allow":["GET"]}}],"collection":[{"href":"https:\/\/www.europesays.com\/de\/wp-json\/wp\/v2\/posts"}],"about":[{"href":"https:\/\/www.europesays.com\/de\/wp-json\/wp\/v2\/types\/post"}],"author":[{"embeddable":true,"href":"https:\/\/www.europesays.com\/de\/wp-json\/wp\/v2\/users\/2"}],"replies":[{"embeddable":true,"href":"https:\/\/www.europesays.com\/de\/wp-json\/wp\/v2\/comments?post=386939"}],"version-history":[{"count":0,"href":"https:\/\/www.europesays.com\/de\/wp-json\/wp\/v2\/posts\/386939\/revisions"}],"wp:featuredmedia":[{"embeddable":true,"href":"https:\/\/www.europesays.com\/de\/wp-json\/wp\/v2\/media\/386940"}],"wp:attachment":[{"href":"https:\/\/www.europesays.com\/de\/wp-json\/wp\/v2\/media?parent=386939"}],"wp:term":[{"taxonomy":"category","embeddable":true,"href":"https:\/\/www.europesays.com\/de\/wp-json\/wp\/v2\/categories?post=386939"},{"taxonomy":"post_tag","embeddable":true,"href":"https:\/\/www.europesays.com\/de\/wp-json\/wp\/v2\/tags?post=386939"}],"curies":[{"name":"wp","href":"https:\/\/api.w.org\/{rel}","templated":true}]}}