{"id":387189,"date":"2025-08-31T22:53:14","date_gmt":"2025-08-31T22:53:14","guid":{"rendered":"https:\/\/www.europesays.com\/de\/387189\/"},"modified":"2025-08-31T22:53:14","modified_gmt":"2025-08-31T22:53:14","slug":"frust-kuendigung-gelassenheit-pendler-in-waiblingen-ueber-stammstreckensperrung-nachrichten-aus-waiblingen","status":"publish","type":"post","link":"https:\/\/www.europesays.com\/de\/387189\/","title":{"rendered":"Frust, K\u00fcndigung, Gelassenheit: Pendler in Waiblingen \u00fcber Stammstreckensperrung &#8211; Nachrichten aus Waiblingen"},"content":{"rendered":"<p><strong>Waiblingen. <\/strong> Endspurt. Seit dem 26. Juli wird die S-Bahn-Stammstrecke modernisiert. Daher bleiben die Haltestellen zwischen Stuttgart Hauptbahnhof (tief) und \u00d6sterfeld noch bis zum 6. September gesperrt. Die Linie S2 h\u00e4lt in beiden Richtungen nicht an den Haltestellen Sommerrain und N\u00fcrnberger Stra\u00dfe, die Linie S3 verkehrt nur zwischen Fellbach  und Backnang. Wie ist derzeit die Stimmung unter den Pendlern? Unsere Redaktion hat am Bahnhof in Waiblingen nachgefragt.<\/p>\n","protected":false},"excerpt":{"rendered":"Waiblingen. Endspurt. Seit dem 26. Juli wird die S-Bahn-Stammstrecke modernisiert. Daher bleiben die Haltestellen zwischen Stuttgart Hauptbahnhof (tief)&hellip;\n","protected":false},"author":2,"featured_media":387190,"comment_status":"","ping_status":"","sticky":false,"template":"","format":"standard","meta":{"footnotes":""},"categories":[1830],"tags":[1634,2037,104142,3364,29,30,104143,104144,104145,4125,104146,54225,12422,89364,33605,1441,9634,104147,9887],"class_list":{"0":"post-387189","1":"post","2":"type-post","3":"status-publish","4":"format-standard","5":"has-post-thumbnail","7":"category-stuttgart","8":"tag-baden-wuerttemberg","9":"tag-bahnhof","10":"tag-bahnhof-waiblingen","11":"tag-de","12":"tag-deutschland","13":"tag-germany","14":"tag-konstantin-miller","15":"tag-max-beuthan","16":"tag-patrick-starke","17":"tag-pendler","18":"tag-s-bahn-stammstrecke","19":"tag-s2","20":"tag-s3","21":"tag-stammstreckensperrung","22":"tag-stimmung","23":"tag-stuttgart","24":"tag-stuttgart-21","25":"tag-vanessa-curic","26":"tag-waiblingen"},"share_on_mastodon":{"url":"https:\/\/pubeurope.com\/@de\/115125839685047918","error":""},"_links":{"self":[{"href":"https:\/\/www.europesays.com\/de\/wp-json\/wp\/v2\/posts\/387189","targetHints":{"allow":["GET"]}}],"collection":[{"href":"https:\/\/www.europesays.com\/de\/wp-json\/wp\/v2\/posts"}],"about":[{"href":"https:\/\/www.europesays.com\/de\/wp-json\/wp\/v2\/types\/post"}],"author":[{"embeddable":true,"href":"https:\/\/www.europesays.com\/de\/wp-json\/wp\/v2\/users\/2"}],"replies":[{"embeddable":true,"href":"https:\/\/www.europesays.com\/de\/wp-json\/wp\/v2\/comments?post=387189"}],"version-history":[{"count":0,"href":"https:\/\/www.europesays.com\/de\/wp-json\/wp\/v2\/posts\/387189\/revisions"}],"wp:featuredmedia":[{"embeddable":true,"href":"https:\/\/www.europesays.com\/de\/wp-json\/wp\/v2\/media\/387190"}],"wp:attachment":[{"href":"https:\/\/www.europesays.com\/de\/wp-json\/wp\/v2\/media?parent=387189"}],"wp:term":[{"taxonomy":"category","embeddable":true,"href":"https:\/\/www.europesays.com\/de\/wp-json\/wp\/v2\/categories?post=387189"},{"taxonomy":"post_tag","embeddable":true,"href":"https:\/\/www.europesays.com\/de\/wp-json\/wp\/v2\/tags?post=387189"}],"curies":[{"name":"wp","href":"https:\/\/api.w.org\/{rel}","templated":true}]}}