{"id":387324,"date":"2025-09-01T00:08:13","date_gmt":"2025-09-01T00:08:13","guid":{"rendered":"https:\/\/www.europesays.com\/de\/387324\/"},"modified":"2025-09-01T00:08:13","modified_gmt":"2025-09-01T00:08:13","slug":"80-jahre-abenteuer-gemeinschaft-und-verantwortung-jubilaeumsfeier-des-pfadfinderstammes-st-joseph-muelheim-heissen","status":"publish","type":"post","link":"https:\/\/www.europesays.com\/de\/387324\/","title":{"rendered":"80 Jahre Abenteuer, Gemeinschaft und Verantwortung \u2013 Jubil\u00e4umsfeier des Pfadfinderstammes St. Joseph M\u00fclheim Hei\u00dfen"},"content":{"rendered":"<p>            <a href=\"https:\/\/lokalklick.eu\/wp-content\/uploads\/2025\/08\/MH_dji_fly_20241201_113656_49_1733049754784_photo_optimized.jpg\" data-caption=\"(Foto: Pfadfinderstamm DPDG St. Joseph\/ M\u00fclheim Hei\u00dfen)\" rel=\"nofollow noopener\" target=\"_blank\"><img loading=\"lazy\" decoding=\"async\" width=\"696\" height=\"367\" class=\"entry-thumb td-modal-image\" src=\"https:\/\/www.europesays.com\/de\/wp-content\/uploads\/2025\/09\/MH_dji_fly_20241201_113656_49_1733049754784_photo_optimized-696x367.jpg\"   alt=\"\" title=\"DCIM100MEDIADJI_0049.JPG\"\/><\/a>(Foto: Pfadfinderstamm DPDG St. Joseph\/ M\u00fclheim Hei\u00dfen)<br \/>\n            Anzeigen<a href=\"https:\/\/www.mheg-containershop.de\/\" target=\"_blank\" rel=\"nofollow noopener\"><img decoding=\"async\" src=\"https:\/\/www.europesays.com\/de\/wp-content\/uploads\/2025\/04\/MH_Anzeige_Container_1456x180.jpg\"\/><\/a><\/p>\n<p>\n<a href=\"https:\/\/www.rugana.de\/de\/Mecklenburg-Vorpommern\/Insel.Ruegen\/D41\" target=\"_blank\" rel=\"nofollow noopener\"><img decoding=\"async\" src=\"https:\/\/www.europesays.com\/de\/wp-content\/uploads\/2025\/04\/FeWo-Dranske-2-1456.jpg\"\/><\/a><\/p>\n<p><\/p>\n<p><strong>M\u00fclheim an der Ruhr. <\/strong>Was vor 80 Jahren als Hoffnungsschimmer in einer vom Krieg gezeichneten Welt begann, ist heute ein lebendiger Ort der Begegnung, Entfaltung und Mitgestaltung: Der Pfadfinderstamm St. Joseph feiert Jubil\u00e4um \u2013 und l\u00e4dt herzlich zum Mitfeiern am Samstag, 6. September ab 14 Uhr rund um die Kirche St. Joseph in M\u00fclheim Hei\u00dfen ein.<\/p>\n<p><strong>Ein Tag voller Highlights<\/strong><\/p>\n<p>Von 14 bis 17 Uhr stehen die Gruppenkinder des Pfadfincderstamms im Mittelpunkt. Es erwarten Sie vielf\u00e4ltige Spielst\u00e4nde, eine H\u00fcpfburg und einige \u00dcberraschungen. Cafeteria und Getr\u00e4nkestand sorgen f\u00fcr das leibliche Wohl.<\/p>\n<p>Ab 17 Uhr wird eine Festmesse im pfadfinderischen Stil gefeiert. Begleitet wird dies von einer feierlichen Bannerabordnung befreundeter St\u00e4mme \u2013 ein sichtbares Zeichen der starken Gemeinschaft.<\/p>\n<p>Den weiteren Abend wird mit Live-Musik, gutem Essen und geselligem Beisammensein im Innenhof und Gemeindesaal gestaltet.<\/p>\n<p><strong>80 Jahre gelebte Pfadfinder\/innenarbeit<\/strong><\/p>\n<p>Der Stamm St. Joseph wurde als einer der ersten nach dem Zweiten Weltkrieg gegr\u00fcndet. Seitdem wird jungen Menschen ein Ort zur pers\u00f6nlichen Entwicklung, zur \u00dcbernahme von Verantwortung und zur aktiven Mitgestaltung der Gesellschaft geboten.<\/p>\n<p>\u201eDie Erziehung zur Mitverantwortung und zur Demokratie steht bei uns im Zentrum \u2013 und das seit acht Jahrzehnten\u201c, sagt die Stammesleitung. \u201cPfadfinden bedeutet f\u00fcr uns, Gemeinschaft zu erleben, Haltung zu zeigen und Zukunft zu gestalten.\u201d<\/p>\n<p>Feiern Sie diesen besonderen Tag voller Begegnungen, Erinnerungen und neuer Abenteuer mit \u2013 Ihre Teilnahme macht diesen Meilenstein erst komplett.<\/p>\n","protected":false},"excerpt":{"rendered":"(Foto: Pfadfinderstamm DPDG St. Joseph\/ M\u00fclheim Hei\u00dfen) Anzeigen M\u00fclheim an der Ruhr. Was vor 80 Jahren als Hoffnungsschimmer&hellip;\n","protected":false},"author":2,"featured_media":387325,"comment_status":"","ping_status":"","sticky":false,"template":"","format":"standard","meta":{"footnotes":""},"categories":[1834],"tags":[3364,29,3688,30,1209],"class_list":{"0":"post-387324","1":"post","2":"type-post","3":"status-publish","4":"format-standard","5":"has-post-thumbnail","7":"category-essen","8":"tag-de","9":"tag-deutschland","10":"tag-essen","11":"tag-germany","12":"tag-nordrhein-westfalen"},"share_on_mastodon":{"url":"https:\/\/pubeurope.com\/@de\/115126134881798815","error":""},"_links":{"self":[{"href":"https:\/\/www.europesays.com\/de\/wp-json\/wp\/v2\/posts\/387324","targetHints":{"allow":["GET"]}}],"collection":[{"href":"https:\/\/www.europesays.com\/de\/wp-json\/wp\/v2\/posts"}],"about":[{"href":"https:\/\/www.europesays.com\/de\/wp-json\/wp\/v2\/types\/post"}],"author":[{"embeddable":true,"href":"https:\/\/www.europesays.com\/de\/wp-json\/wp\/v2\/users\/2"}],"replies":[{"embeddable":true,"href":"https:\/\/www.europesays.com\/de\/wp-json\/wp\/v2\/comments?post=387324"}],"version-history":[{"count":0,"href":"https:\/\/www.europesays.com\/de\/wp-json\/wp\/v2\/posts\/387324\/revisions"}],"wp:featuredmedia":[{"embeddable":true,"href":"https:\/\/www.europesays.com\/de\/wp-json\/wp\/v2\/media\/387325"}],"wp:attachment":[{"href":"https:\/\/www.europesays.com\/de\/wp-json\/wp\/v2\/media?parent=387324"}],"wp:term":[{"taxonomy":"category","embeddable":true,"href":"https:\/\/www.europesays.com\/de\/wp-json\/wp\/v2\/categories?post=387324"},{"taxonomy":"post_tag","embeddable":true,"href":"https:\/\/www.europesays.com\/de\/wp-json\/wp\/v2\/tags?post=387324"}],"curies":[{"name":"wp","href":"https:\/\/api.w.org\/{rel}","templated":true}]}}