{"id":387506,"date":"2025-09-01T01:52:15","date_gmt":"2025-09-01T01:52:15","guid":{"rendered":"https:\/\/www.europesays.com\/de\/387506\/"},"modified":"2025-09-01T01:52:15","modified_gmt":"2025-09-01T01:52:15","slug":"badeunfaelle-in-hamburg-drei-menschen-gehen-innerhalb-von-77-minuten-unter-news","status":"publish","type":"post","link":"https:\/\/www.europesays.com\/de\/387506\/","title":{"rendered":"Badeunf\u00e4lle in Hamburg: Drei Menschen gehen innerhalb von 77 Minuten unter | News"},"content":{"rendered":"<p>Hamburg \u2013 <b>Temperaturen bis zu 24 Grad, noch einmal Sommerfeeling, das Wasser lockt \u2013 doch in Hamburg gingen bei der Feuerwehr gleich drei Notrufe in nur 77 Minuten ein. Zwei Schwimmer vermisst, eine Frau leblos. Drei Einsatzorte: Elbe, Alster und ein See.  <\/b><\/p>\n<p>Der erste Fall: 17.25 Uhr, Elbstrand vorm Edel-Stadtteil <a href=\"https:\/\/www.bild.de\/regional\/hamburg\/hamburg-regional\/home-16344102.bild.html\" class=\"text-link\" rel=\"nofollow noopener\" target=\"_blank\">Hamburg<\/a>-Blankenese. Dort sahen Spazierg\u00e4nger, wie eine Person, mutma\u00dflich ein Mann, von einer Plattform am Fu\u00df des Leuchtturms ins Wasser sprang.<\/p>\n<p>Er trieb in der starken Str\u00f6mung sofort ab. Mehrmals sahen Zeugen, wie er unterging und kurz wieder auftauchte. Dann verschwand der Schwimmer endg\u00fcltig. Zahlreiche Einsatzkr\u00e4fte r\u00fcckten mit Booten, Drohnen, Hubschrauber und Tauchern an, um zu suchen. Gegen 19.45 Uhr musste die Suche ergebnislos abgebrochen werden. Die Feuerwehr geht davon aus, dass der Mann ertrunken ist.<\/p>\n<p><img decoding=\"async\" width=\"992\" height=\"558\" alt=\"Rettungskr\u00e4fte haben am Strandweg an der Elbe geparkt\" src=\"https:\/\/www.europesays.com\/de\/wp-content\/uploads\/2025\/09\/b2bc0bf51bc3f152824d107148527a5b,c76726e\"   class=\"landscape\" loading=\"lazy\"\/><\/p>\n<p class=\"fig__caption__text\">Rettungskr\u00e4fte haben am Strandweg an der Elbe geparkt<\/p>\n<p>Foto: NEWS5<\/p>\n<p><img decoding=\"async\" width=\"992\" height=\"558\" alt=\"Ein Taucher, der mit einer Leine gesichert ist, sucht nach dem Ertrunkenen\" src=\"https:\/\/www.europesays.com\/de\/wp-content\/uploads\/2025\/09\/d82445a45010205a7f6ad402bf7a974c,3d377016\"   class=\"landscape\" loading=\"lazy\"\/><\/p>\n<p class=\"fig__caption__text\">Ein Taucher, der mit einer Leine gesichert ist, sucht in Hamburg-Blankenese nach dem Vermissten<\/p>\n<p>Foto: NEWS5<\/p>\n<p>Der zweite Fall: Nur wenige Minuten sp\u00e4ter, um 17.38 Uhr, werden <a href=\"https:\/\/www.bild.de\/regional\/aktuelles\/polizei\/polizeieinsatz-alle-infos-76681760.bild.html\" class=\"text-link\" rel=\"nofollow noopener\" target=\"_blank\">Polizei<\/a> und Feuerwehr erneut alarmiert. Es geht um einen Mann, der im See Hinterm Horn in Hamburg-Allerm\u00f6he gebadet hatte, fast am anderen Ende der Stadt im Osten. Der Schwimmer war pl\u00f6tzlich untergegangen, Freunde w\u00e4hlten den Notruf. Umgehend r\u00fcckten zahlreiche Einsatzkr\u00e4fte an. Taucher suchten den See bis in die Abendstunden gro\u00dffl\u00e4chig ab. Sie fanden den Schwimmer nicht. Auch hier gehen die Retter davon aus, dass sie nur noch die Leiche bergen k\u00f6nnen.<\/p>\n<p><img decoding=\"async\" width=\"992\" height=\"558\" alt=\"Zahlreiche Einsatzkr\u00e4fte suchten den Badesee in Allerm\u00f6he ab\" src=\"https:\/\/www.europesays.com\/de\/wp-content\/uploads\/2025\/09\/187ac9e1ad8a8bb64b98275d8eaf1320,3152c078\"   class=\"landscape\" loading=\"lazy\"\/><\/p>\n<p class=\"fig__caption__text\">Zahlreiche Einsatzkr\u00e4fte suchten den Badesee in Allerm\u00f6he ab<\/p>\n<p>Foto: Sebastian Peters\/NEWS5\/dpa<\/p>\n<p>Der dritte Fall: 18.42 Uhr auf der Au\u00dfenalster vor der Stra\u00dfe Sch\u00f6ne Aussicht. Eine Frau fiel von einem Boot ins Wasser und tauchte nicht mehr auf. Retter zum Unfallort, suchten in der N\u00e4he eines Anlegers im Wasser. Nach nur sieben Minuten fanden sie die Frau, begannen mit der Wiederbelebung. Vergebens \u2013 die Frau starb kurz darauf.<\/p>\n<p>Mehr zum Thema<\/p>\n<p>Ein Feuerwehrsprecher zu BILD: \u201eEine ausgesprochen ungew\u00f6hnliche H\u00e4ufung von derartigen Eins\u00e4tzen.\u201c Man habe extra eine zus\u00e4tzliche Taucherstaffel anfordern m\u00fcssen und Froschm\u00e4nner vom ersten Einsatzort an der Elbe an die Alster abgezogen.<\/p>\n","protected":false},"excerpt":{"rendered":"Hamburg \u2013 Temperaturen bis zu 24 Grad, noch einmal Sommerfeeling, das Wasser lockt \u2013 doch in Hamburg gingen&hellip;\n","protected":false},"author":2,"featured_media":387507,"comment_status":"","ping_status":"","sticky":false,"template":"","format":"standard","meta":{"footnotes":""},"categories":[1826],"tags":[17247,3373,42685,8191,67843,29,2265,19183,985,30,692,121,45],"class_list":{"0":"post-387506","1":"post","2":"type-post","3":"status-publish","4":"format-standard","5":"has-post-thumbnail","7":"category-hamburg","8":"tag-allermoehe","9":"tag-alster","10":"tag-badeunfall","11":"tag-blankenese","12":"tag-deutsche-lebens-rettungs-gesellschaft","13":"tag-deutschland","14":"tag-elbe","15":"tag-ertrinken","16":"tag-feuerwehr","17":"tag-germany","18":"tag-hamburg","19":"tag-polizei","20":"tag-texttospeech"},"share_on_mastodon":{"url":"https:\/\/pubeurope.com\/@de\/115126543694271075","error":""},"_links":{"self":[{"href":"https:\/\/www.europesays.com\/de\/wp-json\/wp\/v2\/posts\/387506","targetHints":{"allow":["GET"]}}],"collection":[{"href":"https:\/\/www.europesays.com\/de\/wp-json\/wp\/v2\/posts"}],"about":[{"href":"https:\/\/www.europesays.com\/de\/wp-json\/wp\/v2\/types\/post"}],"author":[{"embeddable":true,"href":"https:\/\/www.europesays.com\/de\/wp-json\/wp\/v2\/users\/2"}],"replies":[{"embeddable":true,"href":"https:\/\/www.europesays.com\/de\/wp-json\/wp\/v2\/comments?post=387506"}],"version-history":[{"count":0,"href":"https:\/\/www.europesays.com\/de\/wp-json\/wp\/v2\/posts\/387506\/revisions"}],"wp:featuredmedia":[{"embeddable":true,"href":"https:\/\/www.europesays.com\/de\/wp-json\/wp\/v2\/media\/387507"}],"wp:attachment":[{"href":"https:\/\/www.europesays.com\/de\/wp-json\/wp\/v2\/media?parent=387506"}],"wp:term":[{"taxonomy":"category","embeddable":true,"href":"https:\/\/www.europesays.com\/de\/wp-json\/wp\/v2\/categories?post=387506"},{"taxonomy":"post_tag","embeddable":true,"href":"https:\/\/www.europesays.com\/de\/wp-json\/wp\/v2\/tags?post=387506"}],"curies":[{"name":"wp","href":"https:\/\/api.w.org\/{rel}","templated":true}]}}