{"id":387815,"date":"2025-09-01T04:53:14","date_gmt":"2025-09-01T04:53:14","guid":{"rendered":"https:\/\/www.europesays.com\/de\/387815\/"},"modified":"2025-09-01T04:53:14","modified_gmt":"2025-09-01T04:53:14","slug":"berlin-brandenburg-jeder-fuenfte-todesfall-bei-maennern-in-berlin-durch-rauchen","status":"publish","type":"post","link":"https:\/\/www.europesays.com\/de\/387815\/","title":{"rendered":"Berlin &#038; Brandenburg: Jeder f\u00fcnfte Todesfall bei M\u00e4nnern in Berlin durch Rauchen"},"content":{"rendered":"<p>                    Berlin &amp; Brandenburg<br \/>\n                Jeder f\u00fcnfte Todesfall bei M\u00e4nnern in Berlin durch Rauchen<\/p>\n<p>\t\t\t\t              01.09.2025, 04:03 Uhr<\/p>\n<p><strong>Zehntausende Menschen sterben j\u00e4hrlich an den Folgen des Rauchens. In Berlin liegt der Anteil unter allen Todesf\u00e4llen besonders hoch.<\/strong><\/p>\n<p>Berlin (dpa\/bb) &#8211; In fast keinem anderen Bundesland ist der Anteil an durch Rauchen bedingten Todesf\u00e4llen so hoch wie in Berlin. Im Jahr 2023 stand bei M\u00e4nnern fast jeder f\u00fcnfte Todesfall (rund 18 Prozent) im Zusammenhang mit Rauchen, bei Frauen rund jeder achte (13 Prozent), wie aus Daten des neuen Tabakatlas des Deutschen Krebsforschungszentrums (DKFZ) hervorgeht.\u00a0<\/p>\n<p>Bundesweit belegt Berlin den Angaben zufolge damit den zweiten Platz. Bei den M\u00e4nnern liegt der Anteil nur in Mecklenburg-Vorpommern (19 Prozent) h\u00f6her, bei Frauen nur in Bremen (rund 13 Prozent).<\/p>\n<p>Wie die Lage in Brandenburg ist<\/p>\n<p>In Brandenburg sind die Unterschiede zwischen M\u00e4nnern und Frauen deutlich gr\u00f6\u00dfer als in Berlin. Bei M\u00e4nnern waren rund 17 Prozent der Todesf\u00e4lle auf das Rauchen zur\u00fcckzuf\u00fchren, bei Frauen rund 9 Prozent.\u00a0<\/p>\n<p>Im Jahr 2023 starben deutschlandweit 131.000 Menschen an gesundheitlichen Folgen des Rauchens, wie es im Tabakatlas hei\u00dft. Das entspreche rund jedem siebten Todesfall. Den gr\u00f6\u00dften Anteil machten Krebserkrankungen (42 Prozent) aus. Etwa ein Drittel entfalle auf Herz-Kreislauf-Erkrankungen, ein Viertel auf Atemwegserkrankungen.\u00a0<\/p>\n<p>Mehr als jede vierte erwachsene Person in Deutschland raucht. In allen Altersgruppen ist der Anteil Rauchender laut DKFZ bei M\u00e4nnern gr\u00f6\u00dfer als bei Frauen.<\/p>\n","protected":false},"excerpt":{"rendered":"Berlin &amp; Brandenburg Jeder f\u00fcnfte Todesfall bei M\u00e4nnern in Berlin durch Rauchen 01.09.2025, 04:03 Uhr Zehntausende Menschen sterben&hellip;\n","protected":false},"author":2,"featured_media":387816,"comment_status":"","ping_status":"","sticky":false,"template":"","format":"standard","meta":{"footnotes":"","_share_on_mastodon":"0"},"categories":[1816],"tags":[1960,1958,1959,1957,296,1956,1890,29,30,72928,28059,14343,3533],"class_list":["post-387815","post","type-post","status-publish","format-standard","has-post-thumbnail","category-brandenburg","tag-aktuelle-nachrichten-aus-berlin-und-brandenburg","tag-aktuelle-nachrichten-aus-brandenburg","tag-aktuelle-news-aus-berlin-und-brandenburg","tag-aktuelle-news-aus-brandenburg","tag-berlin","tag-berlin-und-brandenburg","tag-brandenburg","tag-deutschland","tag-germany","tag-jeder","tag-maennern","tag-rauchen","tag-todesfall"],"share_on_mastodon":{"url":"https:\/\/pubeurope.com\/@de\/115127255268501671","error":""},"_links":{"self":[{"href":"https:\/\/www.europesays.com\/de\/wp-json\/wp\/v2\/posts\/387815","targetHints":{"allow":["GET"]}}],"collection":[{"href":"https:\/\/www.europesays.com\/de\/wp-json\/wp\/v2\/posts"}],"about":[{"href":"https:\/\/www.europesays.com\/de\/wp-json\/wp\/v2\/types\/post"}],"author":[{"embeddable":true,"href":"https:\/\/www.europesays.com\/de\/wp-json\/wp\/v2\/users\/2"}],"replies":[{"embeddable":true,"href":"https:\/\/www.europesays.com\/de\/wp-json\/wp\/v2\/comments?post=387815"}],"version-history":[{"count":0,"href":"https:\/\/www.europesays.com\/de\/wp-json\/wp\/v2\/posts\/387815\/revisions"}],"wp:featuredmedia":[{"embeddable":true,"href":"https:\/\/www.europesays.com\/de\/wp-json\/wp\/v2\/media\/387816"}],"wp:attachment":[{"href":"https:\/\/www.europesays.com\/de\/wp-json\/wp\/v2\/media?parent=387815"}],"wp:term":[{"taxonomy":"category","embeddable":true,"href":"https:\/\/www.europesays.com\/de\/wp-json\/wp\/v2\/categories?post=387815"},{"taxonomy":"post_tag","embeddable":true,"href":"https:\/\/www.europesays.com\/de\/wp-json\/wp\/v2\/tags?post=387815"}],"curies":[{"name":"wp","href":"https:\/\/api.w.org\/{rel}","templated":true}]}}